{"id":9999,"date":"2017-10-19T12:02:54","date_gmt":"2017-10-19T10:02:54","guid":{"rendered":"http:\/\/vereinigung-professioneller-kinderfotografen.de\/blog2\/?p=9999"},"modified":"2017-10-18T12:34:07","modified_gmt":"2017-10-18T10:34:07","slug":"familienfotografie-im-buesenbachtal-in-der-lueneburger-heide","status":"publish","type":"post","link":"https:\/\/vereinigung-professioneller-kinderfotografen.de\/blog2\/familienfotografie-im-buesenbachtal-in-der-lueneburger-heide\/","title":{"rendered":"Familienfotografie im B\u00fcsenbachtal in der L\u00fcneburger Heide"},"content":{"rendered":"<p style=\"text-align: center\">Auch mit dieser tollen Familie habe ich mich im sch\u00f6nen B\u00fcsenbachtal in der L\u00fcneburger Heide getroffen.<\/p>\n<p style=\"text-align: center\">Besonders gerne mochte der kleine Mann die Holifarben, aber auch die Eltern f\u00fchlten sich sichtlich wohl.<\/p>\n<p style=\"text-align: center\">Wir hatten eine menge Spass, wie man auf den Bildern sehen kann.<\/p>\n<p style=\"text-align: center\">Drau\u00dfen in der Natur enstehen mit Familien immer so sch\u00f6ne nat\u00fcrliche Momente.<\/p>\n<p>&nbsp;<\/p>\n<p><img decoding=\"async\" loading=\"lazy\" class=\"aligncenter size-full wp-image-10000\" src=\"http:\/\/vereinigung-professioneller-kinderfotografen.de\/blog2\/wp-content\/uploads\/2017\/10\/18-9999-post\/HappyFamilyDay-1006.jpg\" alt=\"\" width=\"1000\" height=\"667\" srcset=\"https:\/\/vereinigung-professioneller-kinderfotografen.de\/blog2\/wp-content\/uploads\/2017\/10\/18-9999-post\/HappyFamilyDay-1006.jpg 1000w, https:\/\/vereinigung-professioneller-kinderfotografen.de\/blog2\/wp-content\/uploads\/2017\/10\/18-9999-post\/HappyFamilyDay-1006-300x200.jpg 300w, https:\/\/vereinigung-professioneller-kinderfotografen.de\/blog2\/wp-content\/uploads\/2017\/10\/18-9999-post\/HappyFamilyDay-1006-768x512.jpg 768w\" sizes=\"(max-width: 1000px) 100vw, 1000px\" \/> <img decoding=\"async\" loading=\"lazy\" class=\"aligncenter size-full wp-image-10001\" src=\"http:\/\/vereinigung-professioneller-kinderfotografen.de\/blog2\/wp-content\/uploads\/2017\/10\/18-9999-post\/HappyFamilyDay-1011.jpg\" alt=\"\" width=\"667\" height=\"1000\" srcset=\"https:\/\/vereinigung-professioneller-kinderfotografen.de\/blog2\/wp-content\/uploads\/2017\/10\/18-9999-post\/HappyFamilyDay-1011.jpg 667w, https:\/\/vereinigung-professioneller-kinderfotografen.de\/blog2\/wp-content\/uploads\/2017\/10\/18-9999-post\/HappyFamilyDay-1011-200x300.jpg 200w\" sizes=\"(max-width: 667px) 100vw, 667px\" \/> <img decoding=\"async\" loading=\"lazy\" class=\"aligncenter size-full wp-image-10002\" src=\"http:\/\/vereinigung-professioneller-kinderfotografen.de\/blog2\/wp-content\/uploads\/2017\/10\/18-9999-post\/HappyFamilyDay-1014.jpg\" alt=\"\" width=\"667\" height=\"1000\" srcset=\"https:\/\/vereinigung-professioneller-kinderfotografen.de\/blog2\/wp-content\/uploads\/2017\/10\/18-9999-post\/HappyFamilyDay-1014.jpg 667w, https:\/\/vereinigung-professioneller-kinderfotografen.de\/blog2\/wp-content\/uploads\/2017\/10\/18-9999-post\/HappyFamilyDay-1014-200x300.jpg 200w\" sizes=\"(max-width: 667px) 100vw, 667px\" \/> <img decoding=\"async\" loading=\"lazy\" class=\"aligncenter size-full wp-image-10003\" src=\"http:\/\/vereinigung-professioneller-kinderfotografen.de\/blog2\/wp-content\/uploads\/2017\/10\/18-9999-post\/HappyFamilyDay-1022.jpg\" alt=\"\" width=\"1000\" height=\"667\" srcset=\"https:\/\/vereinigung-professioneller-kinderfotografen.de\/blog2\/wp-content\/uploads\/2017\/10\/18-9999-post\/HappyFamilyDay-1022.jpg 1000w, https:\/\/vereinigung-professioneller-kinderfotografen.de\/blog2\/wp-content\/uploads\/2017\/10\/18-9999-post\/HappyFamilyDay-1022-300x200.jpg 300w, https:\/\/vereinigung-professioneller-kinderfotografen.de\/blog2\/wp-content\/uploads\/2017\/10\/18-9999-post\/HappyFamilyDay-1022-768x512.jpg 768w\" sizes=\"(max-width: 1000px) 100vw, 1000px\" \/> <img decoding=\"async\" loading=\"lazy\" class=\"aligncenter size-full wp-image-10004\" src=\"http:\/\/vereinigung-professioneller-kinderfotografen.de\/blog2\/wp-content\/uploads\/2017\/10\/18-9999-post\/HappyFamilyDay-1030.jpg\" alt=\"\" width=\"667\" height=\"1000\" srcset=\"https:\/\/vereinigung-professioneller-kinderfotografen.de\/blog2\/wp-content\/uploads\/2017\/10\/18-9999-post\/HappyFamilyDay-1030.jpg 667w, https:\/\/vereinigung-professioneller-kinderfotografen.de\/blog2\/wp-content\/uploads\/2017\/10\/18-9999-post\/HappyFamilyDay-1030-200x300.jpg 200w\" sizes=\"(max-width: 667px) 100vw, 667px\" \/> <img decoding=\"async\" loading=\"lazy\" class=\"aligncenter size-full wp-image-10005\" src=\"http:\/\/vereinigung-professioneller-kinderfotografen.de\/blog2\/wp-content\/uploads\/2017\/10\/18-9999-post\/HappyFamilyDay-1033.jpg\" alt=\"\" width=\"1000\" height=\"668\" srcset=\"https:\/\/vereinigung-professioneller-kinderfotografen.de\/blog2\/wp-content\/uploads\/2017\/10\/18-9999-post\/HappyFamilyDay-1033.jpg 1000w, https:\/\/vereinigung-professioneller-kinderfotografen.de\/blog2\/wp-content\/uploads\/2017\/10\/18-9999-post\/HappyFamilyDay-1033-300x200.jpg 300w, https:\/\/vereinigung-professioneller-kinderfotografen.de\/blog2\/wp-content\/uploads\/2017\/10\/18-9999-post\/HappyFamilyDay-1033-768x513.jpg 768w\" sizes=\"(max-width: 1000px) 100vw, 1000px\" \/> <img decoding=\"async\" loading=\"lazy\" class=\"aligncenter size-full wp-image-10006\" src=\"http:\/\/vereinigung-professioneller-kinderfotografen.de\/blog2\/wp-content\/uploads\/2017\/10\/18-9999-post\/HappyFamilyDay-1035.jpg\" alt=\"\" width=\"1000\" height=\"668\" srcset=\"https:\/\/vereinigung-professioneller-kinderfotografen.de\/blog2\/wp-content\/uploads\/2017\/10\/18-9999-post\/HappyFamilyDay-1035.jpg 1000w, https:\/\/vereinigung-professioneller-kinderfotografen.de\/blog2\/wp-content\/uploads\/2017\/10\/18-9999-post\/HappyFamilyDay-1035-300x200.jpg 300w, https:\/\/vereinigung-professioneller-kinderfotografen.de\/blog2\/wp-content\/uploads\/2017\/10\/18-9999-post\/HappyFamilyDay-1035-768x513.jpg 768w\" sizes=\"(max-width: 1000px) 100vw, 1000px\" \/> <img decoding=\"async\" loading=\"lazy\" class=\"aligncenter size-full wp-image-10007\" src=\"http:\/\/vereinigung-professioneller-kinderfotografen.de\/blog2\/wp-content\/uploads\/2017\/10\/18-9999-post\/HappyFamilyDay-1040.jpg\" alt=\"\" width=\"1000\" height=\"667\" srcset=\"https:\/\/vereinigung-professioneller-kinderfotografen.de\/blog2\/wp-content\/uploads\/2017\/10\/18-9999-post\/HappyFamilyDay-1040.jpg 1000w, https:\/\/vereinigung-professioneller-kinderfotografen.de\/blog2\/wp-content\/uploads\/2017\/10\/18-9999-post\/HappyFamilyDay-1040-300x200.jpg 300w, https:\/\/vereinigung-professioneller-kinderfotografen.de\/blog2\/wp-content\/uploads\/2017\/10\/18-9999-post\/HappyFamilyDay-1040-768x512.jpg 768w\" sizes=\"(max-width: 1000px) 100vw, 1000px\" \/> <img decoding=\"async\" loading=\"lazy\" class=\"aligncenter size-full wp-image-10008\" src=\"http:\/\/vereinigung-professioneller-kinderfotografen.de\/blog2\/wp-content\/uploads\/2017\/10\/18-9999-post\/HappyFamilyDay-1047.jpg\" alt=\"\" width=\"1000\" height=\"667\" srcset=\"https:\/\/vereinigung-professioneller-kinderfotografen.de\/blog2\/wp-content\/uploads\/2017\/10\/18-9999-post\/HappyFamilyDay-1047.jpg 1000w, https:\/\/vereinigung-professioneller-kinderfotografen.de\/blog2\/wp-content\/uploads\/2017\/10\/18-9999-post\/HappyFamilyDay-1047-300x200.jpg 300w, https:\/\/vereinigung-professioneller-kinderfotografen.de\/blog2\/wp-content\/uploads\/2017\/10\/18-9999-post\/HappyFamilyDay-1047-768x512.jpg 768w\" sizes=\"(max-width: 1000px) 100vw, 1000px\" \/> <img decoding=\"async\" loading=\"lazy\" class=\"aligncenter size-full wp-image-10009\" src=\"http:\/\/vereinigung-professioneller-kinderfotografen.de\/blog2\/wp-content\/uploads\/2017\/10\/18-9999-post\/HappyFamilyDay-1062.jpg\" alt=\"\" width=\"1000\" height=\"668\" srcset=\"https:\/\/vereinigung-professioneller-kinderfotografen.de\/blog2\/wp-content\/uploads\/2017\/10\/18-9999-post\/HappyFamilyDay-1062.jpg 1000w, https:\/\/vereinigung-professioneller-kinderfotografen.de\/blog2\/wp-content\/uploads\/2017\/10\/18-9999-post\/HappyFamilyDay-1062-300x200.jpg 300w, https:\/\/vereinigung-professioneller-kinderfotografen.de\/blog2\/wp-content\/uploads\/2017\/10\/18-9999-post\/HappyFamilyDay-1062-768x513.jpg 768w\" sizes=\"(max-width: 1000px) 100vw, 1000px\" \/> <img decoding=\"async\" loading=\"lazy\" class=\"aligncenter size-full wp-image-10010\" src=\"http:\/\/vereinigung-professioneller-kinderfotografen.de\/blog2\/wp-content\/uploads\/2017\/10\/18-9999-post\/HappyFamilyDay-1066.jpg\" alt=\"\" width=\"667\" height=\"1000\" srcset=\"https:\/\/vereinigung-professioneller-kinderfotografen.de\/blog2\/wp-content\/uploads\/2017\/10\/18-9999-post\/HappyFamilyDay-1066.jpg 667w, https:\/\/vereinigung-professioneller-kinderfotografen.de\/blog2\/wp-content\/uploads\/2017\/10\/18-9999-post\/HappyFamilyDay-1066-200x300.jpg 200w\" sizes=\"(max-width: 667px) 100vw, 667px\" \/> <img decoding=\"async\" loading=\"lazy\" class=\"aligncenter size-full wp-image-10011\" src=\"http:\/\/vereinigung-professioneller-kinderfotografen.de\/blog2\/wp-content\/uploads\/2017\/10\/18-9999-post\/HappyFamilyDay-1068.jpg\" alt=\"\" width=\"668\" height=\"1000\" srcset=\"https:\/\/vereinigung-professioneller-kinderfotografen.de\/blog2\/wp-content\/uploads\/2017\/10\/18-9999-post\/HappyFamilyDay-1068.jpg 668w, https:\/\/vereinigung-professioneller-kinderfotografen.de\/blog2\/wp-content\/uploads\/2017\/10\/18-9999-post\/HappyFamilyDay-1068-200x300.jpg 200w\" sizes=\"(max-width: 668px) 100vw, 668px\" \/> <img decoding=\"async\" loading=\"lazy\" class=\"aligncenter size-full wp-image-10012\" src=\"http:\/\/vereinigung-professioneller-kinderfotografen.de\/blog2\/wp-content\/uploads\/2017\/10\/18-9999-post\/HappyFamilyDay-1074.jpg\" alt=\"\" width=\"1000\" height=\"668\" srcset=\"https:\/\/vereinigung-professioneller-kinderfotografen.de\/blog2\/wp-content\/uploads\/2017\/10\/18-9999-post\/HappyFamilyDay-1074.jpg 1000w, https:\/\/vereinigung-professioneller-kinderfotografen.de\/blog2\/wp-content\/uploads\/2017\/10\/18-9999-post\/HappyFamilyDay-1074-300x200.jpg 300w, https:\/\/vereinigung-professioneller-kinderfotografen.de\/blog2\/wp-content\/uploads\/2017\/10\/18-9999-post\/HappyFamilyDay-1074-768x513.jpg 768w\" sizes=\"(max-width: 1000px) 100vw, 1000px\" \/> <img decoding=\"async\" loading=\"lazy\" class=\"aligncenter size-full wp-image-10013\" src=\"http:\/\/vereinigung-professioneller-kinderfotografen.de\/blog2\/wp-content\/uploads\/2017\/10\/18-9999-post\/HappyFamilyDay-1086.jpg\" alt=\"\" width=\"667\" height=\"1000\" srcset=\"https:\/\/vereinigung-professioneller-kinderfotografen.de\/blog2\/wp-content\/uploads\/2017\/10\/18-9999-post\/HappyFamilyDay-1086.jpg 667w, https:\/\/vereinigung-professioneller-kinderfotografen.de\/blog2\/wp-content\/uploads\/2017\/10\/18-9999-post\/HappyFamilyDay-1086-200x300.jpg 200w\" sizes=\"(max-width: 667px) 100vw, 667px\" \/> <img decoding=\"async\" loading=\"lazy\" class=\"aligncenter size-full wp-image-10014\" src=\"http:\/\/vereinigung-professioneller-kinderfotografen.de\/blog2\/wp-content\/uploads\/2017\/10\/18-9999-post\/HappyFamilyDay-1087.jpg\" alt=\"\" width=\"1000\" height=\"668\" srcset=\"https:\/\/vereinigung-professioneller-kinderfotografen.de\/blog2\/wp-content\/uploads\/2017\/10\/18-9999-post\/HappyFamilyDay-1087.jpg 1000w, https:\/\/vereinigung-professioneller-kinderfotografen.de\/blog2\/wp-content\/uploads\/2017\/10\/18-9999-post\/HappyFamilyDay-1087-300x200.jpg 300w, https:\/\/vereinigung-professioneller-kinderfotografen.de\/blog2\/wp-content\/uploads\/2017\/10\/18-9999-post\/HappyFamilyDay-1087-768x513.jpg 768w\" sizes=\"(max-width: 1000px) 100vw, 1000px\" \/> <img decoding=\"async\" loading=\"lazy\" class=\"aligncenter size-full wp-image-10015\" src=\"http:\/\/vereinigung-professioneller-kinderfotografen.de\/blog2\/wp-content\/uploads\/2017\/10\/18-9999-post\/HappyFamilyDay-1092.jpg\" alt=\"\" width=\"1000\" height=\"668\" srcset=\"https:\/\/vereinigung-professioneller-kinderfotografen.de\/blog2\/wp-content\/uploads\/2017\/10\/18-9999-post\/HappyFamilyDay-1092.jpg 1000w, https:\/\/vereinigung-professioneller-kinderfotografen.de\/blog2\/wp-content\/uploads\/2017\/10\/18-9999-post\/HappyFamilyDay-1092-300x200.jpg 300w, https:\/\/vereinigung-professioneller-kinderfotografen.de\/blog2\/wp-content\/uploads\/2017\/10\/18-9999-post\/HappyFamilyDay-1092-768x513.jpg 768w\" sizes=\"(max-width: 1000px) 100vw, 1000px\" \/> <img decoding=\"async\" loading=\"lazy\" class=\"aligncenter size-full wp-image-10016\" src=\"http:\/\/vereinigung-professioneller-kinderfotografen.de\/blog2\/wp-content\/uploads\/2017\/10\/18-9999-post\/HappyFamilyDay-1093.jpg\" alt=\"\" width=\"1000\" height=\"668\" srcset=\"https:\/\/vereinigung-professioneller-kinderfotografen.de\/blog2\/wp-content\/uploads\/2017\/10\/18-9999-post\/HappyFamilyDay-1093.jpg 1000w, https:\/\/vereinigung-professioneller-kinderfotografen.de\/blog2\/wp-content\/uploads\/2017\/10\/18-9999-post\/HappyFamilyDay-1093-300x200.jpg 300w, https:\/\/vereinigung-professioneller-kinderfotografen.de\/blog2\/wp-content\/uploads\/2017\/10\/18-9999-post\/HappyFamilyDay-1093-768x513.jpg 768w\" sizes=\"(max-width: 1000px) 100vw, 1000px\" \/> <img decoding=\"async\" loading=\"lazy\" class=\"aligncenter size-full wp-image-10017\" src=\"http:\/\/vereinigung-professioneller-kinderfotografen.de\/blog2\/wp-content\/uploads\/2017\/10\/18-9999-post\/HappyFamilyDay-1096.jpg\" alt=\"\" width=\"1000\" height=\"668\" srcset=\"https:\/\/vereinigung-professioneller-kinderfotografen.de\/blog2\/wp-content\/uploads\/2017\/10\/18-9999-post\/HappyFamilyDay-1096.jpg 1000w, https:\/\/vereinigung-professioneller-kinderfotografen.de\/blog2\/wp-content\/uploads\/2017\/10\/18-9999-post\/HappyFamilyDay-1096-300x200.jpg 300w, https:\/\/vereinigung-professioneller-kinderfotografen.de\/blog2\/wp-content\/uploads\/2017\/10\/18-9999-post\/HappyFamilyDay-1096-768x513.jpg 768w\" sizes=\"(max-width: 1000px) 100vw, 1000px\" \/> <img decoding=\"async\" loading=\"lazy\" class=\"aligncenter size-full wp-image-10018\" src=\"http:\/\/vereinigung-professioneller-kinderfotografen.de\/blog2\/wp-content\/uploads\/2017\/10\/18-9999-post\/HappyFamilyDay-1100.jpg\" alt=\"\" width=\"668\" height=\"1000\" srcset=\"https:\/\/vereinigung-professioneller-kinderfotografen.de\/blog2\/wp-content\/uploads\/2017\/10\/18-9999-post\/HappyFamilyDay-1100.jpg 668w, https:\/\/vereinigung-professioneller-kinderfotografen.de\/blog2\/wp-content\/uploads\/2017\/10\/18-9999-post\/HappyFamilyDay-1100-200x300.jpg 200w\" sizes=\"(max-width: 668px) 100vw, 668px\" \/> <img decoding=\"async\" loading=\"lazy\" class=\"aligncenter size-full wp-image-10019\" src=\"http:\/\/vereinigung-professioneller-kinderfotografen.de\/blog2\/wp-content\/uploads\/2017\/10\/18-9999-post\/HappyFamilyDay-1104.jpg\" alt=\"\" width=\"668\" height=\"1000\" srcset=\"https:\/\/vereinigung-professioneller-kinderfotografen.de\/blog2\/wp-content\/uploads\/2017\/10\/18-9999-post\/HappyFamilyDay-1104.jpg 668w, https:\/\/vereinigung-professioneller-kinderfotografen.de\/blog2\/wp-content\/uploads\/2017\/10\/18-9999-post\/HappyFamilyDay-1104-200x300.jpg 200w\" sizes=\"(max-width: 668px) 100vw, 668px\" \/> <img decoding=\"async\" loading=\"lazy\" class=\"aligncenter size-full wp-image-10020\" src=\"http:\/\/vereinigung-professioneller-kinderfotografen.de\/blog2\/wp-content\/uploads\/2017\/10\/18-9999-post\/HappyFamilyDay-1105.jpg\" alt=\"\" width=\"668\" height=\"1000\" srcset=\"https:\/\/vereinigung-professioneller-kinderfotografen.de\/blog2\/wp-content\/uploads\/2017\/10\/18-9999-post\/HappyFamilyDay-1105.jpg 668w, https:\/\/vereinigung-professioneller-kinderfotografen.de\/blog2\/wp-content\/uploads\/2017\/10\/18-9999-post\/HappyFamilyDay-1105-200x300.jpg 200w\" sizes=\"(max-width: 668px) 100vw, 668px\" \/> <img decoding=\"async\" loading=\"lazy\" class=\"aligncenter size-full wp-image-10021\" src=\"http:\/\/vereinigung-professioneller-kinderfotografen.de\/blog2\/wp-content\/uploads\/2017\/10\/18-9999-post\/HappyFamilyDay-1123.jpg\" alt=\"\" width=\"1000\" height=\"667\" srcset=\"https:\/\/vereinigung-professioneller-kinderfotografen.de\/blog2\/wp-content\/uploads\/2017\/10\/18-9999-post\/HappyFamilyDay-1123.jpg 1000w, https:\/\/vereinigung-professioneller-kinderfotografen.de\/blog2\/wp-content\/uploads\/2017\/10\/18-9999-post\/HappyFamilyDay-1123-300x200.jpg 300w, https:\/\/vereinigung-professioneller-kinderfotografen.de\/blog2\/wp-content\/uploads\/2017\/10\/18-9999-post\/HappyFamilyDay-1123-768x512.jpg 768w\" sizes=\"(max-width: 1000px) 100vw, 1000px\" \/><\/p>\n","protected":false},"excerpt":{"rendered":"<p>Auch mit dieser tollen Familie habe ich mich im sch\u00f6nen B\u00fcsenbachtal in der L\u00fcneburger Heide getroffen. Besonders gerne mochte der kleine Mann die Holifarben, aber auch die Eltern f\u00fchlten sich sichtlich wohl. Wir hatten eine menge Spass, wie man auf den Bildern sehen kann. Drau\u00dfen in der Natur enstehen mit Familien immer so sch\u00f6ne nat\u00fcrliche...<\/p>\n","protected":false},"author":2,"featured_media":0,"comment_status":"closed","ping_status":"closed","sticky":false,"template":"","format":"standard","meta":{"pp_embeds":""},"categories":[176],"tags":[790,45,1149,1150,662],"acf":[],"_links":{"self":[{"href":"https:\/\/vereinigung-professioneller-kinderfotografen.de\/blog2\/wp-json\/wp\/v2\/posts\/9999"}],"collection":[{"href":"https:\/\/vereinigung-professioneller-kinderfotografen.de\/blog2\/wp-json\/wp\/v2\/posts"}],"about":[{"href":"https:\/\/vereinigung-professioneller-kinderfotografen.de\/blog2\/wp-json\/wp\/v2\/types\/post"}],"author":[{"embeddable":true,"href":"https:\/\/vereinigung-professioneller-kinderfotografen.de\/blog2\/wp-json\/wp\/v2\/users\/2"}],"replies":[{"embeddable":true,"href":"https:\/\/vereinigung-professioneller-kinderfotografen.de\/blog2\/wp-json\/wp\/v2\/comments?post=9999"}],"version-history":[{"count":1,"href":"https:\/\/vereinigung-professioneller-kinderfotografen.de\/blog2\/wp-json\/wp\/v2\/posts\/9999\/revisions"}],"predecessor-version":[{"id":10022,"href":"https:\/\/vereinigung-professioneller-kinderfotografen.de\/blog2\/wp-json\/wp\/v2\/posts\/9999\/revisions\/10022"}],"wp:attachment":[{"href":"https:\/\/vereinigung-professioneller-kinderfotografen.de\/blog2\/wp-json\/wp\/v2\/media?parent=9999"}],"wp:term":[{"taxonomy":"category","embeddable":true,"href":"https:\/\/vereinigung-professioneller-kinderfotografen.de\/blog2\/wp-json\/wp\/v2\/categories?post=9999"},{"taxonomy":"post_tag","embeddable":true,"href":"https:\/\/vereinigung-professioneller-kinderfotografen.de\/blog2\/wp-json\/wp\/v2\/tags?post=9999"}],"curies":[{"name":"wp","href":"https:\/\/api.w.org\/{rel}","templated":true}]}}