{"id":9963,"date":"2017-12-16T11:24:00","date_gmt":"2017-12-16T09:24:00","guid":{"rendered":"http:\/\/vereinigung-professioneller-kinderfotografen.de\/blog2\/?p=9963"},"modified":"2017-10-13T11:24:15","modified_gmt":"2017-10-13T09:24:15","slug":"familien-und-kinderfotografie-hamburg-nicole-bartels-fotografie","status":"publish","type":"post","link":"https:\/\/vereinigung-professioneller-kinderfotografen.de\/blog2\/familien-und-kinderfotografie-hamburg-nicole-bartels-fotografie\/","title":{"rendered":"Familien- und Kinderfotografie Hamburg | Nicole Bartels Fotografie"},"content":{"rendered":"<p>Aus Hamburg kommt heute noch mal der Sommer zur\u00fcck auf unseren Blog. Nicole Bartels zeigt euch die Fotos aus einer Familiensession, die im Sp\u00e4tsommer entstanden zur Heidebl\u00fcte entstanden sind. Jetzt w\u00fcnschen wir euch ganz viel Spa\u00df mit diesen sch\u00f6nen Outdoorfotos.<\/p>\n<p><img decoding=\"async\" loading=\"lazy\" class=\"aligncenter size-full wp-image-9964\" src=\"http:\/\/vereinigung-professioneller-kinderfotografen.de\/blog2\/wp-content\/uploads\/2017\/10\/13-9963-post\/0001.jpg\" alt=\"\" width=\"900\" height=\"599\" srcset=\"https:\/\/vereinigung-professioneller-kinderfotografen.de\/blog2\/wp-content\/uploads\/2017\/10\/13-9963-post\/0001.jpg 900w, https:\/\/vereinigung-professioneller-kinderfotografen.de\/blog2\/wp-content\/uploads\/2017\/10\/13-9963-post\/0001-300x200.jpg 300w, https:\/\/vereinigung-professioneller-kinderfotografen.de\/blog2\/wp-content\/uploads\/2017\/10\/13-9963-post\/0001-768x511.jpg 768w\" sizes=\"(max-width: 900px) 100vw, 900px\" \/><img decoding=\"async\" loading=\"lazy\" class=\"aligncenter size-full wp-image-9965\" src=\"http:\/\/vereinigung-professioneller-kinderfotografen.de\/blog2\/wp-content\/uploads\/2017\/10\/13-9963-post\/0002.jpg\" alt=\"\" width=\"900\" height=\"599\" srcset=\"https:\/\/vereinigung-professioneller-kinderfotografen.de\/blog2\/wp-content\/uploads\/2017\/10\/13-9963-post\/0002.jpg 900w, https:\/\/vereinigung-professioneller-kinderfotografen.de\/blog2\/wp-content\/uploads\/2017\/10\/13-9963-post\/0002-300x200.jpg 300w, https:\/\/vereinigung-professioneller-kinderfotografen.de\/blog2\/wp-content\/uploads\/2017\/10\/13-9963-post\/0002-768x511.jpg 768w\" sizes=\"(max-width: 900px) 100vw, 900px\" \/><img decoding=\"async\" loading=\"lazy\" class=\"aligncenter size-full wp-image-9966\" src=\"http:\/\/vereinigung-professioneller-kinderfotografen.de\/blog2\/wp-content\/uploads\/2017\/10\/13-9963-post\/0003.jpg\" alt=\"\" width=\"900\" height=\"599\" srcset=\"https:\/\/vereinigung-professioneller-kinderfotografen.de\/blog2\/wp-content\/uploads\/2017\/10\/13-9963-post\/0003.jpg 900w, https:\/\/vereinigung-professioneller-kinderfotografen.de\/blog2\/wp-content\/uploads\/2017\/10\/13-9963-post\/0003-300x200.jpg 300w, https:\/\/vereinigung-professioneller-kinderfotografen.de\/blog2\/wp-content\/uploads\/2017\/10\/13-9963-post\/0003-768x511.jpg 768w\" sizes=\"(max-width: 900px) 100vw, 900px\" \/><img decoding=\"async\" loading=\"lazy\" class=\"aligncenter size-full wp-image-9967\" src=\"http:\/\/vereinigung-professioneller-kinderfotografen.de\/blog2\/wp-content\/uploads\/2017\/10\/13-9963-post\/0004.jpg\" alt=\"\" width=\"900\" height=\"599\" srcset=\"https:\/\/vereinigung-professioneller-kinderfotografen.de\/blog2\/wp-content\/uploads\/2017\/10\/13-9963-post\/0004.jpg 900w, https:\/\/vereinigung-professioneller-kinderfotografen.de\/blog2\/wp-content\/uploads\/2017\/10\/13-9963-post\/0004-300x200.jpg 300w, https:\/\/vereinigung-professioneller-kinderfotografen.de\/blog2\/wp-content\/uploads\/2017\/10\/13-9963-post\/0004-768x511.jpg 768w\" sizes=\"(max-width: 900px) 100vw, 900px\" \/><img decoding=\"async\" loading=\"lazy\" class=\"aligncenter size-full wp-image-9968\" src=\"http:\/\/vereinigung-professioneller-kinderfotografen.de\/blog2\/wp-content\/uploads\/2017\/10\/13-9963-post\/0005.jpg\" alt=\"\" width=\"900\" height=\"599\" srcset=\"https:\/\/vereinigung-professioneller-kinderfotografen.de\/blog2\/wp-content\/uploads\/2017\/10\/13-9963-post\/0005.jpg 900w, https:\/\/vereinigung-professioneller-kinderfotografen.de\/blog2\/wp-content\/uploads\/2017\/10\/13-9963-post\/0005-300x200.jpg 300w, https:\/\/vereinigung-professioneller-kinderfotografen.de\/blog2\/wp-content\/uploads\/2017\/10\/13-9963-post\/0005-768x511.jpg 768w\" sizes=\"(max-width: 900px) 100vw, 900px\" \/><img decoding=\"async\" loading=\"lazy\" class=\"aligncenter size-full wp-image-9969\" src=\"http:\/\/vereinigung-professioneller-kinderfotografen.de\/blog2\/wp-content\/uploads\/2017\/10\/13-9963-post\/0006.jpg\" alt=\"\" width=\"900\" height=\"599\" srcset=\"https:\/\/vereinigung-professioneller-kinderfotografen.de\/blog2\/wp-content\/uploads\/2017\/10\/13-9963-post\/0006.jpg 900w, https:\/\/vereinigung-professioneller-kinderfotografen.de\/blog2\/wp-content\/uploads\/2017\/10\/13-9963-post\/0006-300x200.jpg 300w, https:\/\/vereinigung-professioneller-kinderfotografen.de\/blog2\/wp-content\/uploads\/2017\/10\/13-9963-post\/0006-768x511.jpg 768w\" sizes=\"(max-width: 900px) 100vw, 900px\" \/><img decoding=\"async\" loading=\"lazy\" class=\"aligncenter size-full wp-image-9970\" src=\"http:\/\/vereinigung-professioneller-kinderfotografen.de\/blog2\/wp-content\/uploads\/2017\/10\/13-9963-post\/0007.jpg\" alt=\"\" width=\"900\" height=\"599\" srcset=\"https:\/\/vereinigung-professioneller-kinderfotografen.de\/blog2\/wp-content\/uploads\/2017\/10\/13-9963-post\/0007.jpg 900w, https:\/\/vereinigung-professioneller-kinderfotografen.de\/blog2\/wp-content\/uploads\/2017\/10\/13-9963-post\/0007-300x200.jpg 300w, https:\/\/vereinigung-professioneller-kinderfotografen.de\/blog2\/wp-content\/uploads\/2017\/10\/13-9963-post\/0007-768x511.jpg 768w\" sizes=\"(max-width: 900px) 100vw, 900px\" \/><img decoding=\"async\" loading=\"lazy\" class=\"aligncenter size-full wp-image-9971\" src=\"http:\/\/vereinigung-professioneller-kinderfotografen.de\/blog2\/wp-content\/uploads\/2017\/10\/13-9963-post\/0008.jpg\" alt=\"\" width=\"900\" height=\"599\" srcset=\"https:\/\/vereinigung-professioneller-kinderfotografen.de\/blog2\/wp-content\/uploads\/2017\/10\/13-9963-post\/0008.jpg 900w, https:\/\/vereinigung-professioneller-kinderfotografen.de\/blog2\/wp-content\/uploads\/2017\/10\/13-9963-post\/0008-300x200.jpg 300w, https:\/\/vereinigung-professioneller-kinderfotografen.de\/blog2\/wp-content\/uploads\/2017\/10\/13-9963-post\/0008-768x511.jpg 768w\" sizes=\"(max-width: 900px) 100vw, 900px\" \/><img decoding=\"async\" loading=\"lazy\" class=\"aligncenter size-full wp-image-9972\" src=\"http:\/\/vereinigung-professioneller-kinderfotografen.de\/blog2\/wp-content\/uploads\/2017\/10\/13-9963-post\/0009.jpg\" alt=\"\" width=\"900\" height=\"599\" srcset=\"https:\/\/vereinigung-professioneller-kinderfotografen.de\/blog2\/wp-content\/uploads\/2017\/10\/13-9963-post\/0009.jpg 900w, https:\/\/vereinigung-professioneller-kinderfotografen.de\/blog2\/wp-content\/uploads\/2017\/10\/13-9963-post\/0009-300x200.jpg 300w, https:\/\/vereinigung-professioneller-kinderfotografen.de\/blog2\/wp-content\/uploads\/2017\/10\/13-9963-post\/0009-768x511.jpg 768w\" sizes=\"(max-width: 900px) 100vw, 900px\" \/><\/p>\n","protected":false},"excerpt":{"rendered":"<p>Aus Hamburg kommt heute noch mal der Sommer zur\u00fcck auf unseren Blog. Nicole Bartels zeigt euch die Fotos aus einer Familiensession, die im Sp\u00e4tsommer entstanden zur Heidebl\u00fcte entstanden sind. Jetzt w\u00fcnschen wir euch ganz viel Spa\u00df mit diesen sch\u00f6nen Outdoorfotos.<\/p>\n","protected":false},"author":2,"featured_media":0,"comment_status":"closed","ping_status":"closed","sticky":false,"template":"","format":"standard","meta":{"pp_embeds":""},"categories":[387],"tags":[12,354,61,127,639,126,45,44,19,616,737,563,1141],"acf":[],"_links":{"self":[{"href":"https:\/\/vereinigung-professioneller-kinderfotografen.de\/blog2\/wp-json\/wp\/v2\/posts\/9963"}],"collection":[{"href":"https:\/\/vereinigung-professioneller-kinderfotografen.de\/blog2\/wp-json\/wp\/v2\/posts"}],"about":[{"href":"https:\/\/vereinigung-professioneller-kinderfotografen.de\/blog2\/wp-json\/wp\/v2\/types\/post"}],"author":[{"embeddable":true,"href":"https:\/\/vereinigung-professioneller-kinderfotografen.de\/blog2\/wp-json\/wp\/v2\/users\/2"}],"replies":[{"embeddable":true,"href":"https:\/\/vereinigung-professioneller-kinderfotografen.de\/blog2\/wp-json\/wp\/v2\/comments?post=9963"}],"version-history":[{"count":1,"href":"https:\/\/vereinigung-professioneller-kinderfotografen.de\/blog2\/wp-json\/wp\/v2\/posts\/9963\/revisions"}],"predecessor-version":[{"id":9973,"href":"https:\/\/vereinigung-professioneller-kinderfotografen.de\/blog2\/wp-json\/wp\/v2\/posts\/9963\/revisions\/9973"}],"wp:attachment":[{"href":"https:\/\/vereinigung-professioneller-kinderfotografen.de\/blog2\/wp-json\/wp\/v2\/media?parent=9963"}],"wp:term":[{"taxonomy":"category","embeddable":true,"href":"https:\/\/vereinigung-professioneller-kinderfotografen.de\/blog2\/wp-json\/wp\/v2\/categories?post=9963"},{"taxonomy":"post_tag","embeddable":true,"href":"https:\/\/vereinigung-professioneller-kinderfotografen.de\/blog2\/wp-json\/wp\/v2\/tags?post=9963"}],"curies":[{"name":"wp","href":"https:\/\/api.w.org\/{rel}","templated":true}]}}