{"id":9950,"date":"2017-11-16T11:11:43","date_gmt":"2017-11-16T09:11:43","guid":{"rendered":"http:\/\/vereinigung-professioneller-kinderfotografen.de\/blog2\/?p=9950"},"modified":"2017-10-13T11:16:38","modified_gmt":"2017-10-13T09:16:38","slug":"neugeborenenfotografie-hamburg-nicole-bartels-fotografie","status":"publish","type":"post","link":"https:\/\/vereinigung-professioneller-kinderfotografen.de\/blog2\/neugeborenenfotografie-hamburg-nicole-bartels-fotografie\/","title":{"rendered":"Neugeborenenfotografie Hamburg | Nicole Bartels Fotografie"},"content":{"rendered":"<p>Auch heute gibt es wieder zauberhafte Fotos aus dem Atelier von Nicole Bartels Fotografie auf unserem Blog. Die Mama des kleinen M\u00e4dchens hatte sich verspielte, nat\u00fcrliche Bilder gew\u00fcnscht. Und w\u00e4hrend der Fotosession wurde nicht nur viel gelacht &#8211; es sind auch wundersch\u00f6ne Detailfotos entstanden.<\/p>\n<p><img decoding=\"async\" loading=\"lazy\" class=\"aligncenter size-full wp-image-9951\" src=\"http:\/\/vereinigung-professioneller-kinderfotografen.de\/blog2\/wp-content\/uploads\/2017\/10\/13-9950-post\/01_NicoleBartels.jpg\" alt=\"\" width=\"900\" height=\"599\" srcset=\"https:\/\/vereinigung-professioneller-kinderfotografen.de\/blog2\/wp-content\/uploads\/2017\/10\/13-9950-post\/01_NicoleBartels.jpg 900w, https:\/\/vereinigung-professioneller-kinderfotografen.de\/blog2\/wp-content\/uploads\/2017\/10\/13-9950-post\/01_NicoleBartels-300x200.jpg 300w, https:\/\/vereinigung-professioneller-kinderfotografen.de\/blog2\/wp-content\/uploads\/2017\/10\/13-9950-post\/01_NicoleBartels-768x511.jpg 768w\" sizes=\"(max-width: 900px) 100vw, 900px\" \/><img decoding=\"async\" loading=\"lazy\" class=\"aligncenter size-full wp-image-9952\" src=\"http:\/\/vereinigung-professioneller-kinderfotografen.de\/blog2\/wp-content\/uploads\/2017\/10\/13-9950-post\/02_NicoleBartels.jpg\" alt=\"\" width=\"900\" height=\"599\" srcset=\"https:\/\/vereinigung-professioneller-kinderfotografen.de\/blog2\/wp-content\/uploads\/2017\/10\/13-9950-post\/02_NicoleBartels.jpg 900w, https:\/\/vereinigung-professioneller-kinderfotografen.de\/blog2\/wp-content\/uploads\/2017\/10\/13-9950-post\/02_NicoleBartels-300x200.jpg 300w, https:\/\/vereinigung-professioneller-kinderfotografen.de\/blog2\/wp-content\/uploads\/2017\/10\/13-9950-post\/02_NicoleBartels-768x511.jpg 768w\" sizes=\"(max-width: 900px) 100vw, 900px\" \/><img decoding=\"async\" loading=\"lazy\" class=\"aligncenter size-full wp-image-9953\" src=\"http:\/\/vereinigung-professioneller-kinderfotografen.de\/blog2\/wp-content\/uploads\/2017\/10\/13-9950-post\/03_NicoleBartels.jpg\" alt=\"\" width=\"900\" height=\"599\" srcset=\"https:\/\/vereinigung-professioneller-kinderfotografen.de\/blog2\/wp-content\/uploads\/2017\/10\/13-9950-post\/03_NicoleBartels.jpg 900w, https:\/\/vereinigung-professioneller-kinderfotografen.de\/blog2\/wp-content\/uploads\/2017\/10\/13-9950-post\/03_NicoleBartels-300x200.jpg 300w, https:\/\/vereinigung-professioneller-kinderfotografen.de\/blog2\/wp-content\/uploads\/2017\/10\/13-9950-post\/03_NicoleBartels-768x511.jpg 768w\" sizes=\"(max-width: 900px) 100vw, 900px\" \/><img decoding=\"async\" loading=\"lazy\" class=\"aligncenter size-full wp-image-9954\" src=\"http:\/\/vereinigung-professioneller-kinderfotografen.de\/blog2\/wp-content\/uploads\/2017\/10\/13-9950-post\/04_NicoleBartels.jpg\" alt=\"\" width=\"900\" height=\"599\" srcset=\"https:\/\/vereinigung-professioneller-kinderfotografen.de\/blog2\/wp-content\/uploads\/2017\/10\/13-9950-post\/04_NicoleBartels.jpg 900w, https:\/\/vereinigung-professioneller-kinderfotografen.de\/blog2\/wp-content\/uploads\/2017\/10\/13-9950-post\/04_NicoleBartels-300x200.jpg 300w, https:\/\/vereinigung-professioneller-kinderfotografen.de\/blog2\/wp-content\/uploads\/2017\/10\/13-9950-post\/04_NicoleBartels-768x511.jpg 768w\" sizes=\"(max-width: 900px) 100vw, 900px\" \/><img decoding=\"async\" loading=\"lazy\" class=\"aligncenter size-full wp-image-9955\" src=\"http:\/\/vereinigung-professioneller-kinderfotografen.de\/blog2\/wp-content\/uploads\/2017\/10\/13-9950-post\/05_NicoleBartels.jpg\" alt=\"\" width=\"900\" height=\"599\" srcset=\"https:\/\/vereinigung-professioneller-kinderfotografen.de\/blog2\/wp-content\/uploads\/2017\/10\/13-9950-post\/05_NicoleBartels.jpg 900w, https:\/\/vereinigung-professioneller-kinderfotografen.de\/blog2\/wp-content\/uploads\/2017\/10\/13-9950-post\/05_NicoleBartels-300x200.jpg 300w, https:\/\/vereinigung-professioneller-kinderfotografen.de\/blog2\/wp-content\/uploads\/2017\/10\/13-9950-post\/05_NicoleBartels-768x511.jpg 768w\" sizes=\"(max-width: 900px) 100vw, 900px\" \/><img decoding=\"async\" loading=\"lazy\" class=\"aligncenter size-full wp-image-9956\" src=\"http:\/\/vereinigung-professioneller-kinderfotografen.de\/blog2\/wp-content\/uploads\/2017\/10\/13-9950-post\/06_NicoleBartels.jpg\" alt=\"\" width=\"900\" height=\"599\" srcset=\"https:\/\/vereinigung-professioneller-kinderfotografen.de\/blog2\/wp-content\/uploads\/2017\/10\/13-9950-post\/06_NicoleBartels.jpg 900w, https:\/\/vereinigung-professioneller-kinderfotografen.de\/blog2\/wp-content\/uploads\/2017\/10\/13-9950-post\/06_NicoleBartels-300x200.jpg 300w, https:\/\/vereinigung-professioneller-kinderfotografen.de\/blog2\/wp-content\/uploads\/2017\/10\/13-9950-post\/06_NicoleBartels-768x511.jpg 768w\" sizes=\"(max-width: 900px) 100vw, 900px\" \/><img decoding=\"async\" loading=\"lazy\" class=\"aligncenter size-full wp-image-9957\" src=\"http:\/\/vereinigung-professioneller-kinderfotografen.de\/blog2\/wp-content\/uploads\/2017\/10\/13-9950-post\/07_NicoleBartels.jpg\" alt=\"\" width=\"900\" height=\"599\" srcset=\"https:\/\/vereinigung-professioneller-kinderfotografen.de\/blog2\/wp-content\/uploads\/2017\/10\/13-9950-post\/07_NicoleBartels.jpg 900w, https:\/\/vereinigung-professioneller-kinderfotografen.de\/blog2\/wp-content\/uploads\/2017\/10\/13-9950-post\/07_NicoleBartels-300x200.jpg 300w, https:\/\/vereinigung-professioneller-kinderfotografen.de\/blog2\/wp-content\/uploads\/2017\/10\/13-9950-post\/07_NicoleBartels-768x511.jpg 768w\" sizes=\"(max-width: 900px) 100vw, 900px\" \/><img decoding=\"async\" loading=\"lazy\" class=\"aligncenter size-full wp-image-9958\" src=\"http:\/\/vereinigung-professioneller-kinderfotografen.de\/blog2\/wp-content\/uploads\/2017\/10\/13-9950-post\/08_NicoleBartels.jpg\" alt=\"\" width=\"900\" height=\"599\" srcset=\"https:\/\/vereinigung-professioneller-kinderfotografen.de\/blog2\/wp-content\/uploads\/2017\/10\/13-9950-post\/08_NicoleBartels.jpg 900w, https:\/\/vereinigung-professioneller-kinderfotografen.de\/blog2\/wp-content\/uploads\/2017\/10\/13-9950-post\/08_NicoleBartels-300x200.jpg 300w, https:\/\/vereinigung-professioneller-kinderfotografen.de\/blog2\/wp-content\/uploads\/2017\/10\/13-9950-post\/08_NicoleBartels-768x511.jpg 768w\" sizes=\"(max-width: 900px) 100vw, 900px\" \/><img decoding=\"async\" loading=\"lazy\" class=\"aligncenter size-full wp-image-9959\" src=\"http:\/\/vereinigung-professioneller-kinderfotografen.de\/blog2\/wp-content\/uploads\/2017\/10\/13-9950-post\/09_NicoleBartels.jpg\" alt=\"\" width=\"900\" height=\"599\" srcset=\"https:\/\/vereinigung-professioneller-kinderfotografen.de\/blog2\/wp-content\/uploads\/2017\/10\/13-9950-post\/09_NicoleBartels.jpg 900w, https:\/\/vereinigung-professioneller-kinderfotografen.de\/blog2\/wp-content\/uploads\/2017\/10\/13-9950-post\/09_NicoleBartels-300x200.jpg 300w, https:\/\/vereinigung-professioneller-kinderfotografen.de\/blog2\/wp-content\/uploads\/2017\/10\/13-9950-post\/09_NicoleBartels-768x511.jpg 768w\" sizes=\"(max-width: 900px) 100vw, 900px\" \/><img decoding=\"async\" loading=\"lazy\" class=\"aligncenter size-full wp-image-9960\" src=\"http:\/\/vereinigung-professioneller-kinderfotografen.de\/blog2\/wp-content\/uploads\/2017\/10\/13-9950-post\/10_NicoleBartels.jpg\" alt=\"\" width=\"900\" height=\"601\" srcset=\"https:\/\/vereinigung-professioneller-kinderfotografen.de\/blog2\/wp-content\/uploads\/2017\/10\/13-9950-post\/10_NicoleBartels.jpg 900w, https:\/\/vereinigung-professioneller-kinderfotografen.de\/blog2\/wp-content\/uploads\/2017\/10\/13-9950-post\/10_NicoleBartels-300x200.jpg 300w, https:\/\/vereinigung-professioneller-kinderfotografen.de\/blog2\/wp-content\/uploads\/2017\/10\/13-9950-post\/10_NicoleBartels-768x513.jpg 768w\" sizes=\"(max-width: 900px) 100vw, 900px\" \/><\/p>\n","protected":false},"excerpt":{"rendered":"<p>Auch heute gibt es wieder zauberhafte Fotos aus dem Atelier von Nicole Bartels Fotografie auf unserem Blog. Die Mama des kleinen M\u00e4dchens hatte sich verspielte, nat\u00fcrliche Bilder gew\u00fcnscht. Und w\u00e4hrend der Fotosession wurde nicht nur viel gelacht &#8211; es sind auch wundersch\u00f6ne Detailfotos entstanden.<\/p>\n","protected":false},"author":2,"featured_media":0,"comment_status":"closed","ping_status":"closed","sticky":false,"template":"","format":"standard","meta":{"pp_embeds":""},"categories":[387],"tags":[12,10,736,16,11,127,19,26,82,178,15,616],"acf":[],"_links":{"self":[{"href":"https:\/\/vereinigung-professioneller-kinderfotografen.de\/blog2\/wp-json\/wp\/v2\/posts\/9950"}],"collection":[{"href":"https:\/\/vereinigung-professioneller-kinderfotografen.de\/blog2\/wp-json\/wp\/v2\/posts"}],"about":[{"href":"https:\/\/vereinigung-professioneller-kinderfotografen.de\/blog2\/wp-json\/wp\/v2\/types\/post"}],"author":[{"embeddable":true,"href":"https:\/\/vereinigung-professioneller-kinderfotografen.de\/blog2\/wp-json\/wp\/v2\/users\/2"}],"replies":[{"embeddable":true,"href":"https:\/\/vereinigung-professioneller-kinderfotografen.de\/blog2\/wp-json\/wp\/v2\/comments?post=9950"}],"version-history":[{"count":2,"href":"https:\/\/vereinigung-professioneller-kinderfotografen.de\/blog2\/wp-json\/wp\/v2\/posts\/9950\/revisions"}],"predecessor-version":[{"id":9962,"href":"https:\/\/vereinigung-professioneller-kinderfotografen.de\/blog2\/wp-json\/wp\/v2\/posts\/9950\/revisions\/9962"}],"wp:attachment":[{"href":"https:\/\/vereinigung-professioneller-kinderfotografen.de\/blog2\/wp-json\/wp\/v2\/media?parent=9950"}],"wp:term":[{"taxonomy":"category","embeddable":true,"href":"https:\/\/vereinigung-professioneller-kinderfotografen.de\/blog2\/wp-json\/wp\/v2\/categories?post=9950"},{"taxonomy":"post_tag","embeddable":true,"href":"https:\/\/vereinigung-professioneller-kinderfotografen.de\/blog2\/wp-json\/wp\/v2\/tags?post=9950"}],"curies":[{"name":"wp","href":"https:\/\/api.w.org\/{rel}","templated":true}]}}