{"id":9877,"date":"2017-05-07T18:17:49","date_gmt":"2017-05-07T16:17:49","guid":{"rendered":"http:\/\/vereinigung-professioneller-kinderfotografen.de\/blog2\/?p=9877"},"modified":"2017-10-10T18:23:00","modified_gmt":"2017-10-10T16:23:00","slug":"kinderfotografie-in-paderborn-mit-anastasia-folman","status":"publish","type":"post","link":"https:\/\/vereinigung-professioneller-kinderfotografen.de\/blog2\/kinderfotografie-in-paderborn-mit-anastasia-folman\/","title":{"rendered":"Kinderfotografie in Paderborn  mit Anastasia Folman"},"content":{"rendered":"<p>&nbsp;<\/p>\n<p>Der kleiner Mann hatte richtig viel Spa\u00df im Atelier von Anastasia Folman .<\/p>\n<p>Wenn auch Sie so sch\u00f6ne Fotos haben m\u00f6chten , dann schauen Sie hier vorbei.<\/p>\n<p><a href=\"http:\/\/anastasiafolman.com\/wordpress\/kinderfotografie\">www.anastasiafolman.com<\/a><\/p>\n<p><a href=\"http:\/\/vereinigung-professioneller-kinderfotografen.de\/blog2\/wp-content\/uploads\/2017\/10\/10-9877-post\/shooting_bielefeld_paderborn_cake-shmash_0012.png\"><img decoding=\"async\" loading=\"lazy\" class=\"aligncenter size-full wp-image-9878\" src=\"http:\/\/vereinigung-professioneller-kinderfotografen.de\/blog2\/wp-content\/uploads\/2017\/10\/10-9877-post\/shooting_bielefeld_paderborn_cake-shmash_0012.png\" alt=\"\" width=\"960\" height=\"1440\" srcset=\"https:\/\/vereinigung-professioneller-kinderfotografen.de\/blog2\/wp-content\/uploads\/2017\/10\/10-9877-post\/shooting_bielefeld_paderborn_cake-shmash_0012.png 960w, https:\/\/vereinigung-professioneller-kinderfotografen.de\/blog2\/wp-content\/uploads\/2017\/10\/10-9877-post\/shooting_bielefeld_paderborn_cake-shmash_0012-200x300.png 200w, https:\/\/vereinigung-professioneller-kinderfotografen.de\/blog2\/wp-content\/uploads\/2017\/10\/10-9877-post\/shooting_bielefeld_paderborn_cake-shmash_0012-768x1152.png 768w, https:\/\/vereinigung-professioneller-kinderfotografen.de\/blog2\/wp-content\/uploads\/2017\/10\/10-9877-post\/shooting_bielefeld_paderborn_cake-shmash_0012-683x1024.png 683w\" sizes=\"(max-width: 960px) 100vw, 960px\" \/><\/a><a href=\"http:\/\/vereinigung-professioneller-kinderfotografen.de\/blog2\/wp-content\/uploads\/2017\/10\/10-9877-post\/shooting_bielefeld_paderborn_cake-shmash_0013.png\"><img decoding=\"async\" loading=\"lazy\" class=\"aligncenter size-full wp-image-9879\" src=\"http:\/\/vereinigung-professioneller-kinderfotografen.de\/blog2\/wp-content\/uploads\/2017\/10\/10-9877-post\/shooting_bielefeld_paderborn_cake-shmash_0013.png\" alt=\"\" width=\"960\" height=\"640\" srcset=\"https:\/\/vereinigung-professioneller-kinderfotografen.de\/blog2\/wp-content\/uploads\/2017\/10\/10-9877-post\/shooting_bielefeld_paderborn_cake-shmash_0013.png 960w, https:\/\/vereinigung-professioneller-kinderfotografen.de\/blog2\/wp-content\/uploads\/2017\/10\/10-9877-post\/shooting_bielefeld_paderborn_cake-shmash_0013-300x200.png 300w, https:\/\/vereinigung-professioneller-kinderfotografen.de\/blog2\/wp-content\/uploads\/2017\/10\/10-9877-post\/shooting_bielefeld_paderborn_cake-shmash_0013-768x512.png 768w\" sizes=\"(max-width: 960px) 100vw, 960px\" \/><\/a><a href=\"http:\/\/vereinigung-professioneller-kinderfotografen.de\/blog2\/wp-content\/uploads\/2017\/10\/10-9877-post\/shooting_bielefeld_paderborn_cake-shmash_0014.png\"><img decoding=\"async\" loading=\"lazy\" class=\"aligncenter size-full wp-image-9880\" src=\"http:\/\/vereinigung-professioneller-kinderfotografen.de\/blog2\/wp-content\/uploads\/2017\/10\/10-9877-post\/shooting_bielefeld_paderborn_cake-shmash_0014.png\" alt=\"\" width=\"960\" height=\"1440\" srcset=\"https:\/\/vereinigung-professioneller-kinderfotografen.de\/blog2\/wp-content\/uploads\/2017\/10\/10-9877-post\/shooting_bielefeld_paderborn_cake-shmash_0014.png 960w, https:\/\/vereinigung-professioneller-kinderfotografen.de\/blog2\/wp-content\/uploads\/2017\/10\/10-9877-post\/shooting_bielefeld_paderborn_cake-shmash_0014-200x300.png 200w, https:\/\/vereinigung-professioneller-kinderfotografen.de\/blog2\/wp-content\/uploads\/2017\/10\/10-9877-post\/shooting_bielefeld_paderborn_cake-shmash_0014-768x1152.png 768w, https:\/\/vereinigung-professioneller-kinderfotografen.de\/blog2\/wp-content\/uploads\/2017\/10\/10-9877-post\/shooting_bielefeld_paderborn_cake-shmash_0014-683x1024.png 683w\" sizes=\"(max-width: 960px) 100vw, 960px\" \/><\/a><a href=\"http:\/\/vereinigung-professioneller-kinderfotografen.de\/blog2\/wp-content\/uploads\/2017\/10\/10-9877-post\/shooting_bielefeld_paderborn_cake-shmash_0015.png\"><img decoding=\"async\" loading=\"lazy\" class=\"aligncenter size-full wp-image-9881\" src=\"http:\/\/vereinigung-professioneller-kinderfotografen.de\/blog2\/wp-content\/uploads\/2017\/10\/10-9877-post\/shooting_bielefeld_paderborn_cake-shmash_0015.png\" alt=\"\" width=\"960\" height=\"640\" srcset=\"https:\/\/vereinigung-professioneller-kinderfotografen.de\/blog2\/wp-content\/uploads\/2017\/10\/10-9877-post\/shooting_bielefeld_paderborn_cake-shmash_0015.png 960w, https:\/\/vereinigung-professioneller-kinderfotografen.de\/blog2\/wp-content\/uploads\/2017\/10\/10-9877-post\/shooting_bielefeld_paderborn_cake-shmash_0015-300x200.png 300w, https:\/\/vereinigung-professioneller-kinderfotografen.de\/blog2\/wp-content\/uploads\/2017\/10\/10-9877-post\/shooting_bielefeld_paderborn_cake-shmash_0015-768x512.png 768w\" sizes=\"(max-width: 960px) 100vw, 960px\" \/><\/a><a href=\"http:\/\/vereinigung-professioneller-kinderfotografen.de\/blog2\/wp-content\/uploads\/2017\/10\/10-9877-post\/shooting_bielefeld_paderborn_cake-shmash_0017.png\"><img decoding=\"async\" loading=\"lazy\" class=\"aligncenter size-full wp-image-9882\" src=\"http:\/\/vereinigung-professioneller-kinderfotografen.de\/blog2\/wp-content\/uploads\/2017\/10\/10-9877-post\/shooting_bielefeld_paderborn_cake-shmash_0017.png\" alt=\"\" width=\"960\" height=\"640\" srcset=\"https:\/\/vereinigung-professioneller-kinderfotografen.de\/blog2\/wp-content\/uploads\/2017\/10\/10-9877-post\/shooting_bielefeld_paderborn_cake-shmash_0017.png 960w, https:\/\/vereinigung-professioneller-kinderfotografen.de\/blog2\/wp-content\/uploads\/2017\/10\/10-9877-post\/shooting_bielefeld_paderborn_cake-shmash_0017-300x200.png 300w, https:\/\/vereinigung-professioneller-kinderfotografen.de\/blog2\/wp-content\/uploads\/2017\/10\/10-9877-post\/shooting_bielefeld_paderborn_cake-shmash_0017-768x512.png 768w\" sizes=\"(max-width: 960px) 100vw, 960px\" \/><\/a><a href=\"http:\/\/vereinigung-professioneller-kinderfotografen.de\/blog2\/wp-content\/uploads\/2017\/10\/10-9877-post\/shooting_bielefeld_paderborn_cake-shmash_0018.png\"><img decoding=\"async\" loading=\"lazy\" class=\"aligncenter size-full wp-image-9883\" src=\"http:\/\/vereinigung-professioneller-kinderfotografen.de\/blog2\/wp-content\/uploads\/2017\/10\/10-9877-post\/shooting_bielefeld_paderborn_cake-shmash_0018.png\" alt=\"\" width=\"960\" height=\"640\" srcset=\"https:\/\/vereinigung-professioneller-kinderfotografen.de\/blog2\/wp-content\/uploads\/2017\/10\/10-9877-post\/shooting_bielefeld_paderborn_cake-shmash_0018.png 960w, https:\/\/vereinigung-professioneller-kinderfotografen.de\/blog2\/wp-content\/uploads\/2017\/10\/10-9877-post\/shooting_bielefeld_paderborn_cake-shmash_0018-300x200.png 300w, https:\/\/vereinigung-professioneller-kinderfotografen.de\/blog2\/wp-content\/uploads\/2017\/10\/10-9877-post\/shooting_bielefeld_paderborn_cake-shmash_0018-768x512.png 768w\" sizes=\"(max-width: 960px) 100vw, 960px\" \/><\/a><a href=\"http:\/\/vereinigung-professioneller-kinderfotografen.de\/blog2\/wp-content\/uploads\/2017\/10\/10-9877-post\/shooting_bielefeld_paderborn_cake-shmash_0019.png\"><img decoding=\"async\" loading=\"lazy\" class=\"aligncenter size-full wp-image-9884\" src=\"http:\/\/vereinigung-professioneller-kinderfotografen.de\/blog2\/wp-content\/uploads\/2017\/10\/10-9877-post\/shooting_bielefeld_paderborn_cake-shmash_0019.png\" alt=\"\" width=\"960\" height=\"640\" srcset=\"https:\/\/vereinigung-professioneller-kinderfotografen.de\/blog2\/wp-content\/uploads\/2017\/10\/10-9877-post\/shooting_bielefeld_paderborn_cake-shmash_0019.png 960w, https:\/\/vereinigung-professioneller-kinderfotografen.de\/blog2\/wp-content\/uploads\/2017\/10\/10-9877-post\/shooting_bielefeld_paderborn_cake-shmash_0019-300x200.png 300w, https:\/\/vereinigung-professioneller-kinderfotografen.de\/blog2\/wp-content\/uploads\/2017\/10\/10-9877-post\/shooting_bielefeld_paderborn_cake-shmash_0019-768x512.png 768w\" sizes=\"(max-width: 960px) 100vw, 960px\" \/><\/a><a href=\"http:\/\/vereinigung-professioneller-kinderfotografen.de\/blog2\/wp-content\/uploads\/2017\/10\/10-9877-post\/shooting_bielefeld_paderborn_cake-shmash_0022.png\"><img decoding=\"async\" loading=\"lazy\" class=\"aligncenter size-full wp-image-9885\" src=\"http:\/\/vereinigung-professioneller-kinderfotografen.de\/blog2\/wp-content\/uploads\/2017\/10\/10-9877-post\/shooting_bielefeld_paderborn_cake-shmash_0022.png\" alt=\"\" width=\"960\" height=\"1440\" srcset=\"https:\/\/vereinigung-professioneller-kinderfotografen.de\/blog2\/wp-content\/uploads\/2017\/10\/10-9877-post\/shooting_bielefeld_paderborn_cake-shmash_0022.png 960w, https:\/\/vereinigung-professioneller-kinderfotografen.de\/blog2\/wp-content\/uploads\/2017\/10\/10-9877-post\/shooting_bielefeld_paderborn_cake-shmash_0022-200x300.png 200w, https:\/\/vereinigung-professioneller-kinderfotografen.de\/blog2\/wp-content\/uploads\/2017\/10\/10-9877-post\/shooting_bielefeld_paderborn_cake-shmash_0022-768x1152.png 768w, https:\/\/vereinigung-professioneller-kinderfotografen.de\/blog2\/wp-content\/uploads\/2017\/10\/10-9877-post\/shooting_bielefeld_paderborn_cake-shmash_0022-683x1024.png 683w\" sizes=\"(max-width: 960px) 100vw, 960px\" \/><\/a><\/p>\n","protected":false},"excerpt":{"rendered":"<p>&nbsp; Der kleiner Mann hatte richtig viel Spa\u00df im Atelier von Anastasia Folman . Wenn auch Sie so sch\u00f6ne Fotos haben m\u00f6chten , dann schauen Sie hier vorbei. www.anastasiafolman.com<\/p>\n","protected":false},"author":1,"featured_media":0,"comment_status":"closed","ping_status":"closed","sticky":false,"template":"","format":"standard","meta":{"pp_embeds":""},"categories":[372],"tags":[],"acf":[],"_links":{"self":[{"href":"https:\/\/vereinigung-professioneller-kinderfotografen.de\/blog2\/wp-json\/wp\/v2\/posts\/9877"}],"collection":[{"href":"https:\/\/vereinigung-professioneller-kinderfotografen.de\/blog2\/wp-json\/wp\/v2\/posts"}],"about":[{"href":"https:\/\/vereinigung-professioneller-kinderfotografen.de\/blog2\/wp-json\/wp\/v2\/types\/post"}],"author":[{"embeddable":true,"href":"https:\/\/vereinigung-professioneller-kinderfotografen.de\/blog2\/wp-json\/wp\/v2\/users\/1"}],"replies":[{"embeddable":true,"href":"https:\/\/vereinigung-professioneller-kinderfotografen.de\/blog2\/wp-json\/wp\/v2\/comments?post=9877"}],"version-history":[{"count":1,"href":"https:\/\/vereinigung-professioneller-kinderfotografen.de\/blog2\/wp-json\/wp\/v2\/posts\/9877\/revisions"}],"predecessor-version":[{"id":9886,"href":"https:\/\/vereinigung-professioneller-kinderfotografen.de\/blog2\/wp-json\/wp\/v2\/posts\/9877\/revisions\/9886"}],"wp:attachment":[{"href":"https:\/\/vereinigung-professioneller-kinderfotografen.de\/blog2\/wp-json\/wp\/v2\/media?parent=9877"}],"wp:term":[{"taxonomy":"category","embeddable":true,"href":"https:\/\/vereinigung-professioneller-kinderfotografen.de\/blog2\/wp-json\/wp\/v2\/categories?post=9877"},{"taxonomy":"post_tag","embeddable":true,"href":"https:\/\/vereinigung-professioneller-kinderfotografen.de\/blog2\/wp-json\/wp\/v2\/tags?post=9877"}],"curies":[{"name":"wp","href":"https:\/\/api.w.org\/{rel}","templated":true}]}}