{"id":9733,"date":"2017-11-04T08:45:19","date_gmt":"2017-11-04T06:45:19","guid":{"rendered":"http:\/\/vereinigung-professioneller-kinderfotografen.de\/blog2\/?p=9733"},"modified":"2017-11-04T17:49:12","modified_gmt":"2017-11-04T15:49:12","slug":"wunderschoene-babyfotos-vom-kleinen-anton-von-katharina-dressen-moenchengladbach","status":"publish","type":"post","link":"https:\/\/vereinigung-professioneller-kinderfotografen.de\/blog2\/wunderschoene-babyfotos-vom-kleinen-anton-von-katharina-dressen-moenchengladbach\/","title":{"rendered":"wundersch\u00f6ne Babyfotos vom kleinen Anton | von Katharina Dressen | M\u00f6nchengladbach"},"content":{"rendered":"<p>Der kleine Anton&#8230;.<\/p>\n<p>Ich wei\u00df gar nicht, wo ich anfangen soll, so s\u00fc\u00df und lieb war er beim Shooting. Diese samtbraunen Kulleraugen, schauten so sanft und warm. Und dazu diese s\u00fc\u00dfen kleinen Krollel\u00f6cken. Hach, zum dahin schmelzen&#8230;.\u00a0 Und der kleine Anton hat das riesige Gl\u00fcck, eine ganz, ganz tolle, gro\u00dfe Schwester zu haben. Die ihn wahnsinng doll lieb hat. Und das sieht man \ud83d\ude42<\/p>\n<p>Ein paar Tage war Anton erst alt, als er zu mir ins Foto-Atelier, in M\u00f6nchengladbach kam. Mit ganz viel Liebe und Ruhe war er auch ganz schnell eingeschlafen, damit wir wundersch\u00f6ne Babyfotos von ihm machen konnten. So kostbare Erinnerungen f\u00fcr die liebe Familie.<\/p>\n<p>Willkommen im leben kleiner Mann<\/p>\n<p>Fotografin <a href=\"http:\/\/www.katharinadressen.de\">Katharina Dressen<\/a><br \/>\n<img decoding=\"async\" loading=\"lazy\" class=\"aligncenter size-full wp-image-9736\" src=\"http:\/\/vereinigung-professioneller-kinderfotografen.de\/blog2\/wp-content\/uploads\/2017\/10\/09-9733-post\/Babyfotografie_Baby_Neugeborenes_newborn_Babybfotoshooting_KatharinaDressen_Moenchengladbach_Geburt_Schwanger_Hebamme_Fotostudio.jpg\" alt=\"\" width=\"960\" height=\"639\" srcset=\"https:\/\/vereinigung-professioneller-kinderfotografen.de\/blog2\/wp-content\/uploads\/2017\/10\/09-9733-post\/Babyfotografie_Baby_Neugeborenes_newborn_Babybfotoshooting_KatharinaDressen_Moenchengladbach_Geburt_Schwanger_Hebamme_Fotostudio.jpg 960w, https:\/\/vereinigung-professioneller-kinderfotografen.de\/blog2\/wp-content\/uploads\/2017\/10\/09-9733-post\/Babyfotografie_Baby_Neugeborenes_newborn_Babybfotoshooting_KatharinaDressen_Moenchengladbach_Geburt_Schwanger_Hebamme_Fotostudio-300x200.jpg 300w, https:\/\/vereinigung-professioneller-kinderfotografen.de\/blog2\/wp-content\/uploads\/2017\/10\/09-9733-post\/Babyfotografie_Baby_Neugeborenes_newborn_Babybfotoshooting_KatharinaDressen_Moenchengladbach_Geburt_Schwanger_Hebamme_Fotostudio-768x511.jpg 768w\" sizes=\"(max-width: 960px) 100vw, 960px\" \/><img decoding=\"async\" loading=\"lazy\" class=\"aligncenter size-full wp-image-9737\" src=\"http:\/\/vereinigung-professioneller-kinderfotografen.de\/blog2\/wp-content\/uploads\/2017\/10\/09-9733-post\/Babyfotografie_Baby_Neugeborenes_newborn_Babybfotoshooting_KatharinaDressen_Moenchengladbach_Geburt_Schwanger_Hebamme.jpg\" alt=\"\" width=\"960\" height=\"639\" srcset=\"https:\/\/vereinigung-professioneller-kinderfotografen.de\/blog2\/wp-content\/uploads\/2017\/10\/09-9733-post\/Babyfotografie_Baby_Neugeborenes_newborn_Babybfotoshooting_KatharinaDressen_Moenchengladbach_Geburt_Schwanger_Hebamme.jpg 960w, https:\/\/vereinigung-professioneller-kinderfotografen.de\/blog2\/wp-content\/uploads\/2017\/10\/09-9733-post\/Babyfotografie_Baby_Neugeborenes_newborn_Babybfotoshooting_KatharinaDressen_Moenchengladbach_Geburt_Schwanger_Hebamme-300x200.jpg 300w, https:\/\/vereinigung-professioneller-kinderfotografen.de\/blog2\/wp-content\/uploads\/2017\/10\/09-9733-post\/Babyfotografie_Baby_Neugeborenes_newborn_Babybfotoshooting_KatharinaDressen_Moenchengladbach_Geburt_Schwanger_Hebamme-768x511.jpg 768w\" sizes=\"(max-width: 960px) 100vw, 960px\" \/><img decoding=\"async\" loading=\"lazy\" class=\"aligncenter size-full wp-image-9735\" src=\"http:\/\/vereinigung-professioneller-kinderfotografen.de\/blog2\/wp-content\/uploads\/2017\/10\/09-9733-post\/Babyfotografie_Baby_Neugeborenes_newborn_Babybfotoshooting_KatharinaDressen_Geburt_Schwanger_Hebamme_Fotostudio_Moenchengladbach_Duesseldorf.jpg\" alt=\"\" width=\"960\" height=\"639\" srcset=\"https:\/\/vereinigung-professioneller-kinderfotografen.de\/blog2\/wp-content\/uploads\/2017\/10\/09-9733-post\/Babyfotografie_Baby_Neugeborenes_newborn_Babybfotoshooting_KatharinaDressen_Geburt_Schwanger_Hebamme_Fotostudio_Moenchengladbach_Duesseldorf.jpg 960w, https:\/\/vereinigung-professioneller-kinderfotografen.de\/blog2\/wp-content\/uploads\/2017\/10\/09-9733-post\/Babyfotografie_Baby_Neugeborenes_newborn_Babybfotoshooting_KatharinaDressen_Geburt_Schwanger_Hebamme_Fotostudio_Moenchengladbach_Duesseldorf-300x200.jpg 300w, https:\/\/vereinigung-professioneller-kinderfotografen.de\/blog2\/wp-content\/uploads\/2017\/10\/09-9733-post\/Babyfotografie_Baby_Neugeborenes_newborn_Babybfotoshooting_KatharinaDressen_Geburt_Schwanger_Hebamme_Fotostudio_Moenchengladbach_Duesseldorf-768x511.jpg 768w\" sizes=\"(max-width: 960px) 100vw, 960px\" \/><img decoding=\"async\" loading=\"lazy\" class=\"aligncenter size-full wp-image-9734\" src=\"http:\/\/vereinigung-professioneller-kinderfotografen.de\/blog2\/wp-content\/uploads\/2017\/10\/09-9733-post\/Babyfotografie_Baby_Neugeborenes_newborn_Babyb-Fotoshooting_KatharinaDressen_Geburt_Schwanger_Hebamme_Fotostudio_Moenchengladbach_Duesseldorf.jpg\" alt=\"\" width=\"639\" height=\"960\" srcset=\"https:\/\/vereinigung-professioneller-kinderfotografen.de\/blog2\/wp-content\/uploads\/2017\/10\/09-9733-post\/Babyfotografie_Baby_Neugeborenes_newborn_Babyb-Fotoshooting_KatharinaDressen_Geburt_Schwanger_Hebamme_Fotostudio_Moenchengladbach_Duesseldorf.jpg 639w, https:\/\/vereinigung-professioneller-kinderfotografen.de\/blog2\/wp-content\/uploads\/2017\/10\/09-9733-post\/Babyfotografie_Baby_Neugeborenes_newborn_Babyb-Fotoshooting_KatharinaDressen_Geburt_Schwanger_Hebamme_Fotostudio_Moenchengladbach_Duesseldorf-200x300.jpg 200w\" sizes=\"(max-width: 639px) 100vw, 639px\" \/><img decoding=\"async\" loading=\"lazy\" class=\"aligncenter size-full wp-image-9738\" src=\"http:\/\/vereinigung-professioneller-kinderfotografen.de\/blog2\/wp-content\/uploads\/2017\/10\/09-9733-post\/Babyfotografin_Baby-Fotoshooting_Neugeborenes_newborn_Familienfotoshooting_KatharinaDressen_Geburt_Schwanger_Hebamme_Fotostudio_Moenchengladbach_Koeln.jpg\" alt=\"\" width=\"960\" height=\"639\" srcset=\"https:\/\/vereinigung-professioneller-kinderfotografen.de\/blog2\/wp-content\/uploads\/2017\/10\/09-9733-post\/Babyfotografin_Baby-Fotoshooting_Neugeborenes_newborn_Familienfotoshooting_KatharinaDressen_Geburt_Schwanger_Hebamme_Fotostudio_Moenchengladbach_Koeln.jpg 960w, https:\/\/vereinigung-professioneller-kinderfotografen.de\/blog2\/wp-content\/uploads\/2017\/10\/09-9733-post\/Babyfotografin_Baby-Fotoshooting_Neugeborenes_newborn_Familienfotoshooting_KatharinaDressen_Geburt_Schwanger_Hebamme_Fotostudio_Moenchengladbach_Koeln-300x200.jpg 300w, https:\/\/vereinigung-professioneller-kinderfotografen.de\/blog2\/wp-content\/uploads\/2017\/10\/09-9733-post\/Babyfotografin_Baby-Fotoshooting_Neugeborenes_newborn_Familienfotoshooting_KatharinaDressen_Geburt_Schwanger_Hebamme_Fotostudio_Moenchengladbach_Koeln-768x511.jpg 768w\" sizes=\"(max-width: 960px) 100vw, 960px\" \/><img decoding=\"async\" loading=\"lazy\" class=\"aligncenter size-full wp-image-9743\" src=\"http:\/\/vereinigung-professioneller-kinderfotografen.de\/blog2\/wp-content\/uploads\/2017\/10\/09-9733-post\/Babyfotografin_NRW_Baby_Neugeborenes_newborn-Fotoshooting_Familienfotoshooting_KatharinaDressen_Geburt_Schwanger_Hebamme_Fotostudio_Koeln.jpg\" alt=\"\" width=\"960\" height=\"639\" srcset=\"https:\/\/vereinigung-professioneller-kinderfotografen.de\/blog2\/wp-content\/uploads\/2017\/10\/09-9733-post\/Babyfotografin_NRW_Baby_Neugeborenes_newborn-Fotoshooting_Familienfotoshooting_KatharinaDressen_Geburt_Schwanger_Hebamme_Fotostudio_Koeln.jpg 960w, https:\/\/vereinigung-professioneller-kinderfotografen.de\/blog2\/wp-content\/uploads\/2017\/10\/09-9733-post\/Babyfotografin_NRW_Baby_Neugeborenes_newborn-Fotoshooting_Familienfotoshooting_KatharinaDressen_Geburt_Schwanger_Hebamme_Fotostudio_Koeln-300x200.jpg 300w, https:\/\/vereinigung-professioneller-kinderfotografen.de\/blog2\/wp-content\/uploads\/2017\/10\/09-9733-post\/Babyfotografin_NRW_Baby_Neugeborenes_newborn-Fotoshooting_Familienfotoshooting_KatharinaDressen_Geburt_Schwanger_Hebamme_Fotostudio_Koeln-768x511.jpg 768w\" sizes=\"(max-width: 960px) 100vw, 960px\" \/><img decoding=\"async\" loading=\"lazy\" class=\"aligncenter size-full wp-image-9740\" src=\"http:\/\/vereinigung-professioneller-kinderfotografen.de\/blog2\/wp-content\/uploads\/2017\/10\/09-9733-post\/Babyfotografin_Baby-Fotoshooting_Neugeborenes_newborn_Familienfotoshooting_KatharinaDressen_Geburt_Schwanger_Hebamme_Fotostudio_Duesseldorf.jpg\" alt=\"\" width=\"639\" height=\"960\" srcset=\"https:\/\/vereinigung-professioneller-kinderfotografen.de\/blog2\/wp-content\/uploads\/2017\/10\/09-9733-post\/Babyfotografin_Baby-Fotoshooting_Neugeborenes_newborn_Familienfotoshooting_KatharinaDressen_Geburt_Schwanger_Hebamme_Fotostudio_Duesseldorf.jpg 639w, https:\/\/vereinigung-professioneller-kinderfotografen.de\/blog2\/wp-content\/uploads\/2017\/10\/09-9733-post\/Babyfotografin_Baby-Fotoshooting_Neugeborenes_newborn_Familienfotoshooting_KatharinaDressen_Geburt_Schwanger_Hebamme_Fotostudio_Duesseldorf-200x300.jpg 200w\" sizes=\"(max-width: 639px) 100vw, 639px\" \/><img decoding=\"async\" loading=\"lazy\" class=\"aligncenter size-full wp-image-9741\" src=\"http:\/\/vereinigung-professioneller-kinderfotografen.de\/blog2\/wp-content\/uploads\/2017\/10\/09-9733-post\/Babyfotografin_Baby-Fotoshooting_Neugeborenes_newborn_Familienfotoshooting_KatharinaDressen_Geburt_Schwanger_Hebamme_Fotostudio_Moenchengladbach.jpg\" alt=\"\" width=\"960\" height=\"639\" srcset=\"https:\/\/vereinigung-professioneller-kinderfotografen.de\/blog2\/wp-content\/uploads\/2017\/10\/09-9733-post\/Babyfotografin_Baby-Fotoshooting_Neugeborenes_newborn_Familienfotoshooting_KatharinaDressen_Geburt_Schwanger_Hebamme_Fotostudio_Moenchengladbach.jpg 960w, https:\/\/vereinigung-professioneller-kinderfotografen.de\/blog2\/wp-content\/uploads\/2017\/10\/09-9733-post\/Babyfotografin_Baby-Fotoshooting_Neugeborenes_newborn_Familienfotoshooting_KatharinaDressen_Geburt_Schwanger_Hebamme_Fotostudio_Moenchengladbach-300x200.jpg 300w, https:\/\/vereinigung-professioneller-kinderfotografen.de\/blog2\/wp-content\/uploads\/2017\/10\/09-9733-post\/Babyfotografin_Baby-Fotoshooting_Neugeborenes_newborn_Familienfotoshooting_KatharinaDressen_Geburt_Schwanger_Hebamme_Fotostudio_Moenchengladbach-768x511.jpg 768w\" sizes=\"(max-width: 960px) 100vw, 960px\" \/><img decoding=\"async\" loading=\"lazy\" class=\"aligncenter size-full wp-image-9742\" src=\"http:\/\/vereinigung-professioneller-kinderfotografen.de\/blog2\/wp-content\/uploads\/2017\/10\/09-9733-post\/Babyfotografin_Baby-Fotoshooting_Neugeborenes_newborn_Familienfotoshooting_KatharinaDressen_Geburt_Schwanger_Hebamme_Fotostudio.jpg\" alt=\"\" width=\"960\" height=\"639\" srcset=\"https:\/\/vereinigung-professioneller-kinderfotografen.de\/blog2\/wp-content\/uploads\/2017\/10\/09-9733-post\/Babyfotografin_Baby-Fotoshooting_Neugeborenes_newborn_Familienfotoshooting_KatharinaDressen_Geburt_Schwanger_Hebamme_Fotostudio.jpg 960w, https:\/\/vereinigung-professioneller-kinderfotografen.de\/blog2\/wp-content\/uploads\/2017\/10\/09-9733-post\/Babyfotografin_Baby-Fotoshooting_Neugeborenes_newborn_Familienfotoshooting_KatharinaDressen_Geburt_Schwanger_Hebamme_Fotostudio-300x200.jpg 300w, https:\/\/vereinigung-professioneller-kinderfotografen.de\/blog2\/wp-content\/uploads\/2017\/10\/09-9733-post\/Babyfotografin_Baby-Fotoshooting_Neugeborenes_newborn_Familienfotoshooting_KatharinaDressen_Geburt_Schwanger_Hebamme_Fotostudio-768x511.jpg 768w\" sizes=\"(max-width: 960px) 100vw, 960px\" \/><img decoding=\"async\" loading=\"lazy\" class=\"aligncenter size-full wp-image-9739\" src=\"http:\/\/vereinigung-professioneller-kinderfotografen.de\/blog2\/wp-content\/uploads\/2017\/10\/09-9733-post\/Babyfotografin_Baby_Neugeborenes_newborn-Fotoshooting_KatharinaDressen_Geburtshaus_Schwanger_Hebamme_Fotostudio_Moenchengladbach_Duesseldorf.jpg\" alt=\"\" width=\"960\" height=\"639\" srcset=\"https:\/\/vereinigung-professioneller-kinderfotografen.de\/blog2\/wp-content\/uploads\/2017\/10\/09-9733-post\/Babyfotografin_Baby_Neugeborenes_newborn-Fotoshooting_KatharinaDressen_Geburtshaus_Schwanger_Hebamme_Fotostudio_Moenchengladbach_Duesseldorf.jpg 960w, https:\/\/vereinigung-professioneller-kinderfotografen.de\/blog2\/wp-content\/uploads\/2017\/10\/09-9733-post\/Babyfotografin_Baby_Neugeborenes_newborn-Fotoshooting_KatharinaDressen_Geburtshaus_Schwanger_Hebamme_Fotostudio_Moenchengladbach_Duesseldorf-300x200.jpg 300w, https:\/\/vereinigung-professioneller-kinderfotografen.de\/blog2\/wp-content\/uploads\/2017\/10\/09-9733-post\/Babyfotografin_Baby_Neugeborenes_newborn-Fotoshooting_KatharinaDressen_Geburtshaus_Schwanger_Hebamme_Fotostudio_Moenchengladbach_Duesseldorf-768x511.jpg 768w\" sizes=\"(max-width: 960px) 100vw, 960px\" \/><\/p>\n","protected":false},"excerpt":{"rendered":"<p>Der kleine Anton&#8230;. Ich wei\u00df gar nicht, wo ich anfangen soll, so s\u00fc\u00df und lieb war er beim Shooting. Diese samtbraunen Kulleraugen, schauten so sanft und warm. Und dazu diese s\u00fc\u00dfen kleinen Krollel\u00f6cken. Hach, zum dahin schmelzen&#8230;.\u00a0 Und der kleine Anton hat das riesige Gl\u00fcck, eine ganz, ganz tolle, gro\u00dfe Schwester zu haben. Die ihn...<\/p>\n","protected":false},"author":2,"featured_media":0,"comment_status":"closed","ping_status":"closed","sticky":false,"template":"","format":"standard","meta":{"pp_embeds":""},"categories":[92],"tags":[14,130,12,83,10,16,11,91,127,126,657,93,19,26,15,25,27,241,37,33],"acf":[],"_links":{"self":[{"href":"https:\/\/vereinigung-professioneller-kinderfotografen.de\/blog2\/wp-json\/wp\/v2\/posts\/9733"}],"collection":[{"href":"https:\/\/vereinigung-professioneller-kinderfotografen.de\/blog2\/wp-json\/wp\/v2\/posts"}],"about":[{"href":"https:\/\/vereinigung-professioneller-kinderfotografen.de\/blog2\/wp-json\/wp\/v2\/types\/post"}],"author":[{"embeddable":true,"href":"https:\/\/vereinigung-professioneller-kinderfotografen.de\/blog2\/wp-json\/wp\/v2\/users\/2"}],"replies":[{"embeddable":true,"href":"https:\/\/vereinigung-professioneller-kinderfotografen.de\/blog2\/wp-json\/wp\/v2\/comments?post=9733"}],"version-history":[{"count":2,"href":"https:\/\/vereinigung-professioneller-kinderfotografen.de\/blog2\/wp-json\/wp\/v2\/posts\/9733\/revisions"}],"predecessor-version":[{"id":9745,"href":"https:\/\/vereinigung-professioneller-kinderfotografen.de\/blog2\/wp-json\/wp\/v2\/posts\/9733\/revisions\/9745"}],"wp:attachment":[{"href":"https:\/\/vereinigung-professioneller-kinderfotografen.de\/blog2\/wp-json\/wp\/v2\/media?parent=9733"}],"wp:term":[{"taxonomy":"category","embeddable":true,"href":"https:\/\/vereinigung-professioneller-kinderfotografen.de\/blog2\/wp-json\/wp\/v2\/categories?post=9733"},{"taxonomy":"post_tag","embeddable":true,"href":"https:\/\/vereinigung-professioneller-kinderfotografen.de\/blog2\/wp-json\/wp\/v2\/tags?post=9733"}],"curies":[{"name":"wp","href":"https:\/\/api.w.org\/{rel}","templated":true}]}}