{"id":9681,"date":"2017-10-01T11:54:50","date_gmt":"2017-10-01T09:54:50","guid":{"rendered":"http:\/\/vereinigung-professioneller-kinderfotografen.de\/blog2\/?p=9681"},"modified":"2017-10-01T11:58:52","modified_gmt":"2017-10-01T09:58:52","slug":"9681-2","status":"publish","type":"post","link":"https:\/\/vereinigung-professioneller-kinderfotografen.de\/blog2\/9681-2\/","title":{"rendered":"Babybauchfotos im Abendlicht von Fotodesign Jacqueline Schleicher"},"content":{"rendered":"<p>Wenn man genau zum Babybauchshootingtermin mit solch einem wundervollen Abendlicht belohnt wird, ist das einfach nur gro\u00dfartig. Gro\u00dfartig war auch das sympathische Paar, f\u00fcr welches unsere Fotografin Jacqueline Schleicher unvergessliche Babybaucherinnerungen zaubern durfte.<\/p>\n<p>Mehr Arbeiten von Fotodesign Jacqueline Schleicher gibt es unter:  <a href=\"http:\/\/www.fotodesign-schleicher.de\">www.fotodesign-schleicher.de<\/a> oder bei Facebook: <a href=\"https:\/\/www.facebook.com\/fotodesign.jacqueline.schleicher\/\">https:\/\/www.facebook.com\/fotodesign.jacqueline.schleicher\/<\/a><\/p>\n<p><img decoding=\"async\" loading=\"lazy\" class=\"aligncenter size-full wp-image-9692\" src=\"http:\/\/vereinigung-professioneller-kinderfotografen.de\/blog2\/wp-content\/uploads\/2017\/10\/01-9681-post\/Babybauchfotos_Dachau_17.jpg\" alt=\"\" width=\"900\" height=\"616\" srcset=\"https:\/\/vereinigung-professioneller-kinderfotografen.de\/blog2\/wp-content\/uploads\/2017\/10\/01-9681-post\/Babybauchfotos_Dachau_17.jpg 900w, https:\/\/vereinigung-professioneller-kinderfotografen.de\/blog2\/wp-content\/uploads\/2017\/10\/01-9681-post\/Babybauchfotos_Dachau_17-300x205.jpg 300w, https:\/\/vereinigung-professioneller-kinderfotografen.de\/blog2\/wp-content\/uploads\/2017\/10\/01-9681-post\/Babybauchfotos_Dachau_17-768x526.jpg 768w\" sizes=\"(max-width: 900px) 100vw, 900px\" \/><img decoding=\"async\" loading=\"lazy\" class=\"aligncenter size-full wp-image-9687\" src=\"http:\/\/vereinigung-professioneller-kinderfotografen.de\/blog2\/wp-content\/uploads\/2017\/10\/01-9681-post\/Babybauchfotos_Dachau_16.jpg\" alt=\"\" width=\"900\" height=\"616\" srcset=\"https:\/\/vereinigung-professioneller-kinderfotografen.de\/blog2\/wp-content\/uploads\/2017\/10\/01-9681-post\/Babybauchfotos_Dachau_16.jpg 900w, https:\/\/vereinigung-professioneller-kinderfotografen.de\/blog2\/wp-content\/uploads\/2017\/10\/01-9681-post\/Babybauchfotos_Dachau_16-300x205.jpg 300w, https:\/\/vereinigung-professioneller-kinderfotografen.de\/blog2\/wp-content\/uploads\/2017\/10\/01-9681-post\/Babybauchfotos_Dachau_16-768x526.jpg 768w\" sizes=\"(max-width: 900px) 100vw, 900px\" \/><img decoding=\"async\" loading=\"lazy\" class=\"aligncenter size-full wp-image-9684\" src=\"http:\/\/vereinigung-professioneller-kinderfotografen.de\/blog2\/wp-content\/uploads\/2017\/10\/01-9681-post\/Babybauchfotos_Dachau_13.jpg\" alt=\"\" width=\"900\" height=\"616\" srcset=\"https:\/\/vereinigung-professioneller-kinderfotografen.de\/blog2\/wp-content\/uploads\/2017\/10\/01-9681-post\/Babybauchfotos_Dachau_13.jpg 900w, https:\/\/vereinigung-professioneller-kinderfotografen.de\/blog2\/wp-content\/uploads\/2017\/10\/01-9681-post\/Babybauchfotos_Dachau_13-300x205.jpg 300w, https:\/\/vereinigung-professioneller-kinderfotografen.de\/blog2\/wp-content\/uploads\/2017\/10\/01-9681-post\/Babybauchfotos_Dachau_13-768x526.jpg 768w\" sizes=\"(max-width: 900px) 100vw, 900px\" \/><img decoding=\"async\" loading=\"lazy\" class=\"aligncenter size-full wp-image-9686\" src=\"http:\/\/vereinigung-professioneller-kinderfotografen.de\/blog2\/wp-content\/uploads\/2017\/10\/01-9681-post\/Babybauchfotos_Dachau_15.jpg\" alt=\"\" width=\"900\" height=\"616\" srcset=\"https:\/\/vereinigung-professioneller-kinderfotografen.de\/blog2\/wp-content\/uploads\/2017\/10\/01-9681-post\/Babybauchfotos_Dachau_15.jpg 900w, https:\/\/vereinigung-professioneller-kinderfotografen.de\/blog2\/wp-content\/uploads\/2017\/10\/01-9681-post\/Babybauchfotos_Dachau_15-300x205.jpg 300w, https:\/\/vereinigung-professioneller-kinderfotografen.de\/blog2\/wp-content\/uploads\/2017\/10\/01-9681-post\/Babybauchfotos_Dachau_15-768x526.jpg 768w\" sizes=\"(max-width: 900px) 100vw, 900px\" \/><img decoding=\"async\" loading=\"lazy\" class=\"aligncenter size-full wp-image-9685\" src=\"http:\/\/vereinigung-professioneller-kinderfotografen.de\/blog2\/wp-content\/uploads\/2017\/10\/01-9681-post\/Babybauchfotos_Dachau_14.jpg\" alt=\"\" width=\"900\" height=\"616\" srcset=\"https:\/\/vereinigung-professioneller-kinderfotografen.de\/blog2\/wp-content\/uploads\/2017\/10\/01-9681-post\/Babybauchfotos_Dachau_14.jpg 900w, https:\/\/vereinigung-professioneller-kinderfotografen.de\/blog2\/wp-content\/uploads\/2017\/10\/01-9681-post\/Babybauchfotos_Dachau_14-300x205.jpg 300w, https:\/\/vereinigung-professioneller-kinderfotografen.de\/blog2\/wp-content\/uploads\/2017\/10\/01-9681-post\/Babybauchfotos_Dachau_14-768x526.jpg 768w\" sizes=\"(max-width: 900px) 100vw, 900px\" \/><img decoding=\"async\" loading=\"lazy\" class=\"aligncenter size-full wp-image-9682\" src=\"http:\/\/vereinigung-professioneller-kinderfotografen.de\/blog2\/wp-content\/uploads\/2017\/10\/01-9681-post\/Babybauchfotos_Dachau_11.jpg\" alt=\"\" width=\"900\" height=\"616\" srcset=\"https:\/\/vereinigung-professioneller-kinderfotografen.de\/blog2\/wp-content\/uploads\/2017\/10\/01-9681-post\/Babybauchfotos_Dachau_11.jpg 900w, https:\/\/vereinigung-professioneller-kinderfotografen.de\/blog2\/wp-content\/uploads\/2017\/10\/01-9681-post\/Babybauchfotos_Dachau_11-300x205.jpg 300w, https:\/\/vereinigung-professioneller-kinderfotografen.de\/blog2\/wp-content\/uploads\/2017\/10\/01-9681-post\/Babybauchfotos_Dachau_11-768x526.jpg 768w\" sizes=\"(max-width: 900px) 100vw, 900px\" \/><img decoding=\"async\" loading=\"lazy\" class=\"aligncenter size-full wp-image-9690\" src=\"http:\/\/vereinigung-professioneller-kinderfotografen.de\/blog2\/wp-content\/uploads\/2017\/10\/01-9681-post\/Babybauchfotos_Dachau_19.jpg\" alt=\"\" width=\"900\" height=\"616\" srcset=\"https:\/\/vereinigung-professioneller-kinderfotografen.de\/blog2\/wp-content\/uploads\/2017\/10\/01-9681-post\/Babybauchfotos_Dachau_19.jpg 900w, https:\/\/vereinigung-professioneller-kinderfotografen.de\/blog2\/wp-content\/uploads\/2017\/10\/01-9681-post\/Babybauchfotos_Dachau_19-300x205.jpg 300w, https:\/\/vereinigung-professioneller-kinderfotografen.de\/blog2\/wp-content\/uploads\/2017\/10\/01-9681-post\/Babybauchfotos_Dachau_19-768x526.jpg 768w\" sizes=\"(max-width: 900px) 100vw, 900px\" \/><img decoding=\"async\" loading=\"lazy\" class=\"aligncenter size-full wp-image-9683\" src=\"http:\/\/vereinigung-professioneller-kinderfotografen.de\/blog2\/wp-content\/uploads\/2017\/10\/01-9681-post\/Babybauchfotos_Dachau_12.jpg\" alt=\"\" width=\"900\" height=\"616\" srcset=\"https:\/\/vereinigung-professioneller-kinderfotografen.de\/blog2\/wp-content\/uploads\/2017\/10\/01-9681-post\/Babybauchfotos_Dachau_12.jpg 900w, https:\/\/vereinigung-professioneller-kinderfotografen.de\/blog2\/wp-content\/uploads\/2017\/10\/01-9681-post\/Babybauchfotos_Dachau_12-300x205.jpg 300w, https:\/\/vereinigung-professioneller-kinderfotografen.de\/blog2\/wp-content\/uploads\/2017\/10\/01-9681-post\/Babybauchfotos_Dachau_12-768x526.jpg 768w\" sizes=\"(max-width: 900px) 100vw, 900px\" \/><img decoding=\"async\" loading=\"lazy\" class=\"aligncenter size-full wp-image-9689\" src=\"http:\/\/vereinigung-professioneller-kinderfotografen.de\/blog2\/wp-content\/uploads\/2017\/10\/01-9681-post\/Babybauchfotos_Dachau_18.jpg\" alt=\"\" width=\"900\" height=\"616\" srcset=\"https:\/\/vereinigung-professioneller-kinderfotografen.de\/blog2\/wp-content\/uploads\/2017\/10\/01-9681-post\/Babybauchfotos_Dachau_18.jpg 900w, https:\/\/vereinigung-professioneller-kinderfotografen.de\/blog2\/wp-content\/uploads\/2017\/10\/01-9681-post\/Babybauchfotos_Dachau_18-300x205.jpg 300w, https:\/\/vereinigung-professioneller-kinderfotografen.de\/blog2\/wp-content\/uploads\/2017\/10\/01-9681-post\/Babybauchfotos_Dachau_18-768x526.jpg 768w\" sizes=\"(max-width: 900px) 100vw, 900px\" \/><\/p>\n","protected":false},"excerpt":{"rendered":"<p>Wenn man genau zum Babybauchshootingtermin mit solch einem wundervollen Abendlicht belohnt wird, ist das einfach nur gro\u00dfartig. Gro\u00dfartig war auch das sympathische Paar, f\u00fcr welches unsere Fotografin Jacqueline Schleicher unvergessliche Babybaucherinnerungen zaubern durfte. Mehr Arbeiten von Fotodesign Jacqueline Schleicher gibt es unter: www.fotodesign-schleicher.de oder bei Facebook: https:\/\/www.facebook.com\/fotodesign.jacqueline.schleicher\/<\/p>\n","protected":false},"author":2,"featured_media":0,"comment_status":"closed","ping_status":"closed","sticky":false,"template":"","format":"standard","meta":{"pp_embeds":""},"categories":[578,1],"tags":[429,580,1033,117,1034,651,354,61,1032,82,74,1115],"acf":[],"_links":{"self":[{"href":"https:\/\/vereinigung-professioneller-kinderfotografen.de\/blog2\/wp-json\/wp\/v2\/posts\/9681"}],"collection":[{"href":"https:\/\/vereinigung-professioneller-kinderfotografen.de\/blog2\/wp-json\/wp\/v2\/posts"}],"about":[{"href":"https:\/\/vereinigung-professioneller-kinderfotografen.de\/blog2\/wp-json\/wp\/v2\/types\/post"}],"author":[{"embeddable":true,"href":"https:\/\/vereinigung-professioneller-kinderfotografen.de\/blog2\/wp-json\/wp\/v2\/users\/2"}],"replies":[{"embeddable":true,"href":"https:\/\/vereinigung-professioneller-kinderfotografen.de\/blog2\/wp-json\/wp\/v2\/comments?post=9681"}],"version-history":[{"count":6,"href":"https:\/\/vereinigung-professioneller-kinderfotografen.de\/blog2\/wp-json\/wp\/v2\/posts\/9681\/revisions"}],"predecessor-version":[{"id":9697,"href":"https:\/\/vereinigung-professioneller-kinderfotografen.de\/blog2\/wp-json\/wp\/v2\/posts\/9681\/revisions\/9697"}],"wp:attachment":[{"href":"https:\/\/vereinigung-professioneller-kinderfotografen.de\/blog2\/wp-json\/wp\/v2\/media?parent=9681"}],"wp:term":[{"taxonomy":"category","embeddable":true,"href":"https:\/\/vereinigung-professioneller-kinderfotografen.de\/blog2\/wp-json\/wp\/v2\/categories?post=9681"},{"taxonomy":"post_tag","embeddable":true,"href":"https:\/\/vereinigung-professioneller-kinderfotografen.de\/blog2\/wp-json\/wp\/v2\/tags?post=9681"}],"curies":[{"name":"wp","href":"https:\/\/api.w.org\/{rel}","templated":true}]}}