{"id":9543,"date":"2017-12-17T10:29:28","date_gmt":"2017-12-17T08:29:28","guid":{"rendered":"http:\/\/vereinigung-professioneller-kinderfotografen.de\/blog2\/?p=9543"},"modified":"2017-09-07T10:33:04","modified_gmt":"2017-09-07T08:33:04","slug":"neugeborenenfotos-aus-nuernberg","status":"publish","type":"post","link":"https:\/\/vereinigung-professioneller-kinderfotografen.de\/blog2\/neugeborenenfotos-aus-nuernberg\/","title":{"rendered":"Neugeborenenfotos aus N\u00fcrnberg"},"content":{"rendered":"<p>Der s\u00fc\u00dfe Kerim war zusammen mit seiner gro\u00dfen Schwester vor einiger Zeit bei unserer Fotografin Katja Sch\u00fcnemann zu Gast. Heute zeigen wir Euch die sch\u00f6nsten Bilder aus dem Shooting.<br \/>\n<img decoding=\"async\" loading=\"lazy\" class=\"pp-insert-all size-full aligncenter\" src=\"http:\/\/vereinigung-professioneller-kinderfotografen.de\/blog2\/wp-content\/uploads\/2017\/09\/07-9543-post\/Babyfotografin_Heroldsberg_001_Fotostudio_Nuernberg.jpg\" alt=\"\" width=\"900\" height=\"600\" \/><img decoding=\"async\" loading=\"lazy\" class=\"pp-insert-all size-full aligncenter\" src=\"http:\/\/vereinigung-professioneller-kinderfotografen.de\/blog2\/wp-content\/uploads\/2017\/09\/07-9543-post\/Babyfotografin_Heroldsberg_002_Fotostudio_Nuernberg.jpg\" alt=\"\" width=\"900\" height=\"600\" \/><img decoding=\"async\" loading=\"lazy\" class=\"pp-insert-all size-full aligncenter\" src=\"http:\/\/vereinigung-professioneller-kinderfotografen.de\/blog2\/wp-content\/uploads\/2017\/09\/07-9543-post\/Babyfotografin_Heroldsberg_003_Fotostudio_Nuernberg.jpg\" alt=\"\" width=\"900\" height=\"600\" \/><img decoding=\"async\" loading=\"lazy\" class=\"pp-insert-all size-full aligncenter\" src=\"http:\/\/vereinigung-professioneller-kinderfotografen.de\/blog2\/wp-content\/uploads\/2017\/09\/07-9543-post\/Babyfotografin_Heroldsberg_004_Fotostudio_Nuernberg.jpg\" alt=\"\" width=\"900\" height=\"600\" \/><img decoding=\"async\" loading=\"lazy\" class=\"pp-insert-all size-full aligncenter\" src=\"http:\/\/vereinigung-professioneller-kinderfotografen.de\/blog2\/wp-content\/uploads\/2017\/09\/07-9543-post\/Babyfotografin_Heroldsberg_005_Fotostudio_Nuernberg.jpg\" alt=\"\" width=\"900\" height=\"600\" \/><img decoding=\"async\" loading=\"lazy\" class=\"pp-insert-all size-full aligncenter\" src=\"http:\/\/vereinigung-professioneller-kinderfotografen.de\/blog2\/wp-content\/uploads\/2017\/09\/07-9543-post\/Babyfotografin_Heroldsberg_006_Fotostudio_Nuernberg.jpg\" alt=\"\" width=\"400\" height=\"600\" \/><img decoding=\"async\" loading=\"lazy\" class=\"pp-insert-all size-full aligncenter\" src=\"http:\/\/vereinigung-professioneller-kinderfotografen.de\/blog2\/wp-content\/uploads\/2017\/09\/07-9543-post\/Babyfotografin_Heroldsberg_007_Fotostudio_Nuernberg.jpg\" alt=\"\" width=\"400\" height=\"600\" \/><img decoding=\"async\" loading=\"lazy\" class=\"pp-insert-all size-full aligncenter\" src=\"http:\/\/vereinigung-professioneller-kinderfotografen.de\/blog2\/wp-content\/uploads\/2017\/09\/07-9543-post\/Babyfotografin_Heroldsberg_008_Fotostudio_Nuernberg.jpg\" alt=\"\" width=\"900\" height=\"600\" \/><img decoding=\"async\" loading=\"lazy\" class=\"pp-insert-all size-full aligncenter\" src=\"http:\/\/vereinigung-professioneller-kinderfotografen.de\/blog2\/wp-content\/uploads\/2017\/09\/07-9543-post\/Babyfotografin_Heroldsberg_009_Fotostudio_Nuernberg.jpg\" alt=\"\" width=\"900\" height=\"600\" \/><img decoding=\"async\" loading=\"lazy\" class=\"pp-insert-all size-full aligncenter\" src=\"http:\/\/vereinigung-professioneller-kinderfotografen.de\/blog2\/wp-content\/uploads\/2017\/09\/07-9543-post\/Babyfotografin_Heroldsberg_010_Fotostudio_Nuernberg.jpg\" alt=\"\" width=\"900\" height=\"600\" \/><img decoding=\"async\" loading=\"lazy\" class=\"pp-insert-all size-full aligncenter\" src=\"http:\/\/vereinigung-professioneller-kinderfotografen.de\/blog2\/wp-content\/uploads\/2017\/09\/07-9543-post\/Babyfotografin_Heroldsberg_011_Fotostudio_Nuernberg.jpg\" alt=\"\" width=\"900\" height=\"600\" \/><img decoding=\"async\" loading=\"lazy\" class=\"pp-insert-all size-full aligncenter\" src=\"http:\/\/vereinigung-professioneller-kinderfotografen.de\/blog2\/wp-content\/uploads\/2017\/09\/07-9543-post\/Babyfotografin_Heroldsberg_012_Fotostudio_Nuernberg.jpg\" alt=\"\" width=\"900\" height=\"600\" \/><img decoding=\"async\" loading=\"lazy\" class=\"pp-insert-all size-full aligncenter\" src=\"http:\/\/vereinigung-professioneller-kinderfotografen.de\/blog2\/wp-content\/uploads\/2017\/09\/07-9543-post\/Babyfotografin_Heroldsberg_014_Fotostudio_Nuernberg.jpg\" alt=\"\" width=\"900\" height=\"600\" \/><img decoding=\"async\" loading=\"lazy\" class=\"pp-insert-all size-full aligncenter\" src=\"http:\/\/vereinigung-professioneller-kinderfotografen.de\/blog2\/wp-content\/uploads\/2017\/09\/07-9543-post\/Babyfotografin_Heroldsberg_015_Fotostudio_Nuernberg.jpg\" alt=\"\" width=\"900\" height=\"600\" \/><img decoding=\"async\" loading=\"lazy\" class=\"pp-insert-all size-full aligncenter\" src=\"http:\/\/vereinigung-professioneller-kinderfotografen.de\/blog2\/wp-content\/uploads\/2017\/09\/07-9543-post\/Babyfotografin_Heroldsberg_016_Fotostudio_Nuernberg.jpg\" alt=\"\" width=\"900\" height=\"600\" \/><\/p>\n","protected":false},"excerpt":{"rendered":"<p>Der s\u00fc\u00dfe Kerim war zusammen mit seiner gro\u00dfen Schwester vor einiger Zeit bei unserer Fotografin Katja Sch\u00fcnemann zu Gast. Heute zeigen wir Euch die sch\u00f6nsten Bilder aus dem Shooting.<\/p>\n","protected":false},"author":2,"featured_media":0,"comment_status":"closed","ping_status":"closed","sticky":false,"template":"","format":"standard","meta":{"pp_embeds":""},"categories":[381],"tags":[229,1102],"acf":[],"_links":{"self":[{"href":"https:\/\/vereinigung-professioneller-kinderfotografen.de\/blog2\/wp-json\/wp\/v2\/posts\/9543"}],"collection":[{"href":"https:\/\/vereinigung-professioneller-kinderfotografen.de\/blog2\/wp-json\/wp\/v2\/posts"}],"about":[{"href":"https:\/\/vereinigung-professioneller-kinderfotografen.de\/blog2\/wp-json\/wp\/v2\/types\/post"}],"author":[{"embeddable":true,"href":"https:\/\/vereinigung-professioneller-kinderfotografen.de\/blog2\/wp-json\/wp\/v2\/users\/2"}],"replies":[{"embeddable":true,"href":"https:\/\/vereinigung-professioneller-kinderfotografen.de\/blog2\/wp-json\/wp\/v2\/comments?post=9543"}],"version-history":[{"count":1,"href":"https:\/\/vereinigung-professioneller-kinderfotografen.de\/blog2\/wp-json\/wp\/v2\/posts\/9543\/revisions"}],"predecessor-version":[{"id":9561,"href":"https:\/\/vereinigung-professioneller-kinderfotografen.de\/blog2\/wp-json\/wp\/v2\/posts\/9543\/revisions\/9561"}],"wp:attachment":[{"href":"https:\/\/vereinigung-professioneller-kinderfotografen.de\/blog2\/wp-json\/wp\/v2\/media?parent=9543"}],"wp:term":[{"taxonomy":"category","embeddable":true,"href":"https:\/\/vereinigung-professioneller-kinderfotografen.de\/blog2\/wp-json\/wp\/v2\/categories?post=9543"},{"taxonomy":"post_tag","embeddable":true,"href":"https:\/\/vereinigung-professioneller-kinderfotografen.de\/blog2\/wp-json\/wp\/v2\/tags?post=9543"}],"curies":[{"name":"wp","href":"https:\/\/api.w.org\/{rel}","templated":true}]}}