{"id":9379,"date":"2017-09-25T09:04:28","date_gmt":"2017-09-25T07:04:28","guid":{"rendered":"http:\/\/vereinigung-professioneller-kinderfotografen.de\/blog2\/?p=9379"},"modified":"2017-08-05T19:17:07","modified_gmt":"2017-08-05T17:17:07","slug":"babyfotos-mit-hannah-babyfotograf-berlin","status":"publish","type":"post","link":"https:\/\/vereinigung-professioneller-kinderfotografen.de\/blog2\/babyfotos-mit-hannah-babyfotograf-berlin\/","title":{"rendered":"Babyfotos mit Hannah | Babyfotograf Berlin"},"content":{"rendered":"<p style=\"text-align: center\">&#8230;die s\u00fc\u00dfe Hannah hatte eine weite Anreise in mein Fotost\u00fcbchen nach Potsdam&#8230;<\/p>\n<p style=\"text-align: center\">&#8230;sie ist mit ihren Eltern und ihrem kleinen Bruder angereist&#8230;um die zarten ersten Momente in Bilder malen zu lassen&#8230;<\/p>\n<p style=\"text-align: center\">&#8230;wundersch\u00f6ne Babyfotos konnte ich von ihr zaubern&#8230;und auch Theo kam nat\u00fcrlich mit auf die Fotos&#8230;<\/p>\n<p style=\"text-align: center\">&#8230;vor ein paar Jahren habe ich die Hochzeit von Hannahs Eltern fotografiert in Wolfsburg&#8230;<\/p>\n<p style=\"text-align: center\">&#8230;und nun kamen sie ganz stolz mit ihren zwei M\u00e4usen in mein Fotostudio kurz vor den Toren von Berlin&#8230;<\/p>\n<p style=\"text-align: center\">&#8230;viel Freude beim Anschauen der s\u00fc\u00dfen Neugeborenenfotos&#8230;<\/p>\n<p style=\"text-align: center\">Fotostudio f\u00fcr Babys in Berlin und Potsdam : <span style=\"color: #800000\"><a style=\"color: #800000\" href=\"https:\/\/babyfotograf-berlin.de\/\" target=\"_blank\" rel=\"noopener noreferrer\">Doreen Schaldach Fotografie<\/a><\/span><\/p>\n<p><img decoding=\"async\" loading=\"lazy\" class=\"aligncenter size-full wp-image-9381\" src=\"http:\/\/vereinigung-professioneller-kinderfotografen.de\/blog2\/wp-content\/uploads\/2017\/08\/05-9379-post\/babyfotograf-berlin-1.jpg\" alt=\"Babyfotograf Berlin\" width=\"873\" height=\"618\" srcset=\"https:\/\/vereinigung-professioneller-kinderfotografen.de\/blog2\/wp-content\/uploads\/2017\/08\/05-9379-post\/babyfotograf-berlin-1.jpg 873w, https:\/\/vereinigung-professioneller-kinderfotografen.de\/blog2\/wp-content\/uploads\/2017\/08\/05-9379-post\/babyfotograf-berlin-1-300x212.jpg 300w, https:\/\/vereinigung-professioneller-kinderfotografen.de\/blog2\/wp-content\/uploads\/2017\/08\/05-9379-post\/babyfotograf-berlin-1-768x544.jpg 768w\" sizes=\"(max-width: 873px) 100vw, 873px\" \/><img decoding=\"async\" loading=\"lazy\" class=\"aligncenter size-full wp-image-9382\" src=\"http:\/\/vereinigung-professioneller-kinderfotografen.de\/blog2\/wp-content\/uploads\/2017\/08\/05-9379-post\/babyfotograf-berlin-2.jpg\" alt=\"Babyfotograf Berlin\" width=\"873\" height=\"618\" srcset=\"https:\/\/vereinigung-professioneller-kinderfotografen.de\/blog2\/wp-content\/uploads\/2017\/08\/05-9379-post\/babyfotograf-berlin-2.jpg 873w, https:\/\/vereinigung-professioneller-kinderfotografen.de\/blog2\/wp-content\/uploads\/2017\/08\/05-9379-post\/babyfotograf-berlin-2-300x212.jpg 300w, https:\/\/vereinigung-professioneller-kinderfotografen.de\/blog2\/wp-content\/uploads\/2017\/08\/05-9379-post\/babyfotograf-berlin-2-768x544.jpg 768w\" sizes=\"(max-width: 873px) 100vw, 873px\" \/><img decoding=\"async\" loading=\"lazy\" class=\"aligncenter size-full wp-image-9383\" src=\"http:\/\/vereinigung-professioneller-kinderfotografen.de\/blog2\/wp-content\/uploads\/2017\/08\/05-9379-post\/babyfotograf-berlin-3.jpg\" alt=\"Babyfotograf Berlin\" width=\"873\" height=\"618\" srcset=\"https:\/\/vereinigung-professioneller-kinderfotografen.de\/blog2\/wp-content\/uploads\/2017\/08\/05-9379-post\/babyfotograf-berlin-3.jpg 873w, https:\/\/vereinigung-professioneller-kinderfotografen.de\/blog2\/wp-content\/uploads\/2017\/08\/05-9379-post\/babyfotograf-berlin-3-300x212.jpg 300w, https:\/\/vereinigung-professioneller-kinderfotografen.de\/blog2\/wp-content\/uploads\/2017\/08\/05-9379-post\/babyfotograf-berlin-3-768x544.jpg 768w\" sizes=\"(max-width: 873px) 100vw, 873px\" \/><img decoding=\"async\" loading=\"lazy\" class=\"aligncenter size-full wp-image-9385\" src=\"http:\/\/vereinigung-professioneller-kinderfotografen.de\/blog2\/wp-content\/uploads\/2017\/08\/05-9379-post\/babyfotograf-berlin-5.jpg\" alt=\"Babyfotograf Berlin\" width=\"873\" height=\"618\" srcset=\"https:\/\/vereinigung-professioneller-kinderfotografen.de\/blog2\/wp-content\/uploads\/2017\/08\/05-9379-post\/babyfotograf-berlin-5.jpg 873w, https:\/\/vereinigung-professioneller-kinderfotografen.de\/blog2\/wp-content\/uploads\/2017\/08\/05-9379-post\/babyfotograf-berlin-5-300x212.jpg 300w, https:\/\/vereinigung-professioneller-kinderfotografen.de\/blog2\/wp-content\/uploads\/2017\/08\/05-9379-post\/babyfotograf-berlin-5-768x544.jpg 768w\" sizes=\"(max-width: 873px) 100vw, 873px\" \/><img decoding=\"async\" loading=\"lazy\" class=\"aligncenter size-full wp-image-9386\" src=\"http:\/\/vereinigung-professioneller-kinderfotografen.de\/blog2\/wp-content\/uploads\/2017\/08\/05-9379-post\/babyfotograf-berlin-6.jpg\" alt=\"\" width=\"873\" height=\"618\" srcset=\"https:\/\/vereinigung-professioneller-kinderfotografen.de\/blog2\/wp-content\/uploads\/2017\/08\/05-9379-post\/babyfotograf-berlin-6.jpg 873w, https:\/\/vereinigung-professioneller-kinderfotografen.de\/blog2\/wp-content\/uploads\/2017\/08\/05-9379-post\/babyfotograf-berlin-6-300x212.jpg 300w, https:\/\/vereinigung-professioneller-kinderfotografen.de\/blog2\/wp-content\/uploads\/2017\/08\/05-9379-post\/babyfotograf-berlin-6-768x544.jpg 768w\" sizes=\"(max-width: 873px) 100vw, 873px\" \/><img decoding=\"async\" loading=\"lazy\" class=\"aligncenter size-full wp-image-9387\" src=\"http:\/\/vereinigung-professioneller-kinderfotografen.de\/blog2\/wp-content\/uploads\/2017\/08\/05-9379-post\/babyfotograf-berlin-7.jpg\" alt=\"Babyfotograf Berlin\" width=\"873\" height=\"618\" srcset=\"https:\/\/vereinigung-professioneller-kinderfotografen.de\/blog2\/wp-content\/uploads\/2017\/08\/05-9379-post\/babyfotograf-berlin-7.jpg 873w, https:\/\/vereinigung-professioneller-kinderfotografen.de\/blog2\/wp-content\/uploads\/2017\/08\/05-9379-post\/babyfotograf-berlin-7-300x212.jpg 300w, https:\/\/vereinigung-professioneller-kinderfotografen.de\/blog2\/wp-content\/uploads\/2017\/08\/05-9379-post\/babyfotograf-berlin-7-768x544.jpg 768w\" sizes=\"(max-width: 873px) 100vw, 873px\" \/><img decoding=\"async\" loading=\"lazy\" class=\"aligncenter size-full wp-image-9388\" src=\"http:\/\/vereinigung-professioneller-kinderfotografen.de\/blog2\/wp-content\/uploads\/2017\/08\/05-9379-post\/babyfotograf-berlin-8.jpg\" alt=\"Babyfotograf Berlin\" width=\"873\" height=\"618\" srcset=\"https:\/\/vereinigung-professioneller-kinderfotografen.de\/blog2\/wp-content\/uploads\/2017\/08\/05-9379-post\/babyfotograf-berlin-8.jpg 873w, https:\/\/vereinigung-professioneller-kinderfotografen.de\/blog2\/wp-content\/uploads\/2017\/08\/05-9379-post\/babyfotograf-berlin-8-300x212.jpg 300w, https:\/\/vereinigung-professioneller-kinderfotografen.de\/blog2\/wp-content\/uploads\/2017\/08\/05-9379-post\/babyfotograf-berlin-8-768x544.jpg 768w\" sizes=\"(max-width: 873px) 100vw, 873px\" \/><img decoding=\"async\" loading=\"lazy\" class=\"aligncenter size-full wp-image-9389\" src=\"http:\/\/vereinigung-professioneller-kinderfotografen.de\/blog2\/wp-content\/uploads\/2017\/08\/05-9379-post\/babyfotograf-berlin-9.jpg\" alt=\"Babyfotograf Berlin\" width=\"873\" height=\"618\" srcset=\"https:\/\/vereinigung-professioneller-kinderfotografen.de\/blog2\/wp-content\/uploads\/2017\/08\/05-9379-post\/babyfotograf-berlin-9.jpg 873w, https:\/\/vereinigung-professioneller-kinderfotografen.de\/blog2\/wp-content\/uploads\/2017\/08\/05-9379-post\/babyfotograf-berlin-9-300x212.jpg 300w, https:\/\/vereinigung-professioneller-kinderfotografen.de\/blog2\/wp-content\/uploads\/2017\/08\/05-9379-post\/babyfotograf-berlin-9-768x544.jpg 768w\" sizes=\"(max-width: 873px) 100vw, 873px\" \/><img decoding=\"async\" loading=\"lazy\" class=\"aligncenter size-full wp-image-9390\" src=\"http:\/\/vereinigung-professioneller-kinderfotografen.de\/blog2\/wp-content\/uploads\/2017\/08\/05-9379-post\/babyfotograf-berlin-10.jpg\" alt=\"babyfotos-berlin \" width=\"873\" height=\"618\" srcset=\"https:\/\/vereinigung-professioneller-kinderfotografen.de\/blog2\/wp-content\/uploads\/2017\/08\/05-9379-post\/babyfotograf-berlin-10.jpg 873w, https:\/\/vereinigung-professioneller-kinderfotografen.de\/blog2\/wp-content\/uploads\/2017\/08\/05-9379-post\/babyfotograf-berlin-10-300x212.jpg 300w, https:\/\/vereinigung-professioneller-kinderfotografen.de\/blog2\/wp-content\/uploads\/2017\/08\/05-9379-post\/babyfotograf-berlin-10-768x544.jpg 768w\" sizes=\"(max-width: 873px) 100vw, 873px\" \/><img decoding=\"async\" loading=\"lazy\" class=\"aligncenter size-full wp-image-9391\" src=\"http:\/\/vereinigung-professioneller-kinderfotografen.de\/blog2\/wp-content\/uploads\/2017\/08\/05-9379-post\/babyfotograf-berlin-11.jpg\" alt=\"babyfotos-berlin \" width=\"873\" height=\"618\" srcset=\"https:\/\/vereinigung-professioneller-kinderfotografen.de\/blog2\/wp-content\/uploads\/2017\/08\/05-9379-post\/babyfotograf-berlin-11.jpg 873w, https:\/\/vereinigung-professioneller-kinderfotografen.de\/blog2\/wp-content\/uploads\/2017\/08\/05-9379-post\/babyfotograf-berlin-11-300x212.jpg 300w, https:\/\/vereinigung-professioneller-kinderfotografen.de\/blog2\/wp-content\/uploads\/2017\/08\/05-9379-post\/babyfotograf-berlin-11-768x544.jpg 768w\" sizes=\"(max-width: 873px) 100vw, 873px\" \/><img decoding=\"async\" loading=\"lazy\" class=\"aligncenter size-full wp-image-9392\" src=\"http:\/\/vereinigung-professioneller-kinderfotografen.de\/blog2\/wp-content\/uploads\/2017\/08\/05-9379-post\/babyfotograf-berlin-12.jpg\" alt=\"babyfotos-berlin \" width=\"873\" height=\"618\" srcset=\"https:\/\/vereinigung-professioneller-kinderfotografen.de\/blog2\/wp-content\/uploads\/2017\/08\/05-9379-post\/babyfotograf-berlin-12.jpg 873w, https:\/\/vereinigung-professioneller-kinderfotografen.de\/blog2\/wp-content\/uploads\/2017\/08\/05-9379-post\/babyfotograf-berlin-12-300x212.jpg 300w, https:\/\/vereinigung-professioneller-kinderfotografen.de\/blog2\/wp-content\/uploads\/2017\/08\/05-9379-post\/babyfotograf-berlin-12-768x544.jpg 768w\" sizes=\"(max-width: 873px) 100vw, 873px\" \/><img decoding=\"async\" loading=\"lazy\" class=\"aligncenter size-full wp-image-9384\" src=\"http:\/\/vereinigung-professioneller-kinderfotografen.de\/blog2\/wp-content\/uploads\/2017\/08\/05-9379-post\/babyfotograf-berlin-4.jpg\" alt=\"Babyfotograf Berlin\" width=\"873\" height=\"618\" srcset=\"https:\/\/vereinigung-professioneller-kinderfotografen.de\/blog2\/wp-content\/uploads\/2017\/08\/05-9379-post\/babyfotograf-berlin-4.jpg 873w, https:\/\/vereinigung-professioneller-kinderfotografen.de\/blog2\/wp-content\/uploads\/2017\/08\/05-9379-post\/babyfotograf-berlin-4-300x212.jpg 300w, https:\/\/vereinigung-professioneller-kinderfotografen.de\/blog2\/wp-content\/uploads\/2017\/08\/05-9379-post\/babyfotograf-berlin-4-768x544.jpg 768w\" sizes=\"(max-width: 873px) 100vw, 873px\" \/><img decoding=\"async\" loading=\"lazy\" class=\"aligncenter size-full wp-image-9393\" src=\"http:\/\/vereinigung-professioneller-kinderfotografen.de\/blog2\/wp-content\/uploads\/2017\/08\/05-9379-post\/babyfotograf-berlin-13.jpg\" alt=\"babyfotos-berlin \" width=\"873\" height=\"618\" srcset=\"https:\/\/vereinigung-professioneller-kinderfotografen.de\/blog2\/wp-content\/uploads\/2017\/08\/05-9379-post\/babyfotograf-berlin-13.jpg 873w, https:\/\/vereinigung-professioneller-kinderfotografen.de\/blog2\/wp-content\/uploads\/2017\/08\/05-9379-post\/babyfotograf-berlin-13-300x212.jpg 300w, https:\/\/vereinigung-professioneller-kinderfotografen.de\/blog2\/wp-content\/uploads\/2017\/08\/05-9379-post\/babyfotograf-berlin-13-768x544.jpg 768w\" sizes=\"(max-width: 873px) 100vw, 873px\" \/><img decoding=\"async\" loading=\"lazy\" class=\"aligncenter size-full wp-image-9394\" src=\"http:\/\/vereinigung-professioneller-kinderfotografen.de\/blog2\/wp-content\/uploads\/2017\/08\/05-9379-post\/babyfotograf-berlin-14.jpg\" alt=\"babyfotos-berlin \" width=\"873\" height=\"618\" srcset=\"https:\/\/vereinigung-professioneller-kinderfotografen.de\/blog2\/wp-content\/uploads\/2017\/08\/05-9379-post\/babyfotograf-berlin-14.jpg 873w, https:\/\/vereinigung-professioneller-kinderfotografen.de\/blog2\/wp-content\/uploads\/2017\/08\/05-9379-post\/babyfotograf-berlin-14-300x212.jpg 300w, https:\/\/vereinigung-professioneller-kinderfotografen.de\/blog2\/wp-content\/uploads\/2017\/08\/05-9379-post\/babyfotograf-berlin-14-768x544.jpg 768w\" sizes=\"(max-width: 873px) 100vw, 873px\" \/><img decoding=\"async\" loading=\"lazy\" class=\"aligncenter size-full wp-image-9395\" src=\"http:\/\/vereinigung-professioneller-kinderfotografen.de\/blog2\/wp-content\/uploads\/2017\/08\/05-9379-post\/babyfotograf-berlin-15.jpg\" alt=\"babyfotos-berlin \" width=\"873\" height=\"618\" srcset=\"https:\/\/vereinigung-professioneller-kinderfotografen.de\/blog2\/wp-content\/uploads\/2017\/08\/05-9379-post\/babyfotograf-berlin-15.jpg 873w, https:\/\/vereinigung-professioneller-kinderfotografen.de\/blog2\/wp-content\/uploads\/2017\/08\/05-9379-post\/babyfotograf-berlin-15-300x212.jpg 300w, https:\/\/vereinigung-professioneller-kinderfotografen.de\/blog2\/wp-content\/uploads\/2017\/08\/05-9379-post\/babyfotograf-berlin-15-768x544.jpg 768w\" sizes=\"(max-width: 873px) 100vw, 873px\" \/><img decoding=\"async\" loading=\"lazy\" class=\"aligncenter size-full wp-image-9396\" src=\"http:\/\/vereinigung-professioneller-kinderfotografen.de\/blog2\/wp-content\/uploads\/2017\/08\/05-9379-post\/babyfotograf-berlin-16.jpg\" alt=\"babyfotos-berlin \" width=\"873\" height=\"618\" srcset=\"https:\/\/vereinigung-professioneller-kinderfotografen.de\/blog2\/wp-content\/uploads\/2017\/08\/05-9379-post\/babyfotograf-berlin-16.jpg 873w, https:\/\/vereinigung-professioneller-kinderfotografen.de\/blog2\/wp-content\/uploads\/2017\/08\/05-9379-post\/babyfotograf-berlin-16-300x212.jpg 300w, https:\/\/vereinigung-professioneller-kinderfotografen.de\/blog2\/wp-content\/uploads\/2017\/08\/05-9379-post\/babyfotograf-berlin-16-768x544.jpg 768w\" sizes=\"(max-width: 873px) 100vw, 873px\" \/><img decoding=\"async\" loading=\"lazy\" class=\"aligncenter size-full wp-image-9397\" src=\"http:\/\/vereinigung-professioneller-kinderfotografen.de\/blog2\/wp-content\/uploads\/2017\/08\/05-9379-post\/babyfotograf-berlin-17.jpg\" alt=\"babyfotos-berlin \" width=\"873\" height=\"618\" srcset=\"https:\/\/vereinigung-professioneller-kinderfotografen.de\/blog2\/wp-content\/uploads\/2017\/08\/05-9379-post\/babyfotograf-berlin-17.jpg 873w, https:\/\/vereinigung-professioneller-kinderfotografen.de\/blog2\/wp-content\/uploads\/2017\/08\/05-9379-post\/babyfotograf-berlin-17-300x212.jpg 300w, https:\/\/vereinigung-professioneller-kinderfotografen.de\/blog2\/wp-content\/uploads\/2017\/08\/05-9379-post\/babyfotograf-berlin-17-768x544.jpg 768w\" sizes=\"(max-width: 873px) 100vw, 873px\" \/><img decoding=\"async\" loading=\"lazy\" class=\"aligncenter size-full wp-image-9398\" src=\"http:\/\/vereinigung-professioneller-kinderfotografen.de\/blog2\/wp-content\/uploads\/2017\/08\/05-9379-post\/babyfotograf-berlin-18.jpg\" alt=\"babyfotos-berlin \" width=\"873\" height=\"618\" srcset=\"https:\/\/vereinigung-professioneller-kinderfotografen.de\/blog2\/wp-content\/uploads\/2017\/08\/05-9379-post\/babyfotograf-berlin-18.jpg 873w, https:\/\/vereinigung-professioneller-kinderfotografen.de\/blog2\/wp-content\/uploads\/2017\/08\/05-9379-post\/babyfotograf-berlin-18-300x212.jpg 300w, https:\/\/vereinigung-professioneller-kinderfotografen.de\/blog2\/wp-content\/uploads\/2017\/08\/05-9379-post\/babyfotograf-berlin-18-768x544.jpg 768w\" sizes=\"(max-width: 873px) 100vw, 873px\" \/><img decoding=\"async\" loading=\"lazy\" class=\"aligncenter size-full wp-image-9399\" src=\"http:\/\/vereinigung-professioneller-kinderfotografen.de\/blog2\/wp-content\/uploads\/2017\/08\/05-9379-post\/babyfotograf-berlin-19.jpg\" alt=\"babyfotos-berlin \" width=\"873\" height=\"618\" srcset=\"https:\/\/vereinigung-professioneller-kinderfotografen.de\/blog2\/wp-content\/uploads\/2017\/08\/05-9379-post\/babyfotograf-berlin-19.jpg 873w, https:\/\/vereinigung-professioneller-kinderfotografen.de\/blog2\/wp-content\/uploads\/2017\/08\/05-9379-post\/babyfotograf-berlin-19-300x212.jpg 300w, https:\/\/vereinigung-professioneller-kinderfotografen.de\/blog2\/wp-content\/uploads\/2017\/08\/05-9379-post\/babyfotograf-berlin-19-768x544.jpg 768w\" sizes=\"(max-width: 873px) 100vw, 873px\" \/><img decoding=\"async\" loading=\"lazy\" class=\"aligncenter size-full wp-image-9400\" src=\"http:\/\/vereinigung-professioneller-kinderfotografen.de\/blog2\/wp-content\/uploads\/2017\/08\/05-9379-post\/babyfotograf-berlin-20.jpg\" alt=\"babyfotos-berlin \" width=\"873\" height=\"618\" srcset=\"https:\/\/vereinigung-professioneller-kinderfotografen.de\/blog2\/wp-content\/uploads\/2017\/08\/05-9379-post\/babyfotograf-berlin-20.jpg 873w, https:\/\/vereinigung-professioneller-kinderfotografen.de\/blog2\/wp-content\/uploads\/2017\/08\/05-9379-post\/babyfotograf-berlin-20-300x212.jpg 300w, https:\/\/vereinigung-professioneller-kinderfotografen.de\/blog2\/wp-content\/uploads\/2017\/08\/05-9379-post\/babyfotograf-berlin-20-768x544.jpg 768w\" sizes=\"(max-width: 873px) 100vw, 873px\" \/><img decoding=\"async\" loading=\"lazy\" class=\"aligncenter size-full wp-image-9401\" src=\"http:\/\/vereinigung-professioneller-kinderfotografen.de\/blog2\/wp-content\/uploads\/2017\/08\/05-9379-post\/babyfotograf-berlin-21.jpg\" alt=\"babyfotos-berlin \" width=\"873\" height=\"618\" srcset=\"https:\/\/vereinigung-professioneller-kinderfotografen.de\/blog2\/wp-content\/uploads\/2017\/08\/05-9379-post\/babyfotograf-berlin-21.jpg 873w, https:\/\/vereinigung-professioneller-kinderfotografen.de\/blog2\/wp-content\/uploads\/2017\/08\/05-9379-post\/babyfotograf-berlin-21-300x212.jpg 300w, https:\/\/vereinigung-professioneller-kinderfotografen.de\/blog2\/wp-content\/uploads\/2017\/08\/05-9379-post\/babyfotograf-berlin-21-768x544.jpg 768w\" sizes=\"(max-width: 873px) 100vw, 873px\" \/><img decoding=\"async\" loading=\"lazy\" class=\"aligncenter size-full wp-image-9402\" src=\"http:\/\/vereinigung-professioneller-kinderfotografen.de\/blog2\/wp-content\/uploads\/2017\/08\/05-9379-post\/babyfotograf-berlin.jpg\" alt=\"babyfotos-berlin \" width=\"873\" height=\"618\" srcset=\"https:\/\/vereinigung-professioneller-kinderfotografen.de\/blog2\/wp-content\/uploads\/2017\/08\/05-9379-post\/babyfotograf-berlin.jpg 873w, https:\/\/vereinigung-professioneller-kinderfotografen.de\/blog2\/wp-content\/uploads\/2017\/08\/05-9379-post\/babyfotograf-berlin-300x212.jpg 300w, https:\/\/vereinigung-professioneller-kinderfotografen.de\/blog2\/wp-content\/uploads\/2017\/08\/05-9379-post\/babyfotograf-berlin-768x544.jpg 768w\" sizes=\"(max-width: 873px) 100vw, 873px\" \/><\/p>\n","protected":false},"excerpt":{"rendered":"<p>&#8230;die s\u00fc\u00dfe Hannah hatte eine weite Anreise in mein Fotost\u00fcbchen nach Potsdam&#8230; &#8230;sie ist mit ihren Eltern und ihrem kleinen Bruder angereist&#8230;um die zarten ersten Momente in Bilder malen zu lassen&#8230; &#8230;wundersch\u00f6ne Babyfotos konnte ich von ihr zaubern&#8230;und auch Theo kam nat\u00fcrlich mit auf die Fotos&#8230; &#8230;vor ein paar Jahren habe ich die Hochzeit von...<\/p>\n","protected":false},"author":2,"featured_media":9395,"comment_status":"closed","ping_status":"closed","sticky":false,"template":"","format":"standard","meta":{"pp_embeds":""},"categories":[373],"tags":[14,16,11,133,6,7,479,8,9],"acf":[],"_links":{"self":[{"href":"https:\/\/vereinigung-professioneller-kinderfotografen.de\/blog2\/wp-json\/wp\/v2\/posts\/9379"}],"collection":[{"href":"https:\/\/vereinigung-professioneller-kinderfotografen.de\/blog2\/wp-json\/wp\/v2\/posts"}],"about":[{"href":"https:\/\/vereinigung-professioneller-kinderfotografen.de\/blog2\/wp-json\/wp\/v2\/types\/post"}],"author":[{"embeddable":true,"href":"https:\/\/vereinigung-professioneller-kinderfotografen.de\/blog2\/wp-json\/wp\/v2\/users\/2"}],"replies":[{"embeddable":true,"href":"https:\/\/vereinigung-professioneller-kinderfotografen.de\/blog2\/wp-json\/wp\/v2\/comments?post=9379"}],"version-history":[{"count":4,"href":"https:\/\/vereinigung-professioneller-kinderfotografen.de\/blog2\/wp-json\/wp\/v2\/posts\/9379\/revisions"}],"predecessor-version":[{"id":9406,"href":"https:\/\/vereinigung-professioneller-kinderfotografen.de\/blog2\/wp-json\/wp\/v2\/posts\/9379\/revisions\/9406"}],"wp:featuredmedia":[{"embeddable":true,"href":"https:\/\/vereinigung-professioneller-kinderfotografen.de\/blog2\/wp-json\/wp\/v2\/media\/9395"}],"wp:attachment":[{"href":"https:\/\/vereinigung-professioneller-kinderfotografen.de\/blog2\/wp-json\/wp\/v2\/media?parent=9379"}],"wp:term":[{"taxonomy":"category","embeddable":true,"href":"https:\/\/vereinigung-professioneller-kinderfotografen.de\/blog2\/wp-json\/wp\/v2\/categories?post=9379"},{"taxonomy":"post_tag","embeddable":true,"href":"https:\/\/vereinigung-professioneller-kinderfotografen.de\/blog2\/wp-json\/wp\/v2\/tags?post=9379"}],"curies":[{"name":"wp","href":"https:\/\/api.w.org\/{rel}","templated":true}]}}