{"id":9173,"date":"2017-07-01T15:56:40","date_gmt":"2017-07-01T13:56:40","guid":{"rendered":"http:\/\/vereinigung-professioneller-kinderfotografen.de\/blog2\/?p=9173"},"modified":"2017-07-01T16:26:03","modified_gmt":"2017-07-01T14:26:03","slug":"sommerliche-kinderfotos-bei-muenchen","status":"publish","type":"post","link":"https:\/\/vereinigung-professioneller-kinderfotografen.de\/blog2\/sommerliche-kinderfotos-bei-muenchen\/","title":{"rendered":"Sommerliche Kinderfotos bei M\u00fcnchen"},"content":{"rendered":"<p>Unsere Fotografin Jacqueline Schleicher hatte letzte Woche zuckers\u00fc\u00dfen Besuch zu ihrer Sommer-Fotoaktion. Was gibt es sch\u00f6neres an solch hei\u00dfen Tagen, als ein St\u00fcck frische Melone zu genie\u00dfen? Den Minis hat es auf jeden Fall geschmeckt, wie man auf den Fotos sehen kann :0)<br \/>\nMehr Arbeiten von Fotodesign Jacqueline Schleicher gibt es unter:\u00a0 <a href=\"http:\/\/www.fotodesign-schleicher.de\">www.fotodesign-schleicher.de<\/a> oder bei Facebook:\u00a0<a href=\"https:\/\/www.facebook.com\/fotodesign.jacqueline.schleicher\/\">https:\/\/www.facebook.com\/fotodesign.jacqueline.schleicher\/<\/a><\/p>\n<p><img decoding=\"async\" loading=\"lazy\" class=\"aligncenter size-full wp-image-9183\" src=\"http:\/\/vereinigung-professioneller-kinderfotografen.de\/blog2\/wp-content\/uploads\/2017\/06\/30-9173-post\/Kinderfotos_Muenchen_1.jpg\" alt=\"\" width=\"900\" height=\"616\" srcset=\"https:\/\/vereinigung-professioneller-kinderfotografen.de\/blog2\/wp-content\/uploads\/2017\/06\/30-9173-post\/Kinderfotos_Muenchen_1.jpg 900w, https:\/\/vereinigung-professioneller-kinderfotografen.de\/blog2\/wp-content\/uploads\/2017\/06\/30-9173-post\/Kinderfotos_Muenchen_1-300x205.jpg 300w, https:\/\/vereinigung-professioneller-kinderfotografen.de\/blog2\/wp-content\/uploads\/2017\/06\/30-9173-post\/Kinderfotos_Muenchen_1-768x526.jpg 768w\" sizes=\"(max-width: 900px) 100vw, 900px\" \/><img decoding=\"async\" loading=\"lazy\" class=\"aligncenter size-full wp-image-9180\" src=\"http:\/\/vereinigung-professioneller-kinderfotografen.de\/blog2\/wp-content\/uploads\/2017\/06\/30-9173-post\/Kinderfotos_Muenchen_4.jpg\" alt=\"\" width=\"900\" height=\"616\" srcset=\"https:\/\/vereinigung-professioneller-kinderfotografen.de\/blog2\/wp-content\/uploads\/2017\/06\/30-9173-post\/Kinderfotos_Muenchen_4.jpg 900w, https:\/\/vereinigung-professioneller-kinderfotografen.de\/blog2\/wp-content\/uploads\/2017\/06\/30-9173-post\/Kinderfotos_Muenchen_4-300x205.jpg 300w, https:\/\/vereinigung-professioneller-kinderfotografen.de\/blog2\/wp-content\/uploads\/2017\/06\/30-9173-post\/Kinderfotos_Muenchen_4-768x526.jpg 768w\" sizes=\"(max-width: 900px) 100vw, 900px\" \/><img decoding=\"async\" loading=\"lazy\" class=\"aligncenter size-full wp-image-9181\" src=\"http:\/\/vereinigung-professioneller-kinderfotografen.de\/blog2\/wp-content\/uploads\/2017\/06\/30-9173-post\/Kinderfotos_Muenchen_3.jpg\" alt=\"\" width=\"900\" height=\"616\" srcset=\"https:\/\/vereinigung-professioneller-kinderfotografen.de\/blog2\/wp-content\/uploads\/2017\/06\/30-9173-post\/Kinderfotos_Muenchen_3.jpg 900w, https:\/\/vereinigung-professioneller-kinderfotografen.de\/blog2\/wp-content\/uploads\/2017\/06\/30-9173-post\/Kinderfotos_Muenchen_3-300x205.jpg 300w, https:\/\/vereinigung-professioneller-kinderfotografen.de\/blog2\/wp-content\/uploads\/2017\/06\/30-9173-post\/Kinderfotos_Muenchen_3-768x526.jpg 768w\" sizes=\"(max-width: 900px) 100vw, 900px\" \/><img decoding=\"async\" loading=\"lazy\" class=\"aligncenter size-full wp-image-9182\" src=\"http:\/\/vereinigung-professioneller-kinderfotografen.de\/blog2\/wp-content\/uploads\/2017\/06\/30-9173-post\/Kinderfotos_Muenchen_2.jpg\" alt=\"\" width=\"900\" height=\"616\" srcset=\"https:\/\/vereinigung-professioneller-kinderfotografen.de\/blog2\/wp-content\/uploads\/2017\/06\/30-9173-post\/Kinderfotos_Muenchen_2.jpg 900w, https:\/\/vereinigung-professioneller-kinderfotografen.de\/blog2\/wp-content\/uploads\/2017\/06\/30-9173-post\/Kinderfotos_Muenchen_2-300x205.jpg 300w, https:\/\/vereinigung-professioneller-kinderfotografen.de\/blog2\/wp-content\/uploads\/2017\/06\/30-9173-post\/Kinderfotos_Muenchen_2-768x526.jpg 768w\" sizes=\"(max-width: 900px) 100vw, 900px\" \/><img decoding=\"async\" loading=\"lazy\" class=\"aligncenter size-full wp-image-9175\" src=\"http:\/\/vereinigung-professioneller-kinderfotografen.de\/blog2\/wp-content\/uploads\/2017\/06\/30-9173-post\/Kinderfotos_Muenchen_9.jpg\" alt=\"\" width=\"900\" height=\"616\" srcset=\"https:\/\/vereinigung-professioneller-kinderfotografen.de\/blog2\/wp-content\/uploads\/2017\/06\/30-9173-post\/Kinderfotos_Muenchen_9.jpg 900w, https:\/\/vereinigung-professioneller-kinderfotografen.de\/blog2\/wp-content\/uploads\/2017\/06\/30-9173-post\/Kinderfotos_Muenchen_9-300x205.jpg 300w, https:\/\/vereinigung-professioneller-kinderfotografen.de\/blog2\/wp-content\/uploads\/2017\/06\/30-9173-post\/Kinderfotos_Muenchen_9-768x526.jpg 768w\" sizes=\"(max-width: 900px) 100vw, 900px\" \/><img decoding=\"async\" loading=\"lazy\" class=\"aligncenter size-full wp-image-9179\" src=\"http:\/\/vereinigung-professioneller-kinderfotografen.de\/blog2\/wp-content\/uploads\/2017\/06\/30-9173-post\/Kinderfotos_Muenchen_5.jpg\" alt=\"\" width=\"900\" height=\"616\" srcset=\"https:\/\/vereinigung-professioneller-kinderfotografen.de\/blog2\/wp-content\/uploads\/2017\/06\/30-9173-post\/Kinderfotos_Muenchen_5.jpg 900w, https:\/\/vereinigung-professioneller-kinderfotografen.de\/blog2\/wp-content\/uploads\/2017\/06\/30-9173-post\/Kinderfotos_Muenchen_5-300x205.jpg 300w, https:\/\/vereinigung-professioneller-kinderfotografen.de\/blog2\/wp-content\/uploads\/2017\/06\/30-9173-post\/Kinderfotos_Muenchen_5-768x526.jpg 768w\" sizes=\"(max-width: 900px) 100vw, 900px\" \/><img decoding=\"async\" loading=\"lazy\" class=\"aligncenter size-full wp-image-9178\" src=\"http:\/\/vereinigung-professioneller-kinderfotografen.de\/blog2\/wp-content\/uploads\/2017\/06\/30-9173-post\/Kinderfotos_Muenchen_6.jpg\" alt=\"\" width=\"900\" height=\"616\" srcset=\"https:\/\/vereinigung-professioneller-kinderfotografen.de\/blog2\/wp-content\/uploads\/2017\/06\/30-9173-post\/Kinderfotos_Muenchen_6.jpg 900w, https:\/\/vereinigung-professioneller-kinderfotografen.de\/blog2\/wp-content\/uploads\/2017\/06\/30-9173-post\/Kinderfotos_Muenchen_6-300x205.jpg 300w, https:\/\/vereinigung-professioneller-kinderfotografen.de\/blog2\/wp-content\/uploads\/2017\/06\/30-9173-post\/Kinderfotos_Muenchen_6-768x526.jpg 768w\" sizes=\"(max-width: 900px) 100vw, 900px\" \/><img decoding=\"async\" loading=\"lazy\" class=\"aligncenter size-full wp-image-9176\" src=\"http:\/\/vereinigung-professioneller-kinderfotografen.de\/blog2\/wp-content\/uploads\/2017\/06\/30-9173-post\/Kinderfotos_Muenchen_8.jpg\" alt=\"\" width=\"900\" height=\"616\" srcset=\"https:\/\/vereinigung-professioneller-kinderfotografen.de\/blog2\/wp-content\/uploads\/2017\/06\/30-9173-post\/Kinderfotos_Muenchen_8.jpg 900w, https:\/\/vereinigung-professioneller-kinderfotografen.de\/blog2\/wp-content\/uploads\/2017\/06\/30-9173-post\/Kinderfotos_Muenchen_8-300x205.jpg 300w, https:\/\/vereinigung-professioneller-kinderfotografen.de\/blog2\/wp-content\/uploads\/2017\/06\/30-9173-post\/Kinderfotos_Muenchen_8-768x526.jpg 768w\" sizes=\"(max-width: 900px) 100vw, 900px\" \/><img decoding=\"async\" loading=\"lazy\" class=\"aligncenter size-full wp-image-9174\" src=\"http:\/\/vereinigung-professioneller-kinderfotografen.de\/blog2\/wp-content\/uploads\/2017\/06\/30-9173-post\/Kinderfotos_Muenchen_10.jpg\" alt=\"\" width=\"900\" height=\"616\" srcset=\"https:\/\/vereinigung-professioneller-kinderfotografen.de\/blog2\/wp-content\/uploads\/2017\/06\/30-9173-post\/Kinderfotos_Muenchen_10.jpg 900w, https:\/\/vereinigung-professioneller-kinderfotografen.de\/blog2\/wp-content\/uploads\/2017\/06\/30-9173-post\/Kinderfotos_Muenchen_10-300x205.jpg 300w, https:\/\/vereinigung-professioneller-kinderfotografen.de\/blog2\/wp-content\/uploads\/2017\/06\/30-9173-post\/Kinderfotos_Muenchen_10-768x526.jpg 768w\" sizes=\"(max-width: 900px) 100vw, 900px\" \/><img decoding=\"async\" loading=\"lazy\" class=\"aligncenter size-full wp-image-9177\" src=\"http:\/\/vereinigung-professioneller-kinderfotografen.de\/blog2\/wp-content\/uploads\/2017\/06\/30-9173-post\/Kinderfotos_Muenchen_7.jpg\" alt=\"\" width=\"900\" height=\"616\" srcset=\"https:\/\/vereinigung-professioneller-kinderfotografen.de\/blog2\/wp-content\/uploads\/2017\/06\/30-9173-post\/Kinderfotos_Muenchen_7.jpg 900w, https:\/\/vereinigung-professioneller-kinderfotografen.de\/blog2\/wp-content\/uploads\/2017\/06\/30-9173-post\/Kinderfotos_Muenchen_7-300x205.jpg 300w, https:\/\/vereinigung-professioneller-kinderfotografen.de\/blog2\/wp-content\/uploads\/2017\/06\/30-9173-post\/Kinderfotos_Muenchen_7-768x526.jpg 768w\" sizes=\"(max-width: 900px) 100vw, 900px\" \/><\/p>\n","protected":false},"excerpt":{"rendered":"<p>Unsere Fotografin Jacqueline Schleicher hatte letzte Woche zuckers\u00fc\u00dfen Besuch zu ihrer Sommer-Fotoaktion. Was gibt es sch\u00f6neres an solch hei\u00dfen Tagen, als ein St\u00fcck frische Melone zu genie\u00dfen? Den Minis hat es auf jeden Fall geschmeckt, wie man auf den Fotos sehen kann :0) Mehr Arbeiten von Fotodesign Jacqueline Schleicher gibt es unter:\u00a0 www.fotodesign-schleicher.de oder bei...<\/p>\n","protected":false},"author":2,"featured_media":9178,"comment_status":"closed","ping_status":"closed","sticky":false,"template":"","format":"standard","meta":{"pp_embeds":""},"categories":[578],"tags":[1033,117,1034,354,61,1032,82,74],"acf":[],"_links":{"self":[{"href":"https:\/\/vereinigung-professioneller-kinderfotografen.de\/blog2\/wp-json\/wp\/v2\/posts\/9173"}],"collection":[{"href":"https:\/\/vereinigung-professioneller-kinderfotografen.de\/blog2\/wp-json\/wp\/v2\/posts"}],"about":[{"href":"https:\/\/vereinigung-professioneller-kinderfotografen.de\/blog2\/wp-json\/wp\/v2\/types\/post"}],"author":[{"embeddable":true,"href":"https:\/\/vereinigung-professioneller-kinderfotografen.de\/blog2\/wp-json\/wp\/v2\/users\/2"}],"replies":[{"embeddable":true,"href":"https:\/\/vereinigung-professioneller-kinderfotografen.de\/blog2\/wp-json\/wp\/v2\/comments?post=9173"}],"version-history":[{"count":4,"href":"https:\/\/vereinigung-professioneller-kinderfotografen.de\/blog2\/wp-json\/wp\/v2\/posts\/9173\/revisions"}],"predecessor-version":[{"id":9188,"href":"https:\/\/vereinigung-professioneller-kinderfotografen.de\/blog2\/wp-json\/wp\/v2\/posts\/9173\/revisions\/9188"}],"wp:featuredmedia":[{"embeddable":true,"href":"https:\/\/vereinigung-professioneller-kinderfotografen.de\/blog2\/wp-json\/wp\/v2\/media\/9178"}],"wp:attachment":[{"href":"https:\/\/vereinigung-professioneller-kinderfotografen.de\/blog2\/wp-json\/wp\/v2\/media?parent=9173"}],"wp:term":[{"taxonomy":"category","embeddable":true,"href":"https:\/\/vereinigung-professioneller-kinderfotografen.de\/blog2\/wp-json\/wp\/v2\/categories?post=9173"},{"taxonomy":"post_tag","embeddable":true,"href":"https:\/\/vereinigung-professioneller-kinderfotografen.de\/blog2\/wp-json\/wp\/v2\/tags?post=9173"}],"curies":[{"name":"wp","href":"https:\/\/api.w.org\/{rel}","templated":true}]}}