{"id":9147,"date":"2017-06-28T11:18:48","date_gmt":"2017-06-28T09:18:48","guid":{"rendered":"http:\/\/vereinigung-professioneller-kinderfotografen.de\/blog2\/?p=9147"},"modified":"2017-06-28T11:50:12","modified_gmt":"2017-06-28T09:50:12","slug":"ein-skaterabend-im-park-coole-teenagerfotos-von-peggypfotenhauer-fotografie","status":"publish","type":"post","link":"https:\/\/vereinigung-professioneller-kinderfotografen.de\/blog2\/ein-skaterabend-im-park-coole-teenagerfotos-von-peggypfotenhauer-fotografie\/","title":{"rendered":"Ein Skaterabend im Park &#8211; coole Teenagerfotos von PeggyPfotenhauer Fotografie"},"content":{"rendered":"<p>Als Baby- und Kinderfotograf hat man eigentlich viel zu selten Teenager vor der Kamera. Dabei macht es so viel Spa\u00df und es ist unglaublich sch\u00f6n, Teenager zu fotografieren. Sie bringen eigene Ideen ins Shooting ein und haben oft Hobbys, die man auch gut mit in die Bilder einbeziehen kann.<\/p>\n<p>Unsere Fotografin Peggy Pfotenhauer aus der N\u00e4he von Bamberg verbrachte einen richtig tollen warmen Fr\u00fchlingsabend bei herrlicher Abensonne im Park mit zwei Teenager-Br\u00fcdern und ihren Skateboards. Ziel war es, die Beiden so zu zeigen, wie sie wirklich sind, bei den Dingen, die ihnen Spa\u00df machen &#8211; m\u00f6glichst ungezwungen, cool und l\u00e4ssig. Und das sind sie auf ihren Boards definitiv :-).<\/p>\n<p>Weitere Arbeiten von Peggy findet Ihr unter www.peggypfotenhauer.de<\/p>\n<p><img decoding=\"async\" loading=\"lazy\" class=\"aligncenter size-full wp-image-9158\" src=\"http:\/\/vereinigung-professioneller-kinderfotografen.de\/blog2\/wp-content\/uploads\/2017\/06\/28-9147-post\/HT1A8525_1.jpg\" alt=\"\" width=\"900\" height=\"616\" srcset=\"https:\/\/vereinigung-professioneller-kinderfotografen.de\/blog2\/wp-content\/uploads\/2017\/06\/28-9147-post\/HT1A8525_1.jpg 900w, https:\/\/vereinigung-professioneller-kinderfotografen.de\/blog2\/wp-content\/uploads\/2017\/06\/28-9147-post\/HT1A8525_1-300x205.jpg 300w, https:\/\/vereinigung-professioneller-kinderfotografen.de\/blog2\/wp-content\/uploads\/2017\/06\/28-9147-post\/HT1A8525_1-768x526.jpg 768w\" sizes=\"(max-width: 900px) 100vw, 900px\" \/><img decoding=\"async\" loading=\"lazy\" class=\"aligncenter size-full wp-image-9148\" src=\"http:\/\/vereinigung-professioneller-kinderfotografen.de\/blog2\/wp-content\/uploads\/2017\/06\/28-9147-post\/HT1A8275_1bw.jpg\" alt=\"\" width=\"616\" height=\"900\" srcset=\"https:\/\/vereinigung-professioneller-kinderfotografen.de\/blog2\/wp-content\/uploads\/2017\/06\/28-9147-post\/HT1A8275_1bw.jpg 616w, https:\/\/vereinigung-professioneller-kinderfotografen.de\/blog2\/wp-content\/uploads\/2017\/06\/28-9147-post\/HT1A8275_1bw-205x300.jpg 205w\" sizes=\"(max-width: 616px) 100vw, 616px\" \/><img decoding=\"async\" loading=\"lazy\" class=\"aligncenter size-full wp-image-9156\" src=\"http:\/\/vereinigung-professioneller-kinderfotografen.de\/blog2\/wp-content\/uploads\/2017\/06\/28-9147-post\/HT1A8470_1bw.jpg\" alt=\"\" width=\"900\" height=\"616\" srcset=\"https:\/\/vereinigung-professioneller-kinderfotografen.de\/blog2\/wp-content\/uploads\/2017\/06\/28-9147-post\/HT1A8470_1bw.jpg 900w, https:\/\/vereinigung-professioneller-kinderfotografen.de\/blog2\/wp-content\/uploads\/2017\/06\/28-9147-post\/HT1A8470_1bw-300x205.jpg 300w, https:\/\/vereinigung-professioneller-kinderfotografen.de\/blog2\/wp-content\/uploads\/2017\/06\/28-9147-post\/HT1A8470_1bw-768x526.jpg 768w\" sizes=\"(max-width: 900px) 100vw, 900px\" \/><img decoding=\"async\" loading=\"lazy\" class=\"aligncenter size-full wp-image-9160\" src=\"http:\/\/vereinigung-professioneller-kinderfotografen.de\/blog2\/wp-content\/uploads\/2017\/06\/28-9147-post\/HT1A8546.jpg\" alt=\"\" width=\"900\" height=\"616\" srcset=\"https:\/\/vereinigung-professioneller-kinderfotografen.de\/blog2\/wp-content\/uploads\/2017\/06\/28-9147-post\/HT1A8546.jpg 900w, https:\/\/vereinigung-professioneller-kinderfotografen.de\/blog2\/wp-content\/uploads\/2017\/06\/28-9147-post\/HT1A8546-300x205.jpg 300w, https:\/\/vereinigung-professioneller-kinderfotografen.de\/blog2\/wp-content\/uploads\/2017\/06\/28-9147-post\/HT1A8546-768x526.jpg 768w\" sizes=\"(max-width: 900px) 100vw, 900px\" \/><img decoding=\"async\" loading=\"lazy\" class=\"aligncenter size-full wp-image-9155\" src=\"http:\/\/vereinigung-professioneller-kinderfotografen.de\/blog2\/wp-content\/uploads\/2017\/06\/28-9147-post\/HT1A8433.jpg\" alt=\"\" width=\"900\" height=\"616\" srcset=\"https:\/\/vereinigung-professioneller-kinderfotografen.de\/blog2\/wp-content\/uploads\/2017\/06\/28-9147-post\/HT1A8433.jpg 900w, https:\/\/vereinigung-professioneller-kinderfotografen.de\/blog2\/wp-content\/uploads\/2017\/06\/28-9147-post\/HT1A8433-300x205.jpg 300w, https:\/\/vereinigung-professioneller-kinderfotografen.de\/blog2\/wp-content\/uploads\/2017\/06\/28-9147-post\/HT1A8433-768x526.jpg 768w\" sizes=\"(max-width: 900px) 100vw, 900px\" \/><img decoding=\"async\" loading=\"lazy\" class=\"aligncenter size-full wp-image-9153\" src=\"http:\/\/vereinigung-professioneller-kinderfotografen.de\/blog2\/wp-content\/uploads\/2017\/06\/28-9147-post\/HT1A8407.jpg\" alt=\"\" width=\"616\" height=\"900\" srcset=\"https:\/\/vereinigung-professioneller-kinderfotografen.de\/blog2\/wp-content\/uploads\/2017\/06\/28-9147-post\/HT1A8407.jpg 616w, https:\/\/vereinigung-professioneller-kinderfotografen.de\/blog2\/wp-content\/uploads\/2017\/06\/28-9147-post\/HT1A8407-205x300.jpg 205w\" sizes=\"(max-width: 616px) 100vw, 616px\" \/><img decoding=\"async\" loading=\"lazy\" class=\"aligncenter size-full wp-image-9159\" src=\"http:\/\/vereinigung-professioneller-kinderfotografen.de\/blog2\/wp-content\/uploads\/2017\/06\/28-9147-post\/HT1A8545.jpg\" alt=\"\" width=\"900\" height=\"616\" srcset=\"https:\/\/vereinigung-professioneller-kinderfotografen.de\/blog2\/wp-content\/uploads\/2017\/06\/28-9147-post\/HT1A8545.jpg 900w, https:\/\/vereinigung-professioneller-kinderfotografen.de\/blog2\/wp-content\/uploads\/2017\/06\/28-9147-post\/HT1A8545-300x205.jpg 300w, https:\/\/vereinigung-professioneller-kinderfotografen.de\/blog2\/wp-content\/uploads\/2017\/06\/28-9147-post\/HT1A8545-768x526.jpg 768w\" sizes=\"(max-width: 900px) 100vw, 900px\" \/><img decoding=\"async\" loading=\"lazy\" class=\"aligncenter size-full wp-image-9169\" src=\"http:\/\/vereinigung-professioneller-kinderfotografen.de\/blog2\/wp-content\/uploads\/2017\/06\/28-9147-post\/HT1A8511.jpg\" alt=\"\" width=\"900\" height=\"616\" srcset=\"https:\/\/vereinigung-professioneller-kinderfotografen.de\/blog2\/wp-content\/uploads\/2017\/06\/28-9147-post\/HT1A8511.jpg 900w, https:\/\/vereinigung-professioneller-kinderfotografen.de\/blog2\/wp-content\/uploads\/2017\/06\/28-9147-post\/HT1A8511-300x205.jpg 300w, https:\/\/vereinigung-professioneller-kinderfotografen.de\/blog2\/wp-content\/uploads\/2017\/06\/28-9147-post\/HT1A8511-768x526.jpg 768w\" sizes=\"(max-width: 900px) 100vw, 900px\" \/><img decoding=\"async\" loading=\"lazy\" class=\"aligncenter size-full wp-image-9149\" src=\"http:\/\/vereinigung-professioneller-kinderfotografen.de\/blog2\/wp-content\/uploads\/2017\/06\/28-9147-post\/HT1A8364_1bw.jpg\" alt=\"\" width=\"616\" height=\"900\" srcset=\"https:\/\/vereinigung-professioneller-kinderfotografen.de\/blog2\/wp-content\/uploads\/2017\/06\/28-9147-post\/HT1A8364_1bw.jpg 616w, https:\/\/vereinigung-professioneller-kinderfotografen.de\/blog2\/wp-content\/uploads\/2017\/06\/28-9147-post\/HT1A8364_1bw-205x300.jpg 205w\" sizes=\"(max-width: 616px) 100vw, 616px\" \/><img decoding=\"async\" loading=\"lazy\" class=\"aligncenter size-full wp-image-9157\" src=\"http:\/\/vereinigung-professioneller-kinderfotografen.de\/blog2\/wp-content\/uploads\/2017\/06\/28-9147-post\/HT1A8499_1.jpg\" alt=\"\" width=\"900\" height=\"616\" srcset=\"https:\/\/vereinigung-professioneller-kinderfotografen.de\/blog2\/wp-content\/uploads\/2017\/06\/28-9147-post\/HT1A8499_1.jpg 900w, https:\/\/vereinigung-professioneller-kinderfotografen.de\/blog2\/wp-content\/uploads\/2017\/06\/28-9147-post\/HT1A8499_1-300x205.jpg 300w, https:\/\/vereinigung-professioneller-kinderfotografen.de\/blog2\/wp-content\/uploads\/2017\/06\/28-9147-post\/HT1A8499_1-768x526.jpg 768w\" sizes=\"(max-width: 900px) 100vw, 900px\" \/><img decoding=\"async\" loading=\"lazy\" class=\"aligncenter size-full wp-image-9154\" src=\"http:\/\/vereinigung-professioneller-kinderfotografen.de\/blog2\/wp-content\/uploads\/2017\/06\/28-9147-post\/HT1A8411.jpg\" alt=\"\" width=\"900\" height=\"616\" srcset=\"https:\/\/vereinigung-professioneller-kinderfotografen.de\/blog2\/wp-content\/uploads\/2017\/06\/28-9147-post\/HT1A8411.jpg 900w, https:\/\/vereinigung-professioneller-kinderfotografen.de\/blog2\/wp-content\/uploads\/2017\/06\/28-9147-post\/HT1A8411-300x205.jpg 300w, https:\/\/vereinigung-professioneller-kinderfotografen.de\/blog2\/wp-content\/uploads\/2017\/06\/28-9147-post\/HT1A8411-768x526.jpg 768w\" sizes=\"(max-width: 900px) 100vw, 900px\" \/><img decoding=\"async\" loading=\"lazy\" class=\"aligncenter size-full wp-image-9152\" src=\"http:\/\/vereinigung-professioneller-kinderfotografen.de\/blog2\/wp-content\/uploads\/2017\/06\/28-9147-post\/HT1A8405_1bw.jpg\" alt=\"\" width=\"616\" height=\"900\" srcset=\"https:\/\/vereinigung-professioneller-kinderfotografen.de\/blog2\/wp-content\/uploads\/2017\/06\/28-9147-post\/HT1A8405_1bw.jpg 616w, https:\/\/vereinigung-professioneller-kinderfotografen.de\/blog2\/wp-content\/uploads\/2017\/06\/28-9147-post\/HT1A8405_1bw-205x300.jpg 205w\" sizes=\"(max-width: 616px) 100vw, 616px\" \/><img decoding=\"async\" loading=\"lazy\" class=\"aligncenter size-full wp-image-9151\" src=\"http:\/\/vereinigung-professioneller-kinderfotografen.de\/blog2\/wp-content\/uploads\/2017\/06\/28-9147-post\/HT1A8371.jpg\" alt=\"\" width=\"900\" height=\"616\" srcset=\"https:\/\/vereinigung-professioneller-kinderfotografen.de\/blog2\/wp-content\/uploads\/2017\/06\/28-9147-post\/HT1A8371.jpg 900w, https:\/\/vereinigung-professioneller-kinderfotografen.de\/blog2\/wp-content\/uploads\/2017\/06\/28-9147-post\/HT1A8371-300x205.jpg 300w, https:\/\/vereinigung-professioneller-kinderfotografen.de\/blog2\/wp-content\/uploads\/2017\/06\/28-9147-post\/HT1A8371-768x526.jpg 768w\" sizes=\"(max-width: 900px) 100vw, 900px\" \/><img decoding=\"async\" loading=\"lazy\" class=\"aligncenter size-full wp-image-9150\" src=\"http:\/\/vereinigung-professioneller-kinderfotografen.de\/blog2\/wp-content\/uploads\/2017\/06\/28-9147-post\/HT1A8369_1bw.jpg\" alt=\"\" width=\"616\" height=\"900\" srcset=\"https:\/\/vereinigung-professioneller-kinderfotografen.de\/blog2\/wp-content\/uploads\/2017\/06\/28-9147-post\/HT1A8369_1bw.jpg 616w, https:\/\/vereinigung-professioneller-kinderfotografen.de\/blog2\/wp-content\/uploads\/2017\/06\/28-9147-post\/HT1A8369_1bw-205x300.jpg 205w\" sizes=\"(max-width: 616px) 100vw, 616px\" \/><img decoding=\"async\" loading=\"lazy\" class=\"aligncenter size-full wp-image-9165\" src=\"http:\/\/vereinigung-professioneller-kinderfotografen.de\/blog2\/wp-content\/uploads\/2017\/06\/28-9147-post\/HT1A8666_1.jpg\" alt=\"\" width=\"900\" height=\"616\" srcset=\"https:\/\/vereinigung-professioneller-kinderfotografen.de\/blog2\/wp-content\/uploads\/2017\/06\/28-9147-post\/HT1A8666_1.jpg 900w, https:\/\/vereinigung-professioneller-kinderfotografen.de\/blog2\/wp-content\/uploads\/2017\/06\/28-9147-post\/HT1A8666_1-300x205.jpg 300w, https:\/\/vereinigung-professioneller-kinderfotografen.de\/blog2\/wp-content\/uploads\/2017\/06\/28-9147-post\/HT1A8666_1-768x526.jpg 768w\" sizes=\"(max-width: 900px) 100vw, 900px\" \/><img decoding=\"async\" loading=\"lazy\" class=\"aligncenter size-full wp-image-9164\" src=\"http:\/\/vereinigung-professioneller-kinderfotografen.de\/blog2\/wp-content\/uploads\/2017\/06\/28-9147-post\/HT1A8652_1.jpg\" alt=\"\" width=\"900\" height=\"616\" srcset=\"https:\/\/vereinigung-professioneller-kinderfotografen.de\/blog2\/wp-content\/uploads\/2017\/06\/28-9147-post\/HT1A8652_1.jpg 900w, https:\/\/vereinigung-professioneller-kinderfotografen.de\/blog2\/wp-content\/uploads\/2017\/06\/28-9147-post\/HT1A8652_1-300x205.jpg 300w, https:\/\/vereinigung-professioneller-kinderfotografen.de\/blog2\/wp-content\/uploads\/2017\/06\/28-9147-post\/HT1A8652_1-768x526.jpg 768w\" sizes=\"(max-width: 900px) 100vw, 900px\" \/><img decoding=\"async\" loading=\"lazy\" class=\"aligncenter size-full wp-image-9162\" src=\"http:\/\/vereinigung-professioneller-kinderfotografen.de\/blog2\/wp-content\/uploads\/2017\/06\/28-9147-post\/HT1A8568_1bw.jpg\" alt=\"\" width=\"900\" height=\"616\" srcset=\"https:\/\/vereinigung-professioneller-kinderfotografen.de\/blog2\/wp-content\/uploads\/2017\/06\/28-9147-post\/HT1A8568_1bw.jpg 900w, https:\/\/vereinigung-professioneller-kinderfotografen.de\/blog2\/wp-content\/uploads\/2017\/06\/28-9147-post\/HT1A8568_1bw-300x205.jpg 300w, https:\/\/vereinigung-professioneller-kinderfotografen.de\/blog2\/wp-content\/uploads\/2017\/06\/28-9147-post\/HT1A8568_1bw-768x526.jpg 768w\" sizes=\"(max-width: 900px) 100vw, 900px\" \/><img decoding=\"async\" loading=\"lazy\" class=\"aligncenter size-full wp-image-9161\" src=\"http:\/\/vereinigung-professioneller-kinderfotografen.de\/blog2\/wp-content\/uploads\/2017\/06\/28-9147-post\/HT1A8566.jpg\" alt=\"\" width=\"900\" height=\"616\" srcset=\"https:\/\/vereinigung-professioneller-kinderfotografen.de\/blog2\/wp-content\/uploads\/2017\/06\/28-9147-post\/HT1A8566.jpg 900w, https:\/\/vereinigung-professioneller-kinderfotografen.de\/blog2\/wp-content\/uploads\/2017\/06\/28-9147-post\/HT1A8566-300x205.jpg 300w, https:\/\/vereinigung-professioneller-kinderfotografen.de\/blog2\/wp-content\/uploads\/2017\/06\/28-9147-post\/HT1A8566-768x526.jpg 768w\" sizes=\"(max-width: 900px) 100vw, 900px\" \/><img decoding=\"async\" loading=\"lazy\" class=\"aligncenter size-full wp-image-9168\" src=\"http:\/\/vereinigung-professioneller-kinderfotografen.de\/blog2\/wp-content\/uploads\/2017\/06\/28-9147-post\/HT1A8763_1bw.jpg\" alt=\"\" width=\"900\" height=\"616\" srcset=\"https:\/\/vereinigung-professioneller-kinderfotografen.de\/blog2\/wp-content\/uploads\/2017\/06\/28-9147-post\/HT1A8763_1bw.jpg 900w, https:\/\/vereinigung-professioneller-kinderfotografen.de\/blog2\/wp-content\/uploads\/2017\/06\/28-9147-post\/HT1A8763_1bw-300x205.jpg 300w, https:\/\/vereinigung-professioneller-kinderfotografen.de\/blog2\/wp-content\/uploads\/2017\/06\/28-9147-post\/HT1A8763_1bw-768x526.jpg 768w\" sizes=\"(max-width: 900px) 100vw, 900px\" \/><img decoding=\"async\" loading=\"lazy\" class=\"aligncenter size-full wp-image-9167\" src=\"http:\/\/vereinigung-professioneller-kinderfotografen.de\/blog2\/wp-content\/uploads\/2017\/06\/28-9147-post\/HT1A8731.jpg\" alt=\"\" width=\"616\" height=\"900\" srcset=\"https:\/\/vereinigung-professioneller-kinderfotografen.de\/blog2\/wp-content\/uploads\/2017\/06\/28-9147-post\/HT1A8731.jpg 616w, https:\/\/vereinigung-professioneller-kinderfotografen.de\/blog2\/wp-content\/uploads\/2017\/06\/28-9147-post\/HT1A8731-205x300.jpg 205w\" sizes=\"(max-width: 616px) 100vw, 616px\" \/><img decoding=\"async\" loading=\"lazy\" class=\"aligncenter size-full wp-image-9163\" src=\"http:\/\/vereinigung-professioneller-kinderfotografen.de\/blog2\/wp-content\/uploads\/2017\/06\/28-9147-post\/HT1A8636.jpg\" alt=\"\" width=\"900\" height=\"616\" srcset=\"https:\/\/vereinigung-professioneller-kinderfotografen.de\/blog2\/wp-content\/uploads\/2017\/06\/28-9147-post\/HT1A8636.jpg 900w, https:\/\/vereinigung-professioneller-kinderfotografen.de\/blog2\/wp-content\/uploads\/2017\/06\/28-9147-post\/HT1A8636-300x205.jpg 300w, https:\/\/vereinigung-professioneller-kinderfotografen.de\/blog2\/wp-content\/uploads\/2017\/06\/28-9147-post\/HT1A8636-768x526.jpg 768w\" sizes=\"(max-width: 900px) 100vw, 900px\" \/><img decoding=\"async\" loading=\"lazy\" class=\"aligncenter size-full wp-image-9166\" src=\"http:\/\/vereinigung-professioneller-kinderfotografen.de\/blog2\/wp-content\/uploads\/2017\/06\/28-9147-post\/HT1A8723.jpg\" alt=\"\" width=\"900\" height=\"616\" srcset=\"https:\/\/vereinigung-professioneller-kinderfotografen.de\/blog2\/wp-content\/uploads\/2017\/06\/28-9147-post\/HT1A8723.jpg 900w, https:\/\/vereinigung-professioneller-kinderfotografen.de\/blog2\/wp-content\/uploads\/2017\/06\/28-9147-post\/HT1A8723-300x205.jpg 300w, https:\/\/vereinigung-professioneller-kinderfotografen.de\/blog2\/wp-content\/uploads\/2017\/06\/28-9147-post\/HT1A8723-768x526.jpg 768w\" sizes=\"(max-width: 900px) 100vw, 900px\" \/><\/p>\n","protected":false},"excerpt":{"rendered":"<p>Als Baby- und Kinderfotograf hat man eigentlich viel zu selten Teenager vor der Kamera. Dabei macht es so viel Spa\u00df und es ist unglaublich sch\u00f6n, Teenager zu fotografieren. Sie bringen eigene Ideen ins Shooting ein und haben oft Hobbys, die man auch gut mit in die Bilder einbeziehen kann. Unsere Fotografin Peggy Pfotenhauer aus der...<\/p>\n","protected":false},"author":2,"featured_media":9158,"comment_status":"closed","ping_status":"closed","sticky":false,"template":"","format":"standard","meta":{"pp_embeds":""},"categories":[490],"tags":[1027,1028,513,1029,508,1023,970,514,1024,1026,1025,1030,1031],"acf":[],"_links":{"self":[{"href":"https:\/\/vereinigung-professioneller-kinderfotografen.de\/blog2\/wp-json\/wp\/v2\/posts\/9147"}],"collection":[{"href":"https:\/\/vereinigung-professioneller-kinderfotografen.de\/blog2\/wp-json\/wp\/v2\/posts"}],"about":[{"href":"https:\/\/vereinigung-professioneller-kinderfotografen.de\/blog2\/wp-json\/wp\/v2\/types\/post"}],"author":[{"embeddable":true,"href":"https:\/\/vereinigung-professioneller-kinderfotografen.de\/blog2\/wp-json\/wp\/v2\/users\/2"}],"replies":[{"embeddable":true,"href":"https:\/\/vereinigung-professioneller-kinderfotografen.de\/blog2\/wp-json\/wp\/v2\/comments?post=9147"}],"version-history":[{"count":2,"href":"https:\/\/vereinigung-professioneller-kinderfotografen.de\/blog2\/wp-json\/wp\/v2\/posts\/9147\/revisions"}],"predecessor-version":[{"id":9171,"href":"https:\/\/vereinigung-professioneller-kinderfotografen.de\/blog2\/wp-json\/wp\/v2\/posts\/9147\/revisions\/9171"}],"wp:featuredmedia":[{"embeddable":true,"href":"https:\/\/vereinigung-professioneller-kinderfotografen.de\/blog2\/wp-json\/wp\/v2\/media\/9158"}],"wp:attachment":[{"href":"https:\/\/vereinigung-professioneller-kinderfotografen.de\/blog2\/wp-json\/wp\/v2\/media?parent=9147"}],"wp:term":[{"taxonomy":"category","embeddable":true,"href":"https:\/\/vereinigung-professioneller-kinderfotografen.de\/blog2\/wp-json\/wp\/v2\/categories?post=9147"},{"taxonomy":"post_tag","embeddable":true,"href":"https:\/\/vereinigung-professioneller-kinderfotografen.de\/blog2\/wp-json\/wp\/v2\/tags?post=9147"}],"curies":[{"name":"wp","href":"https:\/\/api.w.org\/{rel}","templated":true}]}}