{"id":9124,"date":"2017-06-22T18:00:44","date_gmt":"2017-06-22T16:00:44","guid":{"rendered":"http:\/\/vereinigung-professioneller-kinderfotografen.de\/blog2\/?p=9124"},"modified":"2017-06-22T12:27:55","modified_gmt":"2017-06-22T10:27:55","slug":"kuscheln-toben-seifenblasen-geheimrezept-fuer-laessige-bilder","status":"publish","type":"post","link":"https:\/\/vereinigung-professioneller-kinderfotografen.de\/blog2\/kuscheln-toben-seifenblasen-geheimrezept-fuer-laessige-bilder\/","title":{"rendered":"Kuscheln, Toben &amp; Seifenblasen &#8211; Geheimrezept f\u00fcr l\u00e4ssige Bilder"},"content":{"rendered":"<p>Als der Fr\u00fchling gerade frisch am Erbl\u00fchen war, traf sich unsere Fotografin Alexandra Haber mit dieser zauberhaften Familie, um gemeinsam in herrlicher Natur nat\u00fcrliche &amp; lebhafte Portraits anzufertigen. Die Mama &#8211; Christina &#8211; hat sich diese Erinnerungen so sehr gew\u00fcnscht, dass an ihrem Geburtstag ihr Herzenswunsch endlich in Erf\u00fcllung ging. Gerade mal eine Stunde dauerte es, bis die zauberhaften Aufnahmen im Kasten waren &#8211; und das ohne Langeweile und Gemurre \ud83d\ude09<img decoding=\"async\" loading=\"lazy\" class=\"pp-insert-all size-full aligncenter\" src=\"http:\/\/vereinigung-professioneller-kinderfotografen.de\/blog2\/wp-content\/uploads\/2017\/06\/20-9124-post\/2017-06-20_0001.jpg\" alt=\"\" width=\"2048\" height=\"1363\" \/><img decoding=\"async\" loading=\"lazy\" class=\"pp-insert-all size-full aligncenter\" src=\"http:\/\/vereinigung-professioneller-kinderfotografen.de\/blog2\/wp-content\/uploads\/2017\/06\/20-9124-post\/2017-06-20_0002.jpg\" alt=\"\" width=\"2048\" height=\"1539\" \/><img decoding=\"async\" loading=\"lazy\" class=\"pp-insert-all size-full aligncenter\" src=\"http:\/\/vereinigung-professioneller-kinderfotografen.de\/blog2\/wp-content\/uploads\/2017\/06\/20-9124-post\/2017-06-20_0003.jpg\" alt=\"\" width=\"2048\" height=\"1363\" \/><img decoding=\"async\" loading=\"lazy\" class=\"pp-insert-all size-full aligncenter\" src=\"http:\/\/vereinigung-professioneller-kinderfotografen.de\/blog2\/wp-content\/uploads\/2017\/06\/20-9124-post\/2017-06-20_0004.jpg\" alt=\"\" width=\"2048\" height=\"1363\" \/><img decoding=\"async\" loading=\"lazy\" class=\"pp-insert-all size-full aligncenter\" src=\"http:\/\/vereinigung-professioneller-kinderfotografen.de\/blog2\/wp-content\/uploads\/2017\/06\/20-9124-post\/2017-06-20_0005.jpg\" alt=\"\" width=\"2048\" height=\"1539\" \/><img decoding=\"async\" loading=\"lazy\" class=\"pp-insert-all size-full aligncenter\" src=\"http:\/\/vereinigung-professioneller-kinderfotografen.de\/blog2\/wp-content\/uploads\/2017\/06\/20-9124-post\/2017-06-20_0011.jpg\" alt=\"\" width=\"2048\" height=\"1363\" \/><img decoding=\"async\" loading=\"lazy\" class=\"pp-insert-all size-full aligncenter\" src=\"http:\/\/vereinigung-professioneller-kinderfotografen.de\/blog2\/wp-content\/uploads\/2017\/06\/20-9124-post\/2017-06-20_0006.jpg\" alt=\"\" width=\"2048\" height=\"1363\" \/><img decoding=\"async\" loading=\"lazy\" class=\"pp-insert-all size-full aligncenter\" src=\"http:\/\/vereinigung-professioneller-kinderfotografen.de\/blog2\/wp-content\/uploads\/2017\/06\/20-9124-post\/2017-06-20_0007.jpg\" alt=\"\" width=\"2048\" height=\"1363\" \/><img decoding=\"async\" loading=\"lazy\" class=\"pp-insert-all size-full aligncenter\" src=\"http:\/\/vereinigung-professioneller-kinderfotografen.de\/blog2\/wp-content\/uploads\/2017\/06\/20-9124-post\/2017-06-20_0008.jpg\" alt=\"\" width=\"2048\" height=\"1363\" \/><img decoding=\"async\" loading=\"lazy\" class=\"pp-insert-all size-full aligncenter\" src=\"http:\/\/vereinigung-professioneller-kinderfotografen.de\/blog2\/wp-content\/uploads\/2017\/06\/20-9124-post\/2017-06-20_0016.jpg\" alt=\"\" width=\"2048\" height=\"1363\" \/><img decoding=\"async\" loading=\"lazy\" class=\"pp-insert-all size-full aligncenter\" src=\"http:\/\/vereinigung-professioneller-kinderfotografen.de\/blog2\/wp-content\/uploads\/2017\/06\/20-9124-post\/2017-06-20_0013.jpg\" alt=\"\" width=\"2048\" height=\"1539\" \/><img decoding=\"async\" loading=\"lazy\" class=\"pp-insert-all size-full aligncenter\" src=\"http:\/\/vereinigung-professioneller-kinderfotografen.de\/blog2\/wp-content\/uploads\/2017\/06\/20-9124-post\/2017-06-20_0019.jpg\" alt=\"\" width=\"2048\" height=\"1584\" \/><img decoding=\"async\" loading=\"lazy\" class=\"pp-insert-all size-full aligncenter\" src=\"http:\/\/vereinigung-professioneller-kinderfotografen.de\/blog2\/wp-content\/uploads\/2017\/06\/20-9124-post\/2017-06-20_0010.jpg\" alt=\"\" width=\"2048\" height=\"1363\" \/><img decoding=\"async\" loading=\"lazy\" class=\"pp-insert-all size-full aligncenter\" src=\"http:\/\/vereinigung-professioneller-kinderfotografen.de\/blog2\/wp-content\/uploads\/2017\/06\/20-9124-post\/2017-06-20_0020.jpg\" alt=\"\" width=\"2048\" height=\"1446\" \/><img decoding=\"async\" loading=\"lazy\" class=\"pp-insert-all size-full aligncenter\" src=\"http:\/\/vereinigung-professioneller-kinderfotografen.de\/blog2\/wp-content\/uploads\/2017\/06\/20-9124-post\/2017-06-20_0012.jpg\" alt=\"\" width=\"2048\" height=\"1363\" \/><img decoding=\"async\" loading=\"lazy\" class=\"pp-insert-all size-full aligncenter\" src=\"http:\/\/vereinigung-professioneller-kinderfotografen.de\/blog2\/wp-content\/uploads\/2017\/06\/20-9124-post\/2017-06-20_0009.jpg\" alt=\"\" width=\"2048\" height=\"1318\" \/><img decoding=\"async\" loading=\"lazy\" class=\"pp-insert-all size-full aligncenter\" src=\"http:\/\/vereinigung-professioneller-kinderfotografen.de\/blog2\/wp-content\/uploads\/2017\/06\/20-9124-post\/2017-06-20_0014.jpg\" alt=\"\" width=\"2048\" height=\"1363\" \/><img decoding=\"async\" loading=\"lazy\" class=\"pp-insert-all size-full aligncenter\" src=\"http:\/\/vereinigung-professioneller-kinderfotografen.de\/blog2\/wp-content\/uploads\/2017\/06\/20-9124-post\/2017-06-20_0015.jpg\" alt=\"\" width=\"2048\" height=\"1363\" \/><img decoding=\"async\" loading=\"lazy\" class=\"pp-insert-all size-full aligncenter\" src=\"http:\/\/vereinigung-professioneller-kinderfotografen.de\/blog2\/wp-content\/uploads\/2017\/06\/20-9124-post\/2017-06-20_0017.jpg\" alt=\"\" width=\"2048\" height=\"1363\" \/><img decoding=\"async\" loading=\"lazy\" class=\"pp-insert-all size-full aligncenter\" src=\"http:\/\/vereinigung-professioneller-kinderfotografen.de\/blog2\/wp-content\/uploads\/2017\/06\/20-9124-post\/2017-06-20_0018.jpg\" alt=\"\" width=\"2048\" height=\"1363\" \/><\/p>\n","protected":false},"excerpt":{"rendered":"<p>Als der Fr\u00fchling gerade frisch am Erbl\u00fchen war, traf sich unsere Fotografin Alexandra Haber mit dieser zauberhaften Familie, um gemeinsam in herrlicher Natur nat\u00fcrliche &amp; lebhafte Portraits anzufertigen. Die Mama &#8211; Christina &#8211; hat sich diese Erinnerungen so sehr gew\u00fcnscht, dass an ihrem Geburtstag ihr Herzenswunsch endlich in Erf\u00fcllung ging. Gerade mal eine Stunde dauerte...<\/p>\n","protected":false},"author":2,"featured_media":0,"comment_status":"closed","ping_status":"closed","sticky":false,"template":"","format":"standard","meta":{"pp_embeds":""},"categories":[909],"tags":[920,921,354,127,1022,126,924,110,44,923,925],"acf":[],"_links":{"self":[{"href":"https:\/\/vereinigung-professioneller-kinderfotografen.de\/blog2\/wp-json\/wp\/v2\/posts\/9124"}],"collection":[{"href":"https:\/\/vereinigung-professioneller-kinderfotografen.de\/blog2\/wp-json\/wp\/v2\/posts"}],"about":[{"href":"https:\/\/vereinigung-professioneller-kinderfotografen.de\/blog2\/wp-json\/wp\/v2\/types\/post"}],"author":[{"embeddable":true,"href":"https:\/\/vereinigung-professioneller-kinderfotografen.de\/blog2\/wp-json\/wp\/v2\/users\/2"}],"replies":[{"embeddable":true,"href":"https:\/\/vereinigung-professioneller-kinderfotografen.de\/blog2\/wp-json\/wp\/v2\/comments?post=9124"}],"version-history":[{"count":1,"href":"https:\/\/vereinigung-professioneller-kinderfotografen.de\/blog2\/wp-json\/wp\/v2\/posts\/9124\/revisions"}],"predecessor-version":[{"id":9145,"href":"https:\/\/vereinigung-professioneller-kinderfotografen.de\/blog2\/wp-json\/wp\/v2\/posts\/9124\/revisions\/9145"}],"wp:attachment":[{"href":"https:\/\/vereinigung-professioneller-kinderfotografen.de\/blog2\/wp-json\/wp\/v2\/media?parent=9124"}],"wp:term":[{"taxonomy":"category","embeddable":true,"href":"https:\/\/vereinigung-professioneller-kinderfotografen.de\/blog2\/wp-json\/wp\/v2\/categories?post=9124"},{"taxonomy":"post_tag","embeddable":true,"href":"https:\/\/vereinigung-professioneller-kinderfotografen.de\/blog2\/wp-json\/wp\/v2\/tags?post=9124"}],"curies":[{"name":"wp","href":"https:\/\/api.w.org\/{rel}","templated":true}]}}