{"id":9105,"date":"2017-06-15T11:53:32","date_gmt":"2017-06-15T09:53:32","guid":{"rendered":"http:\/\/vereinigung-professioneller-kinderfotografen.de\/blog2\/?p=9105"},"modified":"2017-06-15T11:53:32","modified_gmt":"2017-06-15T09:53:32","slug":"wunderschoene-chiara-babymaedchen-bei-andrea-buehler-babyfotografie","status":"publish","type":"post","link":"https:\/\/vereinigung-professioneller-kinderfotografen.de\/blog2\/wunderschoene-chiara-babymaedchen-bei-andrea-buehler-babyfotografie\/","title":{"rendered":"Wundersch\u00f6ne Chiara | Babym\u00e4dchen bei Andrea B\u00fchler Babyfotografie"},"content":{"rendered":"<p>Die kleine wunderh\u00fcbsche Chiara war mit 14 Lebenstagen bei unserer Babyfotografin Andrea B\u00fchler aus Heilbronn in ihrem Babyfotostudio in Leingarten zu ihrer ersten Fotosession. Nat\u00fcrlich war\u00a0Andrea B\u00fchler sofort hin und weg von diesem s\u00fc\u00dfen M\u00e4dchen mit den tollen Haaren.<\/p>\n<p>&nbsp;<\/p>\n<p><img decoding=\"async\" loading=\"lazy\" class=\"aligncenter size-full wp-image-9118\" src=\"http:\/\/vereinigung-professioneller-kinderfotografen.de\/blog2\/wp-content\/uploads\/2017\/06\/15-9105-post\/Andrea-Buehler-Babyfotografie-Heilbronn-Neugeborenenfotos-Heilbronn-Babybilder-Neugeborenenshooting-Heilbronn-Babyfotostudio-Heilbronn-04.jpg\" alt=\"\" width=\"960\" height=\"640\" srcset=\"https:\/\/vereinigung-professioneller-kinderfotografen.de\/blog2\/wp-content\/uploads\/2017\/06\/15-9105-post\/Andrea-Buehler-Babyfotografie-Heilbronn-Neugeborenenfotos-Heilbronn-Babybilder-Neugeborenenshooting-Heilbronn-Babyfotostudio-Heilbronn-04.jpg 960w, https:\/\/vereinigung-professioneller-kinderfotografen.de\/blog2\/wp-content\/uploads\/2017\/06\/15-9105-post\/Andrea-Buehler-Babyfotografie-Heilbronn-Neugeborenenfotos-Heilbronn-Babybilder-Neugeborenenshooting-Heilbronn-Babyfotostudio-Heilbronn-04-300x200.jpg 300w, https:\/\/vereinigung-professioneller-kinderfotografen.de\/blog2\/wp-content\/uploads\/2017\/06\/15-9105-post\/Andrea-Buehler-Babyfotografie-Heilbronn-Neugeborenenfotos-Heilbronn-Babybilder-Neugeborenenshooting-Heilbronn-Babyfotostudio-Heilbronn-04-768x512.jpg 768w\" sizes=\"(max-width: 960px) 100vw, 960px\" \/><img decoding=\"async\" loading=\"lazy\" class=\"aligncenter size-full wp-image-9107\" src=\"http:\/\/vereinigung-professioneller-kinderfotografen.de\/blog2\/wp-content\/uploads\/2017\/06\/15-9105-post\/Andrea-Buehler-Babyfotografie-Heilbronn-Neugeborenenfotos-Heilbronn-Babybilder-Neugeborenenshooting-Heilbronn-Babyfotostudio-Heilbronn-15.jpg\" alt=\"\" width=\"960\" height=\"640\" srcset=\"https:\/\/vereinigung-professioneller-kinderfotografen.de\/blog2\/wp-content\/uploads\/2017\/06\/15-9105-post\/Andrea-Buehler-Babyfotografie-Heilbronn-Neugeborenenfotos-Heilbronn-Babybilder-Neugeborenenshooting-Heilbronn-Babyfotostudio-Heilbronn-15.jpg 960w, https:\/\/vereinigung-professioneller-kinderfotografen.de\/blog2\/wp-content\/uploads\/2017\/06\/15-9105-post\/Andrea-Buehler-Babyfotografie-Heilbronn-Neugeborenenfotos-Heilbronn-Babybilder-Neugeborenenshooting-Heilbronn-Babyfotostudio-Heilbronn-15-300x200.jpg 300w, https:\/\/vereinigung-professioneller-kinderfotografen.de\/blog2\/wp-content\/uploads\/2017\/06\/15-9105-post\/Andrea-Buehler-Babyfotografie-Heilbronn-Neugeborenenfotos-Heilbronn-Babybilder-Neugeborenenshooting-Heilbronn-Babyfotostudio-Heilbronn-15-768x512.jpg 768w\" sizes=\"(max-width: 960px) 100vw, 960px\" \/><img decoding=\"async\" loading=\"lazy\" class=\"aligncenter size-full wp-image-9120\" src=\"http:\/\/vereinigung-professioneller-kinderfotografen.de\/blog2\/wp-content\/uploads\/2017\/06\/15-9105-post\/Andrea-Buehler-Babyfotografie-Heilbronn-Neugeborenenfotos-Heilbronn-Babybilder-Neugeborenenshooting-Heilbronn-Babyfotostudio-Heilbronn-02.jpg\" alt=\"\" width=\"960\" height=\"640\" srcset=\"https:\/\/vereinigung-professioneller-kinderfotografen.de\/blog2\/wp-content\/uploads\/2017\/06\/15-9105-post\/Andrea-Buehler-Babyfotografie-Heilbronn-Neugeborenenfotos-Heilbronn-Babybilder-Neugeborenenshooting-Heilbronn-Babyfotostudio-Heilbronn-02.jpg 960w, https:\/\/vereinigung-professioneller-kinderfotografen.de\/blog2\/wp-content\/uploads\/2017\/06\/15-9105-post\/Andrea-Buehler-Babyfotografie-Heilbronn-Neugeborenenfotos-Heilbronn-Babybilder-Neugeborenenshooting-Heilbronn-Babyfotostudio-Heilbronn-02-300x200.jpg 300w, https:\/\/vereinigung-professioneller-kinderfotografen.de\/blog2\/wp-content\/uploads\/2017\/06\/15-9105-post\/Andrea-Buehler-Babyfotografie-Heilbronn-Neugeborenenfotos-Heilbronn-Babybilder-Neugeborenenshooting-Heilbronn-Babyfotostudio-Heilbronn-02-768x512.jpg 768w\" sizes=\"(max-width: 960px) 100vw, 960px\" \/><img decoding=\"async\" loading=\"lazy\" class=\"aligncenter size-full wp-image-9113\" src=\"http:\/\/vereinigung-professioneller-kinderfotografen.de\/blog2\/wp-content\/uploads\/2017\/06\/15-9105-post\/Andrea-Buehler-Babyfotografie-Heilbronn-Neugeborenenfotos-Heilbronn-Babybilder-Neugeborenenshooting-Heilbronn-Babyfotostudio-Heilbronn-09.jpg\" alt=\"\" width=\"960\" height=\"640\" srcset=\"https:\/\/vereinigung-professioneller-kinderfotografen.de\/blog2\/wp-content\/uploads\/2017\/06\/15-9105-post\/Andrea-Buehler-Babyfotografie-Heilbronn-Neugeborenenfotos-Heilbronn-Babybilder-Neugeborenenshooting-Heilbronn-Babyfotostudio-Heilbronn-09.jpg 960w, https:\/\/vereinigung-professioneller-kinderfotografen.de\/blog2\/wp-content\/uploads\/2017\/06\/15-9105-post\/Andrea-Buehler-Babyfotografie-Heilbronn-Neugeborenenfotos-Heilbronn-Babybilder-Neugeborenenshooting-Heilbronn-Babyfotostudio-Heilbronn-09-300x200.jpg 300w, https:\/\/vereinigung-professioneller-kinderfotografen.de\/blog2\/wp-content\/uploads\/2017\/06\/15-9105-post\/Andrea-Buehler-Babyfotografie-Heilbronn-Neugeborenenfotos-Heilbronn-Babybilder-Neugeborenenshooting-Heilbronn-Babyfotostudio-Heilbronn-09-768x512.jpg 768w\" sizes=\"(max-width: 960px) 100vw, 960px\" \/><img decoding=\"async\" loading=\"lazy\" class=\"aligncenter size-full wp-image-9106\" src=\"http:\/\/vereinigung-professioneller-kinderfotografen.de\/blog2\/wp-content\/uploads\/2017\/06\/15-9105-post\/Andrea-Buehler-Babyfotografie-Heilbronn-Neugeborenenfotos-Heilbronn-Babybilder-Neugeborenenshooting-Heilbronn-Babyfotostudio-Heilbronn-16.jpg\" alt=\"\" width=\"960\" height=\"640\" srcset=\"https:\/\/vereinigung-professioneller-kinderfotografen.de\/blog2\/wp-content\/uploads\/2017\/06\/15-9105-post\/Andrea-Buehler-Babyfotografie-Heilbronn-Neugeborenenfotos-Heilbronn-Babybilder-Neugeborenenshooting-Heilbronn-Babyfotostudio-Heilbronn-16.jpg 960w, https:\/\/vereinigung-professioneller-kinderfotografen.de\/blog2\/wp-content\/uploads\/2017\/06\/15-9105-post\/Andrea-Buehler-Babyfotografie-Heilbronn-Neugeborenenfotos-Heilbronn-Babybilder-Neugeborenenshooting-Heilbronn-Babyfotostudio-Heilbronn-16-300x200.jpg 300w, https:\/\/vereinigung-professioneller-kinderfotografen.de\/blog2\/wp-content\/uploads\/2017\/06\/15-9105-post\/Andrea-Buehler-Babyfotografie-Heilbronn-Neugeborenenfotos-Heilbronn-Babybilder-Neugeborenenshooting-Heilbronn-Babyfotostudio-Heilbronn-16-768x512.jpg 768w\" sizes=\"(max-width: 960px) 100vw, 960px\" \/><img decoding=\"async\" loading=\"lazy\" class=\"aligncenter size-full wp-image-9116\" src=\"http:\/\/vereinigung-professioneller-kinderfotografen.de\/blog2\/wp-content\/uploads\/2017\/06\/15-9105-post\/Andrea-Buehler-Babyfotografie-Heilbronn-Neugeborenenfotos-Heilbronn-Babybilder-Neugeborenenshooting-Heilbronn-Babyfotostudio-Heilbronn-06.jpg\" alt=\"\" width=\"960\" height=\"640\" srcset=\"https:\/\/vereinigung-professioneller-kinderfotografen.de\/blog2\/wp-content\/uploads\/2017\/06\/15-9105-post\/Andrea-Buehler-Babyfotografie-Heilbronn-Neugeborenenfotos-Heilbronn-Babybilder-Neugeborenenshooting-Heilbronn-Babyfotostudio-Heilbronn-06.jpg 960w, https:\/\/vereinigung-professioneller-kinderfotografen.de\/blog2\/wp-content\/uploads\/2017\/06\/15-9105-post\/Andrea-Buehler-Babyfotografie-Heilbronn-Neugeborenenfotos-Heilbronn-Babybilder-Neugeborenenshooting-Heilbronn-Babyfotostudio-Heilbronn-06-300x200.jpg 300w, https:\/\/vereinigung-professioneller-kinderfotografen.de\/blog2\/wp-content\/uploads\/2017\/06\/15-9105-post\/Andrea-Buehler-Babyfotografie-Heilbronn-Neugeborenenfotos-Heilbronn-Babybilder-Neugeborenenshooting-Heilbronn-Babyfotostudio-Heilbronn-06-768x512.jpg 768w\" sizes=\"(max-width: 960px) 100vw, 960px\" \/><img decoding=\"async\" loading=\"lazy\" class=\"aligncenter size-full wp-image-9121\" src=\"http:\/\/vereinigung-professioneller-kinderfotografen.de\/blog2\/wp-content\/uploads\/2017\/06\/15-9105-post\/Andrea-Buehler-Babyfotografie-Heilbronn-Neugeborenenfotos-Heilbronn-Babybilder-Neugeborenenshooting-Heilbronn-Babyfotostudio-Heilbronn-01.jpg\" alt=\"\" width=\"960\" height=\"640\" srcset=\"https:\/\/vereinigung-professioneller-kinderfotografen.de\/blog2\/wp-content\/uploads\/2017\/06\/15-9105-post\/Andrea-Buehler-Babyfotografie-Heilbronn-Neugeborenenfotos-Heilbronn-Babybilder-Neugeborenenshooting-Heilbronn-Babyfotostudio-Heilbronn-01.jpg 960w, https:\/\/vereinigung-professioneller-kinderfotografen.de\/blog2\/wp-content\/uploads\/2017\/06\/15-9105-post\/Andrea-Buehler-Babyfotografie-Heilbronn-Neugeborenenfotos-Heilbronn-Babybilder-Neugeborenenshooting-Heilbronn-Babyfotostudio-Heilbronn-01-300x200.jpg 300w, https:\/\/vereinigung-professioneller-kinderfotografen.de\/blog2\/wp-content\/uploads\/2017\/06\/15-9105-post\/Andrea-Buehler-Babyfotografie-Heilbronn-Neugeborenenfotos-Heilbronn-Babybilder-Neugeborenenshooting-Heilbronn-Babyfotostudio-Heilbronn-01-768x512.jpg 768w\" sizes=\"(max-width: 960px) 100vw, 960px\" \/><img decoding=\"async\" loading=\"lazy\" class=\"aligncenter size-full wp-image-9109\" src=\"http:\/\/vereinigung-professioneller-kinderfotografen.de\/blog2\/wp-content\/uploads\/2017\/06\/15-9105-post\/Andrea-Buehler-Babyfotografie-Heilbronn-Neugeborenenfotos-Heilbronn-Babybilder-Neugeborenenshooting-Heilbronn-Babyfotostudio-Heilbronn-13.jpg\" alt=\"\" width=\"960\" height=\"640\" srcset=\"https:\/\/vereinigung-professioneller-kinderfotografen.de\/blog2\/wp-content\/uploads\/2017\/06\/15-9105-post\/Andrea-Buehler-Babyfotografie-Heilbronn-Neugeborenenfotos-Heilbronn-Babybilder-Neugeborenenshooting-Heilbronn-Babyfotostudio-Heilbronn-13.jpg 960w, https:\/\/vereinigung-professioneller-kinderfotografen.de\/blog2\/wp-content\/uploads\/2017\/06\/15-9105-post\/Andrea-Buehler-Babyfotografie-Heilbronn-Neugeborenenfotos-Heilbronn-Babybilder-Neugeborenenshooting-Heilbronn-Babyfotostudio-Heilbronn-13-300x200.jpg 300w, https:\/\/vereinigung-professioneller-kinderfotografen.de\/blog2\/wp-content\/uploads\/2017\/06\/15-9105-post\/Andrea-Buehler-Babyfotografie-Heilbronn-Neugeborenenfotos-Heilbronn-Babybilder-Neugeborenenshooting-Heilbronn-Babyfotostudio-Heilbronn-13-768x512.jpg 768w\" sizes=\"(max-width: 960px) 100vw, 960px\" \/><img decoding=\"async\" loading=\"lazy\" class=\"aligncenter size-full wp-image-9112\" src=\"http:\/\/vereinigung-professioneller-kinderfotografen.de\/blog2\/wp-content\/uploads\/2017\/06\/15-9105-post\/Andrea-Buehler-Babyfotografie-Heilbronn-Neugeborenenfotos-Heilbronn-Babybilder-Neugeborenenshooting-Heilbronn-Babyfotostudio-Heilbronn-10.jpg\" alt=\"\" width=\"960\" height=\"640\" srcset=\"https:\/\/vereinigung-professioneller-kinderfotografen.de\/blog2\/wp-content\/uploads\/2017\/06\/15-9105-post\/Andrea-Buehler-Babyfotografie-Heilbronn-Neugeborenenfotos-Heilbronn-Babybilder-Neugeborenenshooting-Heilbronn-Babyfotostudio-Heilbronn-10.jpg 960w, https:\/\/vereinigung-professioneller-kinderfotografen.de\/blog2\/wp-content\/uploads\/2017\/06\/15-9105-post\/Andrea-Buehler-Babyfotografie-Heilbronn-Neugeborenenfotos-Heilbronn-Babybilder-Neugeborenenshooting-Heilbronn-Babyfotostudio-Heilbronn-10-300x200.jpg 300w, https:\/\/vereinigung-professioneller-kinderfotografen.de\/blog2\/wp-content\/uploads\/2017\/06\/15-9105-post\/Andrea-Buehler-Babyfotografie-Heilbronn-Neugeborenenfotos-Heilbronn-Babybilder-Neugeborenenshooting-Heilbronn-Babyfotostudio-Heilbronn-10-768x512.jpg 768w\" sizes=\"(max-width: 960px) 100vw, 960px\" \/><img decoding=\"async\" loading=\"lazy\" class=\"aligncenter size-full wp-image-9115\" src=\"http:\/\/vereinigung-professioneller-kinderfotografen.de\/blog2\/wp-content\/uploads\/2017\/06\/15-9105-post\/Andrea-Buehler-Babyfotografie-Heilbronn-Neugeborenenfotos-Heilbronn-Babybilder-Neugeborenenshooting-Heilbronn-Babyfotostudio-Heilbronn-07.jpg\" alt=\"\" width=\"960\" height=\"640\" srcset=\"https:\/\/vereinigung-professioneller-kinderfotografen.de\/blog2\/wp-content\/uploads\/2017\/06\/15-9105-post\/Andrea-Buehler-Babyfotografie-Heilbronn-Neugeborenenfotos-Heilbronn-Babybilder-Neugeborenenshooting-Heilbronn-Babyfotostudio-Heilbronn-07.jpg 960w, https:\/\/vereinigung-professioneller-kinderfotografen.de\/blog2\/wp-content\/uploads\/2017\/06\/15-9105-post\/Andrea-Buehler-Babyfotografie-Heilbronn-Neugeborenenfotos-Heilbronn-Babybilder-Neugeborenenshooting-Heilbronn-Babyfotostudio-Heilbronn-07-300x200.jpg 300w, https:\/\/vereinigung-professioneller-kinderfotografen.de\/blog2\/wp-content\/uploads\/2017\/06\/15-9105-post\/Andrea-Buehler-Babyfotografie-Heilbronn-Neugeborenenfotos-Heilbronn-Babybilder-Neugeborenenshooting-Heilbronn-Babyfotostudio-Heilbronn-07-768x512.jpg 768w\" sizes=\"(max-width: 960px) 100vw, 960px\" \/><img decoding=\"async\" loading=\"lazy\" class=\"aligncenter size-full wp-image-9114\" src=\"http:\/\/vereinigung-professioneller-kinderfotografen.de\/blog2\/wp-content\/uploads\/2017\/06\/15-9105-post\/Andrea-Buehler-Babyfotografie-Heilbronn-Neugeborenenfotos-Heilbronn-Babybilder-Neugeborenenshooting-Heilbronn-Babyfotostudio-Heilbronn-08.jpg\" alt=\"\" width=\"960\" height=\"640\" srcset=\"https:\/\/vereinigung-professioneller-kinderfotografen.de\/blog2\/wp-content\/uploads\/2017\/06\/15-9105-post\/Andrea-Buehler-Babyfotografie-Heilbronn-Neugeborenenfotos-Heilbronn-Babybilder-Neugeborenenshooting-Heilbronn-Babyfotostudio-Heilbronn-08.jpg 960w, https:\/\/vereinigung-professioneller-kinderfotografen.de\/blog2\/wp-content\/uploads\/2017\/06\/15-9105-post\/Andrea-Buehler-Babyfotografie-Heilbronn-Neugeborenenfotos-Heilbronn-Babybilder-Neugeborenenshooting-Heilbronn-Babyfotostudio-Heilbronn-08-300x200.jpg 300w, https:\/\/vereinigung-professioneller-kinderfotografen.de\/blog2\/wp-content\/uploads\/2017\/06\/15-9105-post\/Andrea-Buehler-Babyfotografie-Heilbronn-Neugeborenenfotos-Heilbronn-Babybilder-Neugeborenenshooting-Heilbronn-Babyfotostudio-Heilbronn-08-768x512.jpg 768w\" sizes=\"(max-width: 960px) 100vw, 960px\" \/><img decoding=\"async\" loading=\"lazy\" class=\"aligncenter size-full wp-image-9110\" src=\"http:\/\/vereinigung-professioneller-kinderfotografen.de\/blog2\/wp-content\/uploads\/2017\/06\/15-9105-post\/Andrea-Buehler-Babyfotografie-Heilbronn-Neugeborenenfotos-Heilbronn-Babybilder-Neugeborenenshooting-Heilbronn-Babyfotostudio-Heilbronn-12.jpg\" alt=\"\" width=\"960\" height=\"640\" srcset=\"https:\/\/vereinigung-professioneller-kinderfotografen.de\/blog2\/wp-content\/uploads\/2017\/06\/15-9105-post\/Andrea-Buehler-Babyfotografie-Heilbronn-Neugeborenenfotos-Heilbronn-Babybilder-Neugeborenenshooting-Heilbronn-Babyfotostudio-Heilbronn-12.jpg 960w, https:\/\/vereinigung-professioneller-kinderfotografen.de\/blog2\/wp-content\/uploads\/2017\/06\/15-9105-post\/Andrea-Buehler-Babyfotografie-Heilbronn-Neugeborenenfotos-Heilbronn-Babybilder-Neugeborenenshooting-Heilbronn-Babyfotostudio-Heilbronn-12-300x200.jpg 300w, https:\/\/vereinigung-professioneller-kinderfotografen.de\/blog2\/wp-content\/uploads\/2017\/06\/15-9105-post\/Andrea-Buehler-Babyfotografie-Heilbronn-Neugeborenenfotos-Heilbronn-Babybilder-Neugeborenenshooting-Heilbronn-Babyfotostudio-Heilbronn-12-768x512.jpg 768w\" sizes=\"(max-width: 960px) 100vw, 960px\" \/><img decoding=\"async\" loading=\"lazy\" class=\"aligncenter size-full wp-image-9117\" src=\"http:\/\/vereinigung-professioneller-kinderfotografen.de\/blog2\/wp-content\/uploads\/2017\/06\/15-9105-post\/Andrea-Buehler-Babyfotografie-Heilbronn-Neugeborenenfotos-Heilbronn-Babybilder-Neugeborenenshooting-Heilbronn-Babyfotostudio-Heilbronn-05.jpg\" alt=\"\" width=\"960\" height=\"640\" srcset=\"https:\/\/vereinigung-professioneller-kinderfotografen.de\/blog2\/wp-content\/uploads\/2017\/06\/15-9105-post\/Andrea-Buehler-Babyfotografie-Heilbronn-Neugeborenenfotos-Heilbronn-Babybilder-Neugeborenenshooting-Heilbronn-Babyfotostudio-Heilbronn-05.jpg 960w, https:\/\/vereinigung-professioneller-kinderfotografen.de\/blog2\/wp-content\/uploads\/2017\/06\/15-9105-post\/Andrea-Buehler-Babyfotografie-Heilbronn-Neugeborenenfotos-Heilbronn-Babybilder-Neugeborenenshooting-Heilbronn-Babyfotostudio-Heilbronn-05-300x200.jpg 300w, https:\/\/vereinigung-professioneller-kinderfotografen.de\/blog2\/wp-content\/uploads\/2017\/06\/15-9105-post\/Andrea-Buehler-Babyfotografie-Heilbronn-Neugeborenenfotos-Heilbronn-Babybilder-Neugeborenenshooting-Heilbronn-Babyfotostudio-Heilbronn-05-768x512.jpg 768w\" sizes=\"(max-width: 960px) 100vw, 960px\" \/><img decoding=\"async\" loading=\"lazy\" class=\"aligncenter size-full wp-image-9108\" src=\"http:\/\/vereinigung-professioneller-kinderfotografen.de\/blog2\/wp-content\/uploads\/2017\/06\/15-9105-post\/Andrea-Buehler-Babyfotografie-Heilbronn-Neugeborenenfotos-Heilbronn-Babybilder-Neugeborenenshooting-Heilbronn-Babyfotostudio-Heilbronn-14.jpg\" alt=\"\" width=\"640\" height=\"960\" srcset=\"https:\/\/vereinigung-professioneller-kinderfotografen.de\/blog2\/wp-content\/uploads\/2017\/06\/15-9105-post\/Andrea-Buehler-Babyfotografie-Heilbronn-Neugeborenenfotos-Heilbronn-Babybilder-Neugeborenenshooting-Heilbronn-Babyfotostudio-Heilbronn-14.jpg 640w, https:\/\/vereinigung-professioneller-kinderfotografen.de\/blog2\/wp-content\/uploads\/2017\/06\/15-9105-post\/Andrea-Buehler-Babyfotografie-Heilbronn-Neugeborenenfotos-Heilbronn-Babybilder-Neugeborenenshooting-Heilbronn-Babyfotostudio-Heilbronn-14-200x300.jpg 200w\" sizes=\"(max-width: 640px) 100vw, 640px\" \/><img decoding=\"async\" loading=\"lazy\" class=\"aligncenter size-full wp-image-9119\" src=\"http:\/\/vereinigung-professioneller-kinderfotografen.de\/blog2\/wp-content\/uploads\/2017\/06\/15-9105-post\/Andrea-Buehler-Babyfotografie-Heilbronn-Neugeborenenfotos-Heilbronn-Babybilder-Neugeborenenshooting-Heilbronn-Babyfotostudio-Heilbronn-03.jpg\" alt=\"\" width=\"960\" height=\"640\" srcset=\"https:\/\/vereinigung-professioneller-kinderfotografen.de\/blog2\/wp-content\/uploads\/2017\/06\/15-9105-post\/Andrea-Buehler-Babyfotografie-Heilbronn-Neugeborenenfotos-Heilbronn-Babybilder-Neugeborenenshooting-Heilbronn-Babyfotostudio-Heilbronn-03.jpg 960w, https:\/\/vereinigung-professioneller-kinderfotografen.de\/blog2\/wp-content\/uploads\/2017\/06\/15-9105-post\/Andrea-Buehler-Babyfotografie-Heilbronn-Neugeborenenfotos-Heilbronn-Babybilder-Neugeborenenshooting-Heilbronn-Babyfotostudio-Heilbronn-03-300x200.jpg 300w, https:\/\/vereinigung-professioneller-kinderfotografen.de\/blog2\/wp-content\/uploads\/2017\/06\/15-9105-post\/Andrea-Buehler-Babyfotografie-Heilbronn-Neugeborenenfotos-Heilbronn-Babybilder-Neugeborenenshooting-Heilbronn-Babyfotostudio-Heilbronn-03-768x512.jpg 768w\" sizes=\"(max-width: 960px) 100vw, 960px\" \/><img decoding=\"async\" loading=\"lazy\" class=\"aligncenter size-full wp-image-9111\" src=\"http:\/\/vereinigung-professioneller-kinderfotografen.de\/blog2\/wp-content\/uploads\/2017\/06\/15-9105-post\/Andrea-Buehler-Babyfotografie-Heilbronn-Neugeborenenfotos-Heilbronn-Babybilder-Neugeborenenshooting-Heilbronn-Babyfotostudio-Heilbronn-11.jpg\" alt=\"\" width=\"960\" height=\"640\" srcset=\"https:\/\/vereinigung-professioneller-kinderfotografen.de\/blog2\/wp-content\/uploads\/2017\/06\/15-9105-post\/Andrea-Buehler-Babyfotografie-Heilbronn-Neugeborenenfotos-Heilbronn-Babybilder-Neugeborenenshooting-Heilbronn-Babyfotostudio-Heilbronn-11.jpg 960w, https:\/\/vereinigung-professioneller-kinderfotografen.de\/blog2\/wp-content\/uploads\/2017\/06\/15-9105-post\/Andrea-Buehler-Babyfotografie-Heilbronn-Neugeborenenfotos-Heilbronn-Babybilder-Neugeborenenshooting-Heilbronn-Babyfotostudio-Heilbronn-11-300x200.jpg 300w, https:\/\/vereinigung-professioneller-kinderfotografen.de\/blog2\/wp-content\/uploads\/2017\/06\/15-9105-post\/Andrea-Buehler-Babyfotografie-Heilbronn-Neugeborenenfotos-Heilbronn-Babybilder-Neugeborenenshooting-Heilbronn-Babyfotostudio-Heilbronn-11-768x512.jpg 768w\" sizes=\"(max-width: 960px) 100vw, 960px\" \/><\/p>\n","protected":false},"excerpt":{"rendered":"<p>Die kleine wunderh\u00fcbsche Chiara war mit 14 Lebenstagen bei unserer Babyfotografin Andrea B\u00fchler aus Heilbronn in ihrem Babyfotostudio in Leingarten zu ihrer ersten Fotosession. Nat\u00fcrlich war\u00a0Andrea B\u00fchler sofort hin und weg von diesem s\u00fc\u00dfen M\u00e4dchen mit den tollen Haaren. &nbsp;<\/p>\n","protected":false},"author":2,"featured_media":9118,"comment_status":"closed","ping_status":"closed","sticky":false,"template":"","format":"standard","meta":{"pp_embeds":""},"categories":[478],"tags":[541,1018,566,1019,10,1020,1021,796,542,15,686],"acf":[],"_links":{"self":[{"href":"https:\/\/vereinigung-professioneller-kinderfotografen.de\/blog2\/wp-json\/wp\/v2\/posts\/9105"}],"collection":[{"href":"https:\/\/vereinigung-professioneller-kinderfotografen.de\/blog2\/wp-json\/wp\/v2\/posts"}],"about":[{"href":"https:\/\/vereinigung-professioneller-kinderfotografen.de\/blog2\/wp-json\/wp\/v2\/types\/post"}],"author":[{"embeddable":true,"href":"https:\/\/vereinigung-professioneller-kinderfotografen.de\/blog2\/wp-json\/wp\/v2\/users\/2"}],"replies":[{"embeddable":true,"href":"https:\/\/vereinigung-professioneller-kinderfotografen.de\/blog2\/wp-json\/wp\/v2\/comments?post=9105"}],"version-history":[{"count":1,"href":"https:\/\/vereinigung-professioneller-kinderfotografen.de\/blog2\/wp-json\/wp\/v2\/posts\/9105\/revisions"}],"predecessor-version":[{"id":9122,"href":"https:\/\/vereinigung-professioneller-kinderfotografen.de\/blog2\/wp-json\/wp\/v2\/posts\/9105\/revisions\/9122"}],"wp:featuredmedia":[{"embeddable":true,"href":"https:\/\/vereinigung-professioneller-kinderfotografen.de\/blog2\/wp-json\/wp\/v2\/media\/9118"}],"wp:attachment":[{"href":"https:\/\/vereinigung-professioneller-kinderfotografen.de\/blog2\/wp-json\/wp\/v2\/media?parent=9105"}],"wp:term":[{"taxonomy":"category","embeddable":true,"href":"https:\/\/vereinigung-professioneller-kinderfotografen.de\/blog2\/wp-json\/wp\/v2\/categories?post=9105"},{"taxonomy":"post_tag","embeddable":true,"href":"https:\/\/vereinigung-professioneller-kinderfotografen.de\/blog2\/wp-json\/wp\/v2\/tags?post=9105"}],"curies":[{"name":"wp","href":"https:\/\/api.w.org\/{rel}","templated":true}]}}