{"id":9091,"date":"2017-06-14T09:30:06","date_gmt":"2017-06-14T07:30:06","guid":{"rendered":"http:\/\/vereinigung-professioneller-kinderfotografen.de\/blog2\/?p=9091"},"modified":"2017-06-13T19:15:16","modified_gmt":"2017-06-13T17:15:16","slug":"neugeborenenfotografie-in-bondorf-britta-kussmaul-fotodesign","status":"publish","type":"post","link":"https:\/\/vereinigung-professioneller-kinderfotografen.de\/blog2\/neugeborenenfotografie-in-bondorf-britta-kussmaul-fotodesign\/","title":{"rendered":"Neugeborenenfotografie in Bondorf \/ Britta Ku\u00dfmaul Fotodesign"},"content":{"rendered":"<p>Nachdem\u00a0schon der heute stolze gro\u00dfe Bruder von unserer Fotografin Britta Ku\u00dfmaul <a href=\"http:\/\/www.kussmaul-fotodesign.de\">(www.kussmaul-fotodesign.de)<\/a> f\u00fcr sein erstes Fotoshooting zu Hause im Kreis Calw besucht wurde, hat jetzt seine zauberhafte kleine Schwester Haily\u00a0Britta in Bondorf in ihrem Fotoatelier besucht, um ihre ersten Bilder bekommen. Selbstverst\u00e4ndlich entstehen bei einer Neugeborenensession auch Geschwister- und Familienbilder. Seht selbst&#8230;<img decoding=\"async\" loading=\"lazy\" class=\"aligncenter size-full wp-image-9092\" src=\"http:\/\/vereinigung-professioneller-kinderfotografen.de\/blog2\/wp-content\/uploads\/2017\/06\/13-9091-post\/Kussmaul-Fotodesign-Herrenberg-Bondorf-Nagold-Rottenburg-web8.jpg\" alt=\"\" width=\"2000\" height=\"1331\" srcset=\"https:\/\/vereinigung-professioneller-kinderfotografen.de\/blog2\/wp-content\/uploads\/2017\/06\/13-9091-post\/Kussmaul-Fotodesign-Herrenberg-Bondorf-Nagold-Rottenburg-web8.jpg 2000w, https:\/\/vereinigung-professioneller-kinderfotografen.de\/blog2\/wp-content\/uploads\/2017\/06\/13-9091-post\/Kussmaul-Fotodesign-Herrenberg-Bondorf-Nagold-Rottenburg-web8-300x200.jpg 300w, https:\/\/vereinigung-professioneller-kinderfotografen.de\/blog2\/wp-content\/uploads\/2017\/06\/13-9091-post\/Kussmaul-Fotodesign-Herrenberg-Bondorf-Nagold-Rottenburg-web8-768x511.jpg 768w, https:\/\/vereinigung-professioneller-kinderfotografen.de\/blog2\/wp-content\/uploads\/2017\/06\/13-9091-post\/Kussmaul-Fotodesign-Herrenberg-Bondorf-Nagold-Rottenburg-web8-1024x681.jpg 1024w\" sizes=\"(max-width: 2000px) 100vw, 2000px\" \/><img decoding=\"async\" loading=\"lazy\" class=\"aligncenter size-full wp-image-9093\" src=\"http:\/\/vereinigung-professioneller-kinderfotografen.de\/blog2\/wp-content\/uploads\/2017\/06\/13-9091-post\/Kussmaul-Fotodesign-Herrenberg-Bondorf-Nagold-Rottenburg-web9.jpg\" alt=\"\" width=\"2000\" height=\"1331\" srcset=\"https:\/\/vereinigung-professioneller-kinderfotografen.de\/blog2\/wp-content\/uploads\/2017\/06\/13-9091-post\/Kussmaul-Fotodesign-Herrenberg-Bondorf-Nagold-Rottenburg-web9.jpg 2000w, https:\/\/vereinigung-professioneller-kinderfotografen.de\/blog2\/wp-content\/uploads\/2017\/06\/13-9091-post\/Kussmaul-Fotodesign-Herrenberg-Bondorf-Nagold-Rottenburg-web9-300x200.jpg 300w, https:\/\/vereinigung-professioneller-kinderfotografen.de\/blog2\/wp-content\/uploads\/2017\/06\/13-9091-post\/Kussmaul-Fotodesign-Herrenberg-Bondorf-Nagold-Rottenburg-web9-768x511.jpg 768w, https:\/\/vereinigung-professioneller-kinderfotografen.de\/blog2\/wp-content\/uploads\/2017\/06\/13-9091-post\/Kussmaul-Fotodesign-Herrenberg-Bondorf-Nagold-Rottenburg-web9-1024x681.jpg 1024w\" sizes=\"(max-width: 2000px) 100vw, 2000px\" \/><img decoding=\"async\" loading=\"lazy\" class=\"aligncenter size-full wp-image-9094\" src=\"http:\/\/vereinigung-professioneller-kinderfotografen.de\/blog2\/wp-content\/uploads\/2017\/06\/13-9091-post\/Kussmaul-Fotodesign-Herrenberg-Bondorf-Nagold-Rottenburg-web10.jpg\" alt=\"\" width=\"2000\" height=\"1331\" srcset=\"https:\/\/vereinigung-professioneller-kinderfotografen.de\/blog2\/wp-content\/uploads\/2017\/06\/13-9091-post\/Kussmaul-Fotodesign-Herrenberg-Bondorf-Nagold-Rottenburg-web10.jpg 2000w, https:\/\/vereinigung-professioneller-kinderfotografen.de\/blog2\/wp-content\/uploads\/2017\/06\/13-9091-post\/Kussmaul-Fotodesign-Herrenberg-Bondorf-Nagold-Rottenburg-web10-300x200.jpg 300w, https:\/\/vereinigung-professioneller-kinderfotografen.de\/blog2\/wp-content\/uploads\/2017\/06\/13-9091-post\/Kussmaul-Fotodesign-Herrenberg-Bondorf-Nagold-Rottenburg-web10-768x511.jpg 768w, https:\/\/vereinigung-professioneller-kinderfotografen.de\/blog2\/wp-content\/uploads\/2017\/06\/13-9091-post\/Kussmaul-Fotodesign-Herrenberg-Bondorf-Nagold-Rottenburg-web10-1024x681.jpg 1024w\" sizes=\"(max-width: 2000px) 100vw, 2000px\" \/><img decoding=\"async\" loading=\"lazy\" class=\"aligncenter size-full wp-image-9095\" src=\"http:\/\/vereinigung-professioneller-kinderfotografen.de\/blog2\/wp-content\/uploads\/2017\/06\/13-9091-post\/Kussmaul-Fotodesign-Herrenberg-Bondorf-Nagold-Rottenburg-web4.jpg\" alt=\"\" width=\"2000\" height=\"1331\" srcset=\"https:\/\/vereinigung-professioneller-kinderfotografen.de\/blog2\/wp-content\/uploads\/2017\/06\/13-9091-post\/Kussmaul-Fotodesign-Herrenberg-Bondorf-Nagold-Rottenburg-web4.jpg 2000w, https:\/\/vereinigung-professioneller-kinderfotografen.de\/blog2\/wp-content\/uploads\/2017\/06\/13-9091-post\/Kussmaul-Fotodesign-Herrenberg-Bondorf-Nagold-Rottenburg-web4-300x200.jpg 300w, https:\/\/vereinigung-professioneller-kinderfotografen.de\/blog2\/wp-content\/uploads\/2017\/06\/13-9091-post\/Kussmaul-Fotodesign-Herrenberg-Bondorf-Nagold-Rottenburg-web4-768x511.jpg 768w, https:\/\/vereinigung-professioneller-kinderfotografen.de\/blog2\/wp-content\/uploads\/2017\/06\/13-9091-post\/Kussmaul-Fotodesign-Herrenberg-Bondorf-Nagold-Rottenburg-web4-1024x681.jpg 1024w\" sizes=\"(max-width: 2000px) 100vw, 2000px\" \/><img decoding=\"async\" loading=\"lazy\" class=\"aligncenter size-full wp-image-9096\" src=\"http:\/\/vereinigung-professioneller-kinderfotografen.de\/blog2\/wp-content\/uploads\/2017\/06\/13-9091-post\/Kussmaul-Fotodesign-Herrenberg-Bondorf-Nagold-Rottenburg-web5.jpg\" alt=\"\" width=\"2000\" height=\"1331\" srcset=\"https:\/\/vereinigung-professioneller-kinderfotografen.de\/blog2\/wp-content\/uploads\/2017\/06\/13-9091-post\/Kussmaul-Fotodesign-Herrenberg-Bondorf-Nagold-Rottenburg-web5.jpg 2000w, https:\/\/vereinigung-professioneller-kinderfotografen.de\/blog2\/wp-content\/uploads\/2017\/06\/13-9091-post\/Kussmaul-Fotodesign-Herrenberg-Bondorf-Nagold-Rottenburg-web5-300x200.jpg 300w, https:\/\/vereinigung-professioneller-kinderfotografen.de\/blog2\/wp-content\/uploads\/2017\/06\/13-9091-post\/Kussmaul-Fotodesign-Herrenberg-Bondorf-Nagold-Rottenburg-web5-768x511.jpg 768w, https:\/\/vereinigung-professioneller-kinderfotografen.de\/blog2\/wp-content\/uploads\/2017\/06\/13-9091-post\/Kussmaul-Fotodesign-Herrenberg-Bondorf-Nagold-Rottenburg-web5-1024x681.jpg 1024w\" sizes=\"(max-width: 2000px) 100vw, 2000px\" \/><img decoding=\"async\" loading=\"lazy\" class=\"aligncenter size-full wp-image-9097\" src=\"http:\/\/vereinigung-professioneller-kinderfotografen.de\/blog2\/wp-content\/uploads\/2017\/06\/13-9091-post\/Kussmaul-Fotodesign-Herrenberg-Bondorf-Nagold-Rottenburg-web6.jpg\" alt=\"\" width=\"2000\" height=\"1331\" srcset=\"https:\/\/vereinigung-professioneller-kinderfotografen.de\/blog2\/wp-content\/uploads\/2017\/06\/13-9091-post\/Kussmaul-Fotodesign-Herrenberg-Bondorf-Nagold-Rottenburg-web6.jpg 2000w, https:\/\/vereinigung-professioneller-kinderfotografen.de\/blog2\/wp-content\/uploads\/2017\/06\/13-9091-post\/Kussmaul-Fotodesign-Herrenberg-Bondorf-Nagold-Rottenburg-web6-300x200.jpg 300w, https:\/\/vereinigung-professioneller-kinderfotografen.de\/blog2\/wp-content\/uploads\/2017\/06\/13-9091-post\/Kussmaul-Fotodesign-Herrenberg-Bondorf-Nagold-Rottenburg-web6-768x511.jpg 768w, https:\/\/vereinigung-professioneller-kinderfotografen.de\/blog2\/wp-content\/uploads\/2017\/06\/13-9091-post\/Kussmaul-Fotodesign-Herrenberg-Bondorf-Nagold-Rottenburg-web6-1024x681.jpg 1024w\" sizes=\"(max-width: 2000px) 100vw, 2000px\" \/><img decoding=\"async\" loading=\"lazy\" class=\"aligncenter size-full wp-image-9098\" src=\"http:\/\/vereinigung-professioneller-kinderfotografen.de\/blog2\/wp-content\/uploads\/2017\/06\/13-9091-post\/Kussmaul-Fotodesign-Herrenberg-Bondorf-Nagold-Rottenburg-web7.jpg\" alt=\"\" width=\"2000\" height=\"1331\" srcset=\"https:\/\/vereinigung-professioneller-kinderfotografen.de\/blog2\/wp-content\/uploads\/2017\/06\/13-9091-post\/Kussmaul-Fotodesign-Herrenberg-Bondorf-Nagold-Rottenburg-web7.jpg 2000w, https:\/\/vereinigung-professioneller-kinderfotografen.de\/blog2\/wp-content\/uploads\/2017\/06\/13-9091-post\/Kussmaul-Fotodesign-Herrenberg-Bondorf-Nagold-Rottenburg-web7-300x200.jpg 300w, https:\/\/vereinigung-professioneller-kinderfotografen.de\/blog2\/wp-content\/uploads\/2017\/06\/13-9091-post\/Kussmaul-Fotodesign-Herrenberg-Bondorf-Nagold-Rottenburg-web7-768x511.jpg 768w, https:\/\/vereinigung-professioneller-kinderfotografen.de\/blog2\/wp-content\/uploads\/2017\/06\/13-9091-post\/Kussmaul-Fotodesign-Herrenberg-Bondorf-Nagold-Rottenburg-web7-1024x681.jpg 1024w\" sizes=\"(max-width: 2000px) 100vw, 2000px\" \/><img decoding=\"async\" loading=\"lazy\" class=\"aligncenter size-full wp-image-9099\" src=\"http:\/\/vereinigung-professioneller-kinderfotografen.de\/blog2\/wp-content\/uploads\/2017\/06\/13-9091-post\/Kussmaul-Fotodesign-Herrenberg-Bondorf-Nagold-Rottenburg-web1.jpg\" alt=\"\" width=\"2000\" height=\"1331\" srcset=\"https:\/\/vereinigung-professioneller-kinderfotografen.de\/blog2\/wp-content\/uploads\/2017\/06\/13-9091-post\/Kussmaul-Fotodesign-Herrenberg-Bondorf-Nagold-Rottenburg-web1.jpg 2000w, https:\/\/vereinigung-professioneller-kinderfotografen.de\/blog2\/wp-content\/uploads\/2017\/06\/13-9091-post\/Kussmaul-Fotodesign-Herrenberg-Bondorf-Nagold-Rottenburg-web1-300x200.jpg 300w, https:\/\/vereinigung-professioneller-kinderfotografen.de\/blog2\/wp-content\/uploads\/2017\/06\/13-9091-post\/Kussmaul-Fotodesign-Herrenberg-Bondorf-Nagold-Rottenburg-web1-768x511.jpg 768w, https:\/\/vereinigung-professioneller-kinderfotografen.de\/blog2\/wp-content\/uploads\/2017\/06\/13-9091-post\/Kussmaul-Fotodesign-Herrenberg-Bondorf-Nagold-Rottenburg-web1-1024x681.jpg 1024w\" sizes=\"(max-width: 2000px) 100vw, 2000px\" \/><img decoding=\"async\" loading=\"lazy\" class=\"aligncenter size-full wp-image-9100\" src=\"http:\/\/vereinigung-professioneller-kinderfotografen.de\/blog2\/wp-content\/uploads\/2017\/06\/13-9091-post\/Kussmaul-Fotodesign-Herrenberg-Bondorf-Nagold-Rottenburg-web2.jpg\" alt=\"\" width=\"2000\" height=\"1331\" srcset=\"https:\/\/vereinigung-professioneller-kinderfotografen.de\/blog2\/wp-content\/uploads\/2017\/06\/13-9091-post\/Kussmaul-Fotodesign-Herrenberg-Bondorf-Nagold-Rottenburg-web2.jpg 2000w, https:\/\/vereinigung-professioneller-kinderfotografen.de\/blog2\/wp-content\/uploads\/2017\/06\/13-9091-post\/Kussmaul-Fotodesign-Herrenberg-Bondorf-Nagold-Rottenburg-web2-300x200.jpg 300w, https:\/\/vereinigung-professioneller-kinderfotografen.de\/blog2\/wp-content\/uploads\/2017\/06\/13-9091-post\/Kussmaul-Fotodesign-Herrenberg-Bondorf-Nagold-Rottenburg-web2-768x511.jpg 768w, https:\/\/vereinigung-professioneller-kinderfotografen.de\/blog2\/wp-content\/uploads\/2017\/06\/13-9091-post\/Kussmaul-Fotodesign-Herrenberg-Bondorf-Nagold-Rottenburg-web2-1024x681.jpg 1024w\" sizes=\"(max-width: 2000px) 100vw, 2000px\" \/><img decoding=\"async\" loading=\"lazy\" class=\"aligncenter size-full wp-image-9101\" src=\"http:\/\/vereinigung-professioneller-kinderfotografen.de\/blog2\/wp-content\/uploads\/2017\/06\/13-9091-post\/Kussmaul-Fotodesign-Herrenberg-Bondorf-Nagold-Rottenburg-web3.jpg\" alt=\"\" width=\"2000\" height=\"1331\" srcset=\"https:\/\/vereinigung-professioneller-kinderfotografen.de\/blog2\/wp-content\/uploads\/2017\/06\/13-9091-post\/Kussmaul-Fotodesign-Herrenberg-Bondorf-Nagold-Rottenburg-web3.jpg 2000w, https:\/\/vereinigung-professioneller-kinderfotografen.de\/blog2\/wp-content\/uploads\/2017\/06\/13-9091-post\/Kussmaul-Fotodesign-Herrenberg-Bondorf-Nagold-Rottenburg-web3-300x200.jpg 300w, https:\/\/vereinigung-professioneller-kinderfotografen.de\/blog2\/wp-content\/uploads\/2017\/06\/13-9091-post\/Kussmaul-Fotodesign-Herrenberg-Bondorf-Nagold-Rottenburg-web3-768x511.jpg 768w, https:\/\/vereinigung-professioneller-kinderfotografen.de\/blog2\/wp-content\/uploads\/2017\/06\/13-9091-post\/Kussmaul-Fotodesign-Herrenberg-Bondorf-Nagold-Rottenburg-web3-1024x681.jpg 1024w\" sizes=\"(max-width: 2000px) 100vw, 2000px\" \/><\/p>\n","protected":false},"excerpt":{"rendered":"<p>Nachdem\u00a0schon der heute stolze gro\u00dfe Bruder von unserer Fotografin Britta Ku\u00dfmaul (www.kussmaul-fotodesign.de) f\u00fcr sein erstes Fotoshooting zu Hause im Kreis Calw besucht wurde, hat jetzt seine zauberhafte kleine Schwester Haily\u00a0Britta in Bondorf in ihrem Fotoatelier besucht, um ihre ersten Bilder bekommen. Selbstverst\u00e4ndlich entstehen bei einer Neugeborenensession auch Geschwister- und Familienbilder. Seht selbst&#8230;<\/p>\n","protected":false},"author":2,"featured_media":9101,"comment_status":"closed","ping_status":"closed","sticky":false,"template":"","format":"standard","meta":{"pp_embeds":""},"categories":[897],"tags":[173,1013,1017,220,321,1012,1014,1015,772,1016],"acf":[],"_links":{"self":[{"href":"https:\/\/vereinigung-professioneller-kinderfotografen.de\/blog2\/wp-json\/wp\/v2\/posts\/9091"}],"collection":[{"href":"https:\/\/vereinigung-professioneller-kinderfotografen.de\/blog2\/wp-json\/wp\/v2\/posts"}],"about":[{"href":"https:\/\/vereinigung-professioneller-kinderfotografen.de\/blog2\/wp-json\/wp\/v2\/types\/post"}],"author":[{"embeddable":true,"href":"https:\/\/vereinigung-professioneller-kinderfotografen.de\/blog2\/wp-json\/wp\/v2\/users\/2"}],"replies":[{"embeddable":true,"href":"https:\/\/vereinigung-professioneller-kinderfotografen.de\/blog2\/wp-json\/wp\/v2\/comments?post=9091"}],"version-history":[{"count":3,"href":"https:\/\/vereinigung-professioneller-kinderfotografen.de\/blog2\/wp-json\/wp\/v2\/posts\/9091\/revisions"}],"predecessor-version":[{"id":9104,"href":"https:\/\/vereinigung-professioneller-kinderfotografen.de\/blog2\/wp-json\/wp\/v2\/posts\/9091\/revisions\/9104"}],"wp:featuredmedia":[{"embeddable":true,"href":"https:\/\/vereinigung-professioneller-kinderfotografen.de\/blog2\/wp-json\/wp\/v2\/media\/9101"}],"wp:attachment":[{"href":"https:\/\/vereinigung-professioneller-kinderfotografen.de\/blog2\/wp-json\/wp\/v2\/media?parent=9091"}],"wp:term":[{"taxonomy":"category","embeddable":true,"href":"https:\/\/vereinigung-professioneller-kinderfotografen.de\/blog2\/wp-json\/wp\/v2\/categories?post=9091"},{"taxonomy":"post_tag","embeddable":true,"href":"https:\/\/vereinigung-professioneller-kinderfotografen.de\/blog2\/wp-json\/wp\/v2\/tags?post=9091"}],"curies":[{"name":"wp","href":"https:\/\/api.w.org\/{rel}","templated":true}]}}