{"id":9048,"date":"2017-06-04T09:10:24","date_gmt":"2017-06-04T07:10:24","guid":{"rendered":"http:\/\/vereinigung-professioneller-kinderfotografen.de\/blog2\/?p=9048"},"modified":"2017-06-03T22:06:24","modified_gmt":"2017-06-03T20:06:24","slug":"kai-felix-der-glueckliche-babyfotografie-am-niederrhein-von-katharina-dressen","status":"publish","type":"post","link":"https:\/\/vereinigung-professioneller-kinderfotografen.de\/blog2\/kai-felix-der-glueckliche-babyfotografie-am-niederrhein-von-katharina-dressen\/","title":{"rendered":"Kai Felix &#8211; der Gl\u00fcckliche | Babyfotografie am Niederrhein |\u00a0von Katharina Dressen"},"content":{"rendered":"<p>Wenn aus kleinen Jungs pl\u00f6tzlich gro\u00dfe Br\u00fcder werden und sie vor stolz direkt ein St\u00fcckchen wachsen&#8230;. das ist f\u00fcr die meisten Familienfotografen immer wieder ganz spannend und ber\u00fchrend zu gleich. Und es ist ganz wunderbar, diese kostbaren Momente, in unvergessenen Bildern festzuhalten. Unsere Fotografin <a href=\"http:\/\/www.katharinadressen.de\" target=\"_blank\" rel=\"noopener noreferrer\">Katharina Dre\u00dfen<\/a> hat seinerzeit schon den gro\u00dfen Bruder fotografiert und freute sich nun um so mehr, auch den neuen kleinen Erdenbewohner, begr\u00fc\u00dfen zu d\u00fcrfen. Es entstanden ganz tolle Momente, vom kleinen Kai Felix und seinem gro\u00dfen Bruder!<br \/>\n<img decoding=\"async\" loading=\"lazy\" class=\"pp-insert-all size-full aligncenter\" src=\"http:\/\/vereinigung-professioneller-kinderfotografen.de\/blog2\/wp-content\/uploads\/2017\/06\/03-9048-post\/Kai_Felix_NB_04-kl.jpg\" alt=\"\" width=\"960\" height=\"679\" \/><img decoding=\"async\" loading=\"lazy\" class=\"pp-insert-all size-full aligncenter\" src=\"http:\/\/vereinigung-professioneller-kinderfotografen.de\/blog2\/wp-content\/uploads\/2017\/06\/03-9048-post\/Kai_Felix_NB_05-kl.jpg\" alt=\"\" width=\"960\" height=\"429\" \/><img decoding=\"async\" loading=\"lazy\" class=\"pp-insert-all size-full aligncenter\" src=\"http:\/\/vereinigung-professioneller-kinderfotografen.de\/blog2\/wp-content\/uploads\/2017\/06\/03-9048-post\/Kai_Felix_NB_38-kl.jpg\" alt=\"\" width=\"960\" height=\"961\" \/><img decoding=\"async\" loading=\"lazy\" class=\"pp-insert-all size-full aligncenter\" src=\"http:\/\/vereinigung-professioneller-kinderfotografen.de\/blog2\/wp-content\/uploads\/2017\/06\/03-9048-post\/Kai_Felix_NB_39-kl.jpg\" alt=\"\" width=\"960\" height=\"445\" \/><\/p>\n","protected":false},"excerpt":{"rendered":"<p>Wenn aus kleinen Jungs pl\u00f6tzlich gro\u00dfe Br\u00fcder werden und sie vor stolz direkt ein St\u00fcckchen wachsen&#8230;. das ist f\u00fcr die meisten Familienfotografen immer wieder ganz spannend und ber\u00fchrend zu gleich. Und es ist ganz wunderbar, diese kostbaren Momente, in unvergessenen Bildern festzuhalten. Unsere Fotografin Katharina Dre\u00dfen hat seinerzeit schon den gro\u00dfen Bruder fotografiert und freute...<\/p>\n","protected":false},"author":2,"featured_media":0,"comment_status":"closed","ping_status":"closed","sticky":false,"template":"","format":"standard","meta":{"pp_embeds":""},"categories":[92],"tags":[12,83,10,16,11,91,30,657,93,35,19,26,15,25,27,241,33],"acf":[],"_links":{"self":[{"href":"https:\/\/vereinigung-professioneller-kinderfotografen.de\/blog2\/wp-json\/wp\/v2\/posts\/9048"}],"collection":[{"href":"https:\/\/vereinigung-professioneller-kinderfotografen.de\/blog2\/wp-json\/wp\/v2\/posts"}],"about":[{"href":"https:\/\/vereinigung-professioneller-kinderfotografen.de\/blog2\/wp-json\/wp\/v2\/types\/post"}],"author":[{"embeddable":true,"href":"https:\/\/vereinigung-professioneller-kinderfotografen.de\/blog2\/wp-json\/wp\/v2\/users\/2"}],"replies":[{"embeddable":true,"href":"https:\/\/vereinigung-professioneller-kinderfotografen.de\/blog2\/wp-json\/wp\/v2\/comments?post=9048"}],"version-history":[{"count":3,"href":"https:\/\/vereinigung-professioneller-kinderfotografen.de\/blog2\/wp-json\/wp\/v2\/posts\/9048\/revisions"}],"predecessor-version":[{"id":9055,"href":"https:\/\/vereinigung-professioneller-kinderfotografen.de\/blog2\/wp-json\/wp\/v2\/posts\/9048\/revisions\/9055"}],"wp:attachment":[{"href":"https:\/\/vereinigung-professioneller-kinderfotografen.de\/blog2\/wp-json\/wp\/v2\/media?parent=9048"}],"wp:term":[{"taxonomy":"category","embeddable":true,"href":"https:\/\/vereinigung-professioneller-kinderfotografen.de\/blog2\/wp-json\/wp\/v2\/categories?post=9048"},{"taxonomy":"post_tag","embeddable":true,"href":"https:\/\/vereinigung-professioneller-kinderfotografen.de\/blog2\/wp-json\/wp\/v2\/tags?post=9048"}],"curies":[{"name":"wp","href":"https:\/\/api.w.org\/{rel}","templated":true}]}}