{"id":8973,"date":"2017-06-02T18:00:02","date_gmt":"2017-06-02T16:00:02","guid":{"rendered":"http:\/\/vereinigung-professioneller-kinderfotografen.de\/blog2\/?p=8973"},"modified":"2017-06-02T19:37:18","modified_gmt":"2017-06-02T17:37:18","slug":"babyfotos-im-gemuetlichen-tageslichstudio-in-landshut-fotografin-sevi-koch","status":"publish","type":"post","link":"https:\/\/vereinigung-professioneller-kinderfotografen.de\/blog2\/babyfotos-im-gemuetlichen-tageslichstudio-in-landshut-fotografin-sevi-koch\/","title":{"rendered":"Babyfotos im gem\u00fctlichen Tageslichstudio in Landshut &#8211; Fotografin Sevi Koch"},"content":{"rendered":"<p>Unsere Fotografin\u00a0<a href=\"https:\/\/sevikoch.de\/\">Sevi Koch<\/a>\u00a0liebt es, kleine Geschichten mit ihren Bildern zu erz\u00e4hlen. Dabei legt sie Wert auf nat\u00fcrliche, schlichte Aufnahmen. Heute zeigt sie euch einen kleinen Einblick in das Shooting mit der s\u00fc\u00dfen Elena. Mehr von Sevi findet ihr auf ihrer\u00a0<a href=\"https:\/\/www.facebook.com\/SeviKochPhotography\/\">Facebookseite<\/a>\u00a0oder ihrer\u00a0<a href=\"https:\/\/sevikoch.de\/\">Homepage<\/a><\/p>\n<p>&nbsp;<\/p>\n<p><img decoding=\"async\" loading=\"lazy\" class=\"aligncenter size-full wp-image-8974\" src=\"http:\/\/vereinigung-professioneller-kinderfotografen.de\/blog2\/wp-content\/uploads\/2017\/06\/01-8973-post\/el-1.jpg\" alt=\"Sevi Koch , Fotograf Landshut\" width=\"1146\" height=\"858\" srcset=\"https:\/\/vereinigung-professioneller-kinderfotografen.de\/blog2\/wp-content\/uploads\/2017\/06\/01-8973-post\/el-1.jpg 1146w, https:\/\/vereinigung-professioneller-kinderfotografen.de\/blog2\/wp-content\/uploads\/2017\/06\/01-8973-post\/el-1-300x225.jpg 300w, https:\/\/vereinigung-professioneller-kinderfotografen.de\/blog2\/wp-content\/uploads\/2017\/06\/01-8973-post\/el-1-768x575.jpg 768w, https:\/\/vereinigung-professioneller-kinderfotografen.de\/blog2\/wp-content\/uploads\/2017\/06\/01-8973-post\/el-1-1024x767.jpg 1024w\" sizes=\"(max-width: 1146px) 100vw, 1146px\" \/><img decoding=\"async\" loading=\"lazy\" class=\"aligncenter size-full wp-image-8989\" src=\"http:\/\/vereinigung-professioneller-kinderfotografen.de\/blog2\/wp-content\/uploads\/2017\/06\/01-8973-post\/el-76.jpg\" alt=\"Fotograf Niederbayern\" width=\"1146\" height=\"858\" srcset=\"https:\/\/vereinigung-professioneller-kinderfotografen.de\/blog2\/wp-content\/uploads\/2017\/06\/01-8973-post\/el-76.jpg 1146w, https:\/\/vereinigung-professioneller-kinderfotografen.de\/blog2\/wp-content\/uploads\/2017\/06\/01-8973-post\/el-76-300x225.jpg 300w, https:\/\/vereinigung-professioneller-kinderfotografen.de\/blog2\/wp-content\/uploads\/2017\/06\/01-8973-post\/el-76-768x575.jpg 768w, https:\/\/vereinigung-professioneller-kinderfotografen.de\/blog2\/wp-content\/uploads\/2017\/06\/01-8973-post\/el-76-1024x767.jpg 1024w\" sizes=\"(max-width: 1146px) 100vw, 1146px\" \/><img decoding=\"async\" loading=\"lazy\" class=\"aligncenter size-full wp-image-8988\" src=\"http:\/\/vereinigung-professioneller-kinderfotografen.de\/blog2\/wp-content\/uploads\/2017\/06\/01-8973-post\/el-73.jpg\" alt=\"Landshut\" width=\"1146\" height=\"765\" srcset=\"https:\/\/vereinigung-professioneller-kinderfotografen.de\/blog2\/wp-content\/uploads\/2017\/06\/01-8973-post\/el-73.jpg 1146w, https:\/\/vereinigung-professioneller-kinderfotografen.de\/blog2\/wp-content\/uploads\/2017\/06\/01-8973-post\/el-73-300x200.jpg 300w, https:\/\/vereinigung-professioneller-kinderfotografen.de\/blog2\/wp-content\/uploads\/2017\/06\/01-8973-post\/el-73-768x513.jpg 768w, https:\/\/vereinigung-professioneller-kinderfotografen.de\/blog2\/wp-content\/uploads\/2017\/06\/01-8973-post\/el-73-1024x684.jpg 1024w\" sizes=\"(max-width: 1146px) 100vw, 1146px\" \/><img decoding=\"async\" loading=\"lazy\" class=\"aligncenter size-full wp-image-8987\" src=\"http:\/\/vereinigung-professioneller-kinderfotografen.de\/blog2\/wp-content\/uploads\/2017\/06\/01-8973-post\/el-71.jpg\" alt=\"Koch Landshut\" width=\"1146\" height=\"765\" srcset=\"https:\/\/vereinigung-professioneller-kinderfotografen.de\/blog2\/wp-content\/uploads\/2017\/06\/01-8973-post\/el-71.jpg 1146w, https:\/\/vereinigung-professioneller-kinderfotografen.de\/blog2\/wp-content\/uploads\/2017\/06\/01-8973-post\/el-71-300x200.jpg 300w, https:\/\/vereinigung-professioneller-kinderfotografen.de\/blog2\/wp-content\/uploads\/2017\/06\/01-8973-post\/el-71-768x513.jpg 768w, https:\/\/vereinigung-professioneller-kinderfotografen.de\/blog2\/wp-content\/uploads\/2017\/06\/01-8973-post\/el-71-1024x684.jpg 1024w\" sizes=\"(max-width: 1146px) 100vw, 1146px\" \/><img decoding=\"async\" loading=\"lazy\" class=\"aligncenter size-full wp-image-8986\" src=\"http:\/\/vereinigung-professioneller-kinderfotografen.de\/blog2\/wp-content\/uploads\/2017\/06\/01-8973-post\/el-69.jpg\" alt=\"Kinderbilder Deggendorf\" width=\"1146\" height=\"765\" srcset=\"https:\/\/vereinigung-professioneller-kinderfotografen.de\/blog2\/wp-content\/uploads\/2017\/06\/01-8973-post\/el-69.jpg 1146w, https:\/\/vereinigung-professioneller-kinderfotografen.de\/blog2\/wp-content\/uploads\/2017\/06\/01-8973-post\/el-69-300x200.jpg 300w, https:\/\/vereinigung-professioneller-kinderfotografen.de\/blog2\/wp-content\/uploads\/2017\/06\/01-8973-post\/el-69-768x513.jpg 768w, https:\/\/vereinigung-professioneller-kinderfotografen.de\/blog2\/wp-content\/uploads\/2017\/06\/01-8973-post\/el-69-1024x684.jpg 1024w\" sizes=\"(max-width: 1146px) 100vw, 1146px\" \/><img decoding=\"async\" loading=\"lazy\" class=\"aligncenter size-full wp-image-8985\" src=\"http:\/\/vereinigung-professioneller-kinderfotografen.de\/blog2\/wp-content\/uploads\/2017\/06\/01-8973-post\/el-65.jpg\" alt=\"Fotograf Freising\" width=\"1146\" height=\"765\" srcset=\"https:\/\/vereinigung-professioneller-kinderfotografen.de\/blog2\/wp-content\/uploads\/2017\/06\/01-8973-post\/el-65.jpg 1146w, https:\/\/vereinigung-professioneller-kinderfotografen.de\/blog2\/wp-content\/uploads\/2017\/06\/01-8973-post\/el-65-300x200.jpg 300w, https:\/\/vereinigung-professioneller-kinderfotografen.de\/blog2\/wp-content\/uploads\/2017\/06\/01-8973-post\/el-65-768x513.jpg 768w, https:\/\/vereinigung-professioneller-kinderfotografen.de\/blog2\/wp-content\/uploads\/2017\/06\/01-8973-post\/el-65-1024x684.jpg 1024w\" sizes=\"(max-width: 1146px) 100vw, 1146px\" \/><img decoding=\"async\" loading=\"lazy\" class=\"aligncenter size-full wp-image-8984\" src=\"http:\/\/vereinigung-professioneller-kinderfotografen.de\/blog2\/wp-content\/uploads\/2017\/06\/01-8973-post\/el-49.jpg\" alt=\"Familienfotografie Bayern \" width=\"1146\" height=\"1717\" srcset=\"https:\/\/vereinigung-professioneller-kinderfotografen.de\/blog2\/wp-content\/uploads\/2017\/06\/01-8973-post\/el-49.jpg 1146w, https:\/\/vereinigung-professioneller-kinderfotografen.de\/blog2\/wp-content\/uploads\/2017\/06\/01-8973-post\/el-49-200x300.jpg 200w, https:\/\/vereinigung-professioneller-kinderfotografen.de\/blog2\/wp-content\/uploads\/2017\/06\/01-8973-post\/el-49-768x1151.jpg 768w, https:\/\/vereinigung-professioneller-kinderfotografen.de\/blog2\/wp-content\/uploads\/2017\/06\/01-8973-post\/el-49-683x1024.jpg 683w\" sizes=\"(max-width: 1146px) 100vw, 1146px\" \/><img decoding=\"async\" loading=\"lazy\" class=\"aligncenter size-full wp-image-8983\" src=\"http:\/\/vereinigung-professioneller-kinderfotografen.de\/blog2\/wp-content\/uploads\/2017\/06\/01-8973-post\/el-34.jpg\" alt=\"professionelle Bilder Landshut\" width=\"1146\" height=\"765\" srcset=\"https:\/\/vereinigung-professioneller-kinderfotografen.de\/blog2\/wp-content\/uploads\/2017\/06\/01-8973-post\/el-34.jpg 1146w, https:\/\/vereinigung-professioneller-kinderfotografen.de\/blog2\/wp-content\/uploads\/2017\/06\/01-8973-post\/el-34-300x200.jpg 300w, https:\/\/vereinigung-professioneller-kinderfotografen.de\/blog2\/wp-content\/uploads\/2017\/06\/01-8973-post\/el-34-768x513.jpg 768w, https:\/\/vereinigung-professioneller-kinderfotografen.de\/blog2\/wp-content\/uploads\/2017\/06\/01-8973-post\/el-34-1024x684.jpg 1024w\" sizes=\"(max-width: 1146px) 100vw, 1146px\" \/><img decoding=\"async\" loading=\"lazy\" class=\"aligncenter size-full wp-image-8982\" src=\"http:\/\/vereinigung-professioneller-kinderfotografen.de\/blog2\/wp-content\/uploads\/2017\/06\/01-8973-post\/el-33.jpg\" alt=\"Sevi Koch Landshut\" width=\"1146\" height=\"765\" srcset=\"https:\/\/vereinigung-professioneller-kinderfotografen.de\/blog2\/wp-content\/uploads\/2017\/06\/01-8973-post\/el-33.jpg 1146w, https:\/\/vereinigung-professioneller-kinderfotografen.de\/blog2\/wp-content\/uploads\/2017\/06\/01-8973-post\/el-33-300x200.jpg 300w, https:\/\/vereinigung-professioneller-kinderfotografen.de\/blog2\/wp-content\/uploads\/2017\/06\/01-8973-post\/el-33-768x513.jpg 768w, https:\/\/vereinigung-professioneller-kinderfotografen.de\/blog2\/wp-content\/uploads\/2017\/06\/01-8973-post\/el-33-1024x684.jpg 1024w\" sizes=\"(max-width: 1146px) 100vw, 1146px\" \/><img decoding=\"async\" loading=\"lazy\" class=\"aligncenter size-full wp-image-8981\" src=\"http:\/\/vereinigung-professioneller-kinderfotografen.de\/blog2\/wp-content\/uploads\/2017\/06\/01-8973-post\/el-29.jpg\" alt=\"Fotograf Erding\" width=\"1146\" height=\"529\" srcset=\"https:\/\/vereinigung-professioneller-kinderfotografen.de\/blog2\/wp-content\/uploads\/2017\/06\/01-8973-post\/el-29.jpg 1146w, https:\/\/vereinigung-professioneller-kinderfotografen.de\/blog2\/wp-content\/uploads\/2017\/06\/01-8973-post\/el-29-300x138.jpg 300w, https:\/\/vereinigung-professioneller-kinderfotografen.de\/blog2\/wp-content\/uploads\/2017\/06\/01-8973-post\/el-29-768x355.jpg 768w, https:\/\/vereinigung-professioneller-kinderfotografen.de\/blog2\/wp-content\/uploads\/2017\/06\/01-8973-post\/el-29-1024x473.jpg 1024w\" sizes=\"(max-width: 1146px) 100vw, 1146px\" \/><img decoding=\"async\" loading=\"lazy\" class=\"aligncenter size-full wp-image-8980\" src=\"http:\/\/vereinigung-professioneller-kinderfotografen.de\/blog2\/wp-content\/uploads\/2017\/06\/01-8973-post\/el-26.jpg\" alt=\"Nat\u00fcrliche Fotos Landshut\" width=\"1146\" height=\"1717\" srcset=\"https:\/\/vereinigung-professioneller-kinderfotografen.de\/blog2\/wp-content\/uploads\/2017\/06\/01-8973-post\/el-26.jpg 1146w, https:\/\/vereinigung-professioneller-kinderfotografen.de\/blog2\/wp-content\/uploads\/2017\/06\/01-8973-post\/el-26-200x300.jpg 200w, https:\/\/vereinigung-professioneller-kinderfotografen.de\/blog2\/wp-content\/uploads\/2017\/06\/01-8973-post\/el-26-768x1151.jpg 768w, https:\/\/vereinigung-professioneller-kinderfotografen.de\/blog2\/wp-content\/uploads\/2017\/06\/01-8973-post\/el-26-683x1024.jpg 683w\" sizes=\"(max-width: 1146px) 100vw, 1146px\" \/><img decoding=\"async\" loading=\"lazy\" class=\"aligncenter size-full wp-image-8979\" src=\"http:\/\/vereinigung-professioneller-kinderfotografen.de\/blog2\/wp-content\/uploads\/2017\/06\/01-8973-post\/el-22.jpg\" alt=\"Koch Sevi \" width=\"1146\" height=\"765\" srcset=\"https:\/\/vereinigung-professioneller-kinderfotografen.de\/blog2\/wp-content\/uploads\/2017\/06\/01-8973-post\/el-22.jpg 1146w, https:\/\/vereinigung-professioneller-kinderfotografen.de\/blog2\/wp-content\/uploads\/2017\/06\/01-8973-post\/el-22-300x200.jpg 300w, https:\/\/vereinigung-professioneller-kinderfotografen.de\/blog2\/wp-content\/uploads\/2017\/06\/01-8973-post\/el-22-768x513.jpg 768w, https:\/\/vereinigung-professioneller-kinderfotografen.de\/blog2\/wp-content\/uploads\/2017\/06\/01-8973-post\/el-22-1024x684.jpg 1024w\" sizes=\"(max-width: 1146px) 100vw, 1146px\" \/><img decoding=\"async\" loading=\"lazy\" class=\"aligncenter size-full wp-image-8978\" src=\"http:\/\/vereinigung-professioneller-kinderfotografen.de\/blog2\/wp-content\/uploads\/2017\/06\/01-8973-post\/el-19.jpg\" alt=\"Fotostudio Landshut\" width=\"1146\" height=\"765\" srcset=\"https:\/\/vereinigung-professioneller-kinderfotografen.de\/blog2\/wp-content\/uploads\/2017\/06\/01-8973-post\/el-19.jpg 1146w, https:\/\/vereinigung-professioneller-kinderfotografen.de\/blog2\/wp-content\/uploads\/2017\/06\/01-8973-post\/el-19-300x200.jpg 300w, https:\/\/vereinigung-professioneller-kinderfotografen.de\/blog2\/wp-content\/uploads\/2017\/06\/01-8973-post\/el-19-768x513.jpg 768w, https:\/\/vereinigung-professioneller-kinderfotografen.de\/blog2\/wp-content\/uploads\/2017\/06\/01-8973-post\/el-19-1024x684.jpg 1024w\" sizes=\"(max-width: 1146px) 100vw, 1146px\" \/><img decoding=\"async\" loading=\"lazy\" class=\"aligncenter size-full wp-image-8977\" src=\"http:\/\/vereinigung-professioneller-kinderfotografen.de\/blog2\/wp-content\/uploads\/2017\/06\/01-8973-post\/el-13.jpg\" alt=\"Kinderfotograf Dingolfing\" width=\"1146\" height=\"765\" srcset=\"https:\/\/vereinigung-professioneller-kinderfotografen.de\/blog2\/wp-content\/uploads\/2017\/06\/01-8973-post\/el-13.jpg 1146w, https:\/\/vereinigung-professioneller-kinderfotografen.de\/blog2\/wp-content\/uploads\/2017\/06\/01-8973-post\/el-13-300x200.jpg 300w, https:\/\/vereinigung-professioneller-kinderfotografen.de\/blog2\/wp-content\/uploads\/2017\/06\/01-8973-post\/el-13-768x513.jpg 768w, https:\/\/vereinigung-professioneller-kinderfotografen.de\/blog2\/wp-content\/uploads\/2017\/06\/01-8973-post\/el-13-1024x684.jpg 1024w\" sizes=\"(max-width: 1146px) 100vw, 1146px\" \/><img decoding=\"async\" loading=\"lazy\" class=\"aligncenter size-full wp-image-8976\" src=\"http:\/\/vereinigung-professioneller-kinderfotografen.de\/blog2\/wp-content\/uploads\/2017\/06\/01-8973-post\/el-12.jpg\" alt=\"Babyfotografie Landshut\" width=\"1146\" height=\"765\" srcset=\"https:\/\/vereinigung-professioneller-kinderfotografen.de\/blog2\/wp-content\/uploads\/2017\/06\/01-8973-post\/el-12.jpg 1146w, https:\/\/vereinigung-professioneller-kinderfotografen.de\/blog2\/wp-content\/uploads\/2017\/06\/01-8973-post\/el-12-300x200.jpg 300w, https:\/\/vereinigung-professioneller-kinderfotografen.de\/blog2\/wp-content\/uploads\/2017\/06\/01-8973-post\/el-12-768x513.jpg 768w, https:\/\/vereinigung-professioneller-kinderfotografen.de\/blog2\/wp-content\/uploads\/2017\/06\/01-8973-post\/el-12-1024x684.jpg 1024w\" sizes=\"(max-width: 1146px) 100vw, 1146px\" \/><img decoding=\"async\" loading=\"lazy\" class=\"aligncenter size-full wp-image-8975\" src=\"http:\/\/vereinigung-professioneller-kinderfotografen.de\/blog2\/wp-content\/uploads\/2017\/06\/01-8973-post\/el-4.jpg\" alt=\"Fotograf Bayern\" width=\"1146\" height=\"858\" srcset=\"https:\/\/vereinigung-professioneller-kinderfotografen.de\/blog2\/wp-content\/uploads\/2017\/06\/01-8973-post\/el-4.jpg 1146w, https:\/\/vereinigung-professioneller-kinderfotografen.de\/blog2\/wp-content\/uploads\/2017\/06\/01-8973-post\/el-4-300x225.jpg 300w, https:\/\/vereinigung-professioneller-kinderfotografen.de\/blog2\/wp-content\/uploads\/2017\/06\/01-8973-post\/el-4-768x575.jpg 768w, https:\/\/vereinigung-professioneller-kinderfotografen.de\/blog2\/wp-content\/uploads\/2017\/06\/01-8973-post\/el-4-1024x767.jpg 1024w\" sizes=\"(max-width: 1146px) 100vw, 1146px\" \/><\/p>\n","protected":false},"excerpt":{"rendered":"<p>Unsere Fotografin\u00a0Sevi Koch\u00a0liebt es, kleine Geschichten mit ihren Bildern zu erz\u00e4hlen. Dabei legt sie Wert auf nat\u00fcrliche, schlichte Aufnahmen. Heute zeigt sie euch einen kleinen Einblick in das Shooting mit der s\u00fc\u00dfen Elena. Mehr von Sevi findet ihr auf ihrer\u00a0Facebookseite\u00a0oder ihrer\u00a0Homepage &nbsp;<\/p>\n","protected":false},"author":2,"featured_media":8982,"comment_status":"closed","ping_status":"closed","sticky":false,"template":"","format":"standard","meta":{"pp_embeds":""},"categories":[672],"tags":[1007,470,62,1006,1005,1008,546,766],"acf":[],"_links":{"self":[{"href":"https:\/\/vereinigung-professioneller-kinderfotografen.de\/blog2\/wp-json\/wp\/v2\/posts\/8973"}],"collection":[{"href":"https:\/\/vereinigung-professioneller-kinderfotografen.de\/blog2\/wp-json\/wp\/v2\/posts"}],"about":[{"href":"https:\/\/vereinigung-professioneller-kinderfotografen.de\/blog2\/wp-json\/wp\/v2\/types\/post"}],"author":[{"embeddable":true,"href":"https:\/\/vereinigung-professioneller-kinderfotografen.de\/blog2\/wp-json\/wp\/v2\/users\/2"}],"replies":[{"embeddable":true,"href":"https:\/\/vereinigung-professioneller-kinderfotografen.de\/blog2\/wp-json\/wp\/v2\/comments?post=8973"}],"version-history":[{"count":1,"href":"https:\/\/vereinigung-professioneller-kinderfotografen.de\/blog2\/wp-json\/wp\/v2\/posts\/8973\/revisions"}],"predecessor-version":[{"id":8990,"href":"https:\/\/vereinigung-professioneller-kinderfotografen.de\/blog2\/wp-json\/wp\/v2\/posts\/8973\/revisions\/8990"}],"wp:featuredmedia":[{"embeddable":true,"href":"https:\/\/vereinigung-professioneller-kinderfotografen.de\/blog2\/wp-json\/wp\/v2\/media\/8982"}],"wp:attachment":[{"href":"https:\/\/vereinigung-professioneller-kinderfotografen.de\/blog2\/wp-json\/wp\/v2\/media?parent=8973"}],"wp:term":[{"taxonomy":"category","embeddable":true,"href":"https:\/\/vereinigung-professioneller-kinderfotografen.de\/blog2\/wp-json\/wp\/v2\/categories?post=8973"},{"taxonomy":"post_tag","embeddable":true,"href":"https:\/\/vereinigung-professioneller-kinderfotografen.de\/blog2\/wp-json\/wp\/v2\/tags?post=8973"}],"curies":[{"name":"wp","href":"https:\/\/api.w.org\/{rel}","templated":true}]}}