{"id":8893,"date":"2017-04-24T20:10:22","date_gmt":"2017-04-24T18:10:22","guid":{"rendered":"http:\/\/vereinigung-professioneller-kinderfotografen.de\/blog2\/?p=8893"},"modified":"2017-09-24T23:09:53","modified_gmt":"2017-09-24T21:09:53","slug":"8893-2","status":"publish","type":"post","link":"https:\/\/vereinigung-professioneller-kinderfotografen.de\/blog2\/8893-2\/","title":{"rendered":"Liebevolle Neugeborenenfotografie aus der Schweiz"},"content":{"rendered":"<p>Unsere\u00a0Fotografin Cornelia M\u00f6bes aus der Zentralschweiz hatte vor kurzem doppelten Besuch zum Neugeborenenshooting. Sie durfte gleich zwei kleine Prinzessinnen\u00a0bei sich im Studio in Baar\/Zug begr\u00fcssen.\u00a0Die\u00a0Zwillinge haben ganz wundervoll mitgemacht und von Anfang bis Ende alles verschlafen. Somit konnte Cornelia M\u00f6bes ganz viele sch\u00f6ne Erinnerungen f\u00fcr die Eltern zaubern. Diese haben sich ganz nat\u00fcrliche zeitlose Bilder gew\u00fcnscht auf denen ihre zwei M\u00e4dchen im Mittelpunkt stehen. Nat\u00fcrlich d\u00fcrfen auch Einzelportraits der Zwillinge beim Neugeborenenshooting nicht fehlen!<\/p>\n<p>Mehr Bilder von Babyfotografin Cornelia M\u00f6bes aus der Schweiz findet Ihr auf ihrer <a href=\"http:\/\/www.corneliamoebes.ch\">Homepage<\/a>\u00a0sowie\u00a0ihrer <a href=\"https:\/\/www.facebook.com\/corneliamoebesphotography\/\">Facebook-Seite<\/a>!<\/p>\n<p>&nbsp;<\/p>\n<p>&nbsp;<\/p>\n<p><img decoding=\"async\" loading=\"lazy\" class=\"aligncenter size-full wp-image-8913\" src=\"http:\/\/vereinigung-professioneller-kinderfotografen.de\/blog2\/wp-content\/uploads\/2017\/04\/24-8893-post\/Neugeborenenfotografie-Neugeborene-Zwillinge-newbornshooting-Babyfotografie-Babyfotograf-Schweiz-Cornelia-Moebes-Photography-R21.jpg\" alt=\"Neugeborenenfotografie Schweiz Babyfotografie Schweiz newbornshooting Switzerland Babyfotos Zentralschweiz Babyfotografin Cornelia Moebes Photography Zug Z\u00fcrich Luzern Aargau Schwyz\" width=\"1000\" height=\"667\" srcset=\"https:\/\/vereinigung-professioneller-kinderfotografen.de\/blog2\/wp-content\/uploads\/2017\/04\/24-8893-post\/Neugeborenenfotografie-Neugeborene-Zwillinge-newbornshooting-Babyfotografie-Babyfotograf-Schweiz-Cornelia-Moebes-Photography-R21.jpg 1000w, https:\/\/vereinigung-professioneller-kinderfotografen.de\/blog2\/wp-content\/uploads\/2017\/04\/24-8893-post\/Neugeborenenfotografie-Neugeborene-Zwillinge-newbornshooting-Babyfotografie-Babyfotograf-Schweiz-Cornelia-Moebes-Photography-R21-300x200.jpg 300w, https:\/\/vereinigung-professioneller-kinderfotografen.de\/blog2\/wp-content\/uploads\/2017\/04\/24-8893-post\/Neugeborenenfotografie-Neugeborene-Zwillinge-newbornshooting-Babyfotografie-Babyfotograf-Schweiz-Cornelia-Moebes-Photography-R21-768x512.jpg 768w\" sizes=\"(max-width: 1000px) 100vw, 1000px\" \/><img decoding=\"async\" loading=\"lazy\" class=\"aligncenter size-full wp-image-8911\" src=\"http:\/\/vereinigung-professioneller-kinderfotografen.de\/blog2\/wp-content\/uploads\/2017\/04\/24-8893-post\/Neugeborenenfotografie-Neugeborene-Zwillinge-newbornshooting-Babyfotografie-Babyfotograf-Schweiz-Cornelia-Moebes-Photography-R19.jpg\" alt=\"Neugeborenenfotografie Schweiz Babyfotografie Schweiz newbornshooting Switzerland Babyfotos Zentralschweiz Babyfotografin Cornelia Moebes Photography Zug Z\u00fcrich Luzern Aargau Schwyz\" width=\"1000\" height=\"667\" srcset=\"https:\/\/vereinigung-professioneller-kinderfotografen.de\/blog2\/wp-content\/uploads\/2017\/04\/24-8893-post\/Neugeborenenfotografie-Neugeborene-Zwillinge-newbornshooting-Babyfotografie-Babyfotograf-Schweiz-Cornelia-Moebes-Photography-R19.jpg 1000w, https:\/\/vereinigung-professioneller-kinderfotografen.de\/blog2\/wp-content\/uploads\/2017\/04\/24-8893-post\/Neugeborenenfotografie-Neugeborene-Zwillinge-newbornshooting-Babyfotografie-Babyfotograf-Schweiz-Cornelia-Moebes-Photography-R19-300x200.jpg 300w, https:\/\/vereinigung-professioneller-kinderfotografen.de\/blog2\/wp-content\/uploads\/2017\/04\/24-8893-post\/Neugeborenenfotografie-Neugeborene-Zwillinge-newbornshooting-Babyfotografie-Babyfotograf-Schweiz-Cornelia-Moebes-Photography-R19-768x512.jpg 768w\" sizes=\"(max-width: 1000px) 100vw, 1000px\" \/><img decoding=\"async\" loading=\"lazy\" class=\"aligncenter size-full wp-image-8910\" src=\"http:\/\/vereinigung-professioneller-kinderfotografen.de\/blog2\/wp-content\/uploads\/2017\/04\/24-8893-post\/Neugeborenenfotografie-Neugeborene-Zwillinge-newbornshooting-Babyfotografie-Babyfotograf-Schweiz-Cornelia-Moebes-Photography-R18.jpg\" alt=\"Neugeborenenfotografie Schweiz Babyfotografie Schweiz newbornshooting Switzerland Babyfotos Zentralschweiz Babyfotografin Cornelia Moebes Photography Zug Z\u00fcrich Luzern Aargau Schwyz\" width=\"1000\" height=\"667\" srcset=\"https:\/\/vereinigung-professioneller-kinderfotografen.de\/blog2\/wp-content\/uploads\/2017\/04\/24-8893-post\/Neugeborenenfotografie-Neugeborene-Zwillinge-newbornshooting-Babyfotografie-Babyfotograf-Schweiz-Cornelia-Moebes-Photography-R18.jpg 1000w, https:\/\/vereinigung-professioneller-kinderfotografen.de\/blog2\/wp-content\/uploads\/2017\/04\/24-8893-post\/Neugeborenenfotografie-Neugeborene-Zwillinge-newbornshooting-Babyfotografie-Babyfotograf-Schweiz-Cornelia-Moebes-Photography-R18-300x200.jpg 300w, https:\/\/vereinigung-professioneller-kinderfotografen.de\/blog2\/wp-content\/uploads\/2017\/04\/24-8893-post\/Neugeborenenfotografie-Neugeborene-Zwillinge-newbornshooting-Babyfotografie-Babyfotograf-Schweiz-Cornelia-Moebes-Photography-R18-768x512.jpg 768w\" sizes=\"(max-width: 1000px) 100vw, 1000px\" \/><img decoding=\"async\" loading=\"lazy\" class=\"aligncenter size-full wp-image-8908\" src=\"http:\/\/vereinigung-professioneller-kinderfotografen.de\/blog2\/wp-content\/uploads\/2017\/04\/24-8893-post\/Neugeborenenfotografie-Neugeborene-Zwillinge-newbornshooting-Babyfotografie-Babyfotograf-Schweiz-Cornelia-Moebes-Photography-R15.jpg\" alt=\"Neugeborenenfotografie Schweiz Babyfotografie Schweiz newbornshooting Switzerland Babyfotos Zentralschweiz Babyfotografin Cornelia Moebes Photography Zug Z\u00fcrich Luzern Aargau Schwyz\" width=\"1000\" height=\"667\" srcset=\"https:\/\/vereinigung-professioneller-kinderfotografen.de\/blog2\/wp-content\/uploads\/2017\/04\/24-8893-post\/Neugeborenenfotografie-Neugeborene-Zwillinge-newbornshooting-Babyfotografie-Babyfotograf-Schweiz-Cornelia-Moebes-Photography-R15.jpg 1000w, https:\/\/vereinigung-professioneller-kinderfotografen.de\/blog2\/wp-content\/uploads\/2017\/04\/24-8893-post\/Neugeborenenfotografie-Neugeborene-Zwillinge-newbornshooting-Babyfotografie-Babyfotograf-Schweiz-Cornelia-Moebes-Photography-R15-300x200.jpg 300w, https:\/\/vereinigung-professioneller-kinderfotografen.de\/blog2\/wp-content\/uploads\/2017\/04\/24-8893-post\/Neugeborenenfotografie-Neugeborene-Zwillinge-newbornshooting-Babyfotografie-Babyfotograf-Schweiz-Cornelia-Moebes-Photography-R15-768x512.jpg 768w\" sizes=\"(max-width: 1000px) 100vw, 1000px\" \/><img decoding=\"async\" loading=\"lazy\" class=\"aligncenter size-full wp-image-8912\" src=\"http:\/\/vereinigung-professioneller-kinderfotografen.de\/blog2\/wp-content\/uploads\/2017\/04\/24-8893-post\/Neugeborenenfotografie-Neugeborene-Zwillinge-newbornshooting-Babyfotografie-Babyfotograf-Schweiz-Cornelia-Moebes-Photography-R20.jpg\" alt=\"Neugeborenenfotografie Schweiz Babyfotografie Schweiz newbornshooting Switzerland Babyfotos Zentralschweiz Babyfotografin Cornelia Moebes Photography Zug Z\u00fcrich Luzern Aargau Schwyz\" width=\"1000\" height=\"667\" srcset=\"https:\/\/vereinigung-professioneller-kinderfotografen.de\/blog2\/wp-content\/uploads\/2017\/04\/24-8893-post\/Neugeborenenfotografie-Neugeborene-Zwillinge-newbornshooting-Babyfotografie-Babyfotograf-Schweiz-Cornelia-Moebes-Photography-R20.jpg 1000w, https:\/\/vereinigung-professioneller-kinderfotografen.de\/blog2\/wp-content\/uploads\/2017\/04\/24-8893-post\/Neugeborenenfotografie-Neugeborene-Zwillinge-newbornshooting-Babyfotografie-Babyfotograf-Schweiz-Cornelia-Moebes-Photography-R20-300x200.jpg 300w, https:\/\/vereinigung-professioneller-kinderfotografen.de\/blog2\/wp-content\/uploads\/2017\/04\/24-8893-post\/Neugeborenenfotografie-Neugeborene-Zwillinge-newbornshooting-Babyfotografie-Babyfotograf-Schweiz-Cornelia-Moebes-Photography-R20-768x512.jpg 768w\" sizes=\"(max-width: 1000px) 100vw, 1000px\" \/><img decoding=\"async\" loading=\"lazy\" class=\"aligncenter size-full wp-image-8914\" src=\"http:\/\/vereinigung-professioneller-kinderfotografen.de\/blog2\/wp-content\/uploads\/2017\/04\/24-8893-post\/Neugeborenenfotografie-Neugeborene-Zwillinge-newbornshooting-Babyfotografie-Babyfotograf-Schweiz-Cornelia-Moebes-Photography-R22.jpg\" alt=\"Neugeborenenfotografie Schweiz Babyfotografie Schweiz newbornshooting Switzerland Babyfotos Zentralschweiz Babyfotografin Cornelia Moebes Photography Zug Z\u00fcrich Luzern Aargau Schwyz\" width=\"1000\" height=\"667\" srcset=\"https:\/\/vereinigung-professioneller-kinderfotografen.de\/blog2\/wp-content\/uploads\/2017\/04\/24-8893-post\/Neugeborenenfotografie-Neugeborene-Zwillinge-newbornshooting-Babyfotografie-Babyfotograf-Schweiz-Cornelia-Moebes-Photography-R22.jpg 1000w, https:\/\/vereinigung-professioneller-kinderfotografen.de\/blog2\/wp-content\/uploads\/2017\/04\/24-8893-post\/Neugeborenenfotografie-Neugeborene-Zwillinge-newbornshooting-Babyfotografie-Babyfotograf-Schweiz-Cornelia-Moebes-Photography-R22-300x200.jpg 300w, https:\/\/vereinigung-professioneller-kinderfotografen.de\/blog2\/wp-content\/uploads\/2017\/04\/24-8893-post\/Neugeborenenfotografie-Neugeborene-Zwillinge-newbornshooting-Babyfotografie-Babyfotograf-Schweiz-Cornelia-Moebes-Photography-R22-768x512.jpg 768w\" sizes=\"(max-width: 1000px) 100vw, 1000px\" \/><img decoding=\"async\" loading=\"lazy\" class=\"aligncenter size-full wp-image-8900\" src=\"http:\/\/vereinigung-professioneller-kinderfotografen.de\/blog2\/wp-content\/uploads\/2017\/04\/24-8893-post\/Neugeborenenfotografie-Neugeborene-Zwillinge-newbornshooting-Babyfotografie-Babyfotograf-Schweiz-Cornelia-Moebes-Photography-R7.jpg\" alt=\"Neugeborenenfotografie Schweiz Babyfotografie Schweiz newbornshooting Switzerland Babyfotos Zentralschweiz Babyfotografin Cornelia Moebes Photography Zug Z\u00fcrich Luzern Aargau Schwyz\" width=\"1000\" height=\"667\" srcset=\"https:\/\/vereinigung-professioneller-kinderfotografen.de\/blog2\/wp-content\/uploads\/2017\/04\/24-8893-post\/Neugeborenenfotografie-Neugeborene-Zwillinge-newbornshooting-Babyfotografie-Babyfotograf-Schweiz-Cornelia-Moebes-Photography-R7.jpg 1000w, https:\/\/vereinigung-professioneller-kinderfotografen.de\/blog2\/wp-content\/uploads\/2017\/04\/24-8893-post\/Neugeborenenfotografie-Neugeborene-Zwillinge-newbornshooting-Babyfotografie-Babyfotograf-Schweiz-Cornelia-Moebes-Photography-R7-300x200.jpg 300w, https:\/\/vereinigung-professioneller-kinderfotografen.de\/blog2\/wp-content\/uploads\/2017\/04\/24-8893-post\/Neugeborenenfotografie-Neugeborene-Zwillinge-newbornshooting-Babyfotografie-Babyfotograf-Schweiz-Cornelia-Moebes-Photography-R7-768x512.jpg 768w\" sizes=\"(max-width: 1000px) 100vw, 1000px\" \/><img decoding=\"async\" loading=\"lazy\" class=\"aligncenter size-full wp-image-8902\" src=\"http:\/\/vereinigung-professioneller-kinderfotografen.de\/blog2\/wp-content\/uploads\/2017\/04\/24-8893-post\/Neugeborenenfotografie-Neugeborene-Zwillinge-newbornshooting-Babyfotografie-Babyfotograf-Schweiz-Cornelia-Moebes-Photography-R9.jpg\" alt=\"Neugeborenenfotografie Schweiz Babyfotografie Schweiz newbornshooting Switzerland Babyfotos Zentralschweiz Babyfotografin Cornelia Moebes Photography Zug Z\u00fcrich Luzern Aargau Schwyz\" width=\"1000\" height=\"667\" srcset=\"https:\/\/vereinigung-professioneller-kinderfotografen.de\/blog2\/wp-content\/uploads\/2017\/04\/24-8893-post\/Neugeborenenfotografie-Neugeborene-Zwillinge-newbornshooting-Babyfotografie-Babyfotograf-Schweiz-Cornelia-Moebes-Photography-R9.jpg 1000w, https:\/\/vereinigung-professioneller-kinderfotografen.de\/blog2\/wp-content\/uploads\/2017\/04\/24-8893-post\/Neugeborenenfotografie-Neugeborene-Zwillinge-newbornshooting-Babyfotografie-Babyfotograf-Schweiz-Cornelia-Moebes-Photography-R9-300x200.jpg 300w, https:\/\/vereinigung-professioneller-kinderfotografen.de\/blog2\/wp-content\/uploads\/2017\/04\/24-8893-post\/Neugeborenenfotografie-Neugeborene-Zwillinge-newbornshooting-Babyfotografie-Babyfotograf-Schweiz-Cornelia-Moebes-Photography-R9-768x512.jpg 768w\" sizes=\"(max-width: 1000px) 100vw, 1000px\" \/><img decoding=\"async\" loading=\"lazy\" class=\"aligncenter size-full wp-image-8901\" src=\"http:\/\/vereinigung-professioneller-kinderfotografen.de\/blog2\/wp-content\/uploads\/2017\/04\/24-8893-post\/Neugeborenenfotografie-Neugeborene-Zwillinge-newbornshooting-Babyfotografie-Babyfotograf-Schweiz-Cornelia-Moebes-Photography-R8.jpg\" alt=\"Neugeborenenfotografie Schweiz Babyfotografie Schweiz newbornshooting Switzerland Babyfotos Zentralschweiz Babyfotografin Cornelia Moebes Photography Zug Z\u00fcrich Luzern Aargau Schwyz\" width=\"1000\" height=\"667\" srcset=\"https:\/\/vereinigung-professioneller-kinderfotografen.de\/blog2\/wp-content\/uploads\/2017\/04\/24-8893-post\/Neugeborenenfotografie-Neugeborene-Zwillinge-newbornshooting-Babyfotografie-Babyfotograf-Schweiz-Cornelia-Moebes-Photography-R8.jpg 1000w, https:\/\/vereinigung-professioneller-kinderfotografen.de\/blog2\/wp-content\/uploads\/2017\/04\/24-8893-post\/Neugeborenenfotografie-Neugeborene-Zwillinge-newbornshooting-Babyfotografie-Babyfotograf-Schweiz-Cornelia-Moebes-Photography-R8-300x200.jpg 300w, https:\/\/vereinigung-professioneller-kinderfotografen.de\/blog2\/wp-content\/uploads\/2017\/04\/24-8893-post\/Neugeborenenfotografie-Neugeborene-Zwillinge-newbornshooting-Babyfotografie-Babyfotograf-Schweiz-Cornelia-Moebes-Photography-R8-768x512.jpg 768w\" sizes=\"(max-width: 1000px) 100vw, 1000px\" \/><img decoding=\"async\" loading=\"lazy\" class=\"aligncenter size-full wp-image-8903\" src=\"http:\/\/vereinigung-professioneller-kinderfotografen.de\/blog2\/wp-content\/uploads\/2017\/04\/24-8893-post\/Neugeborenenfotografie-Neugeborene-Zwillinge-newbornshooting-Babyfotografie-Babyfotograf-Schweiz-Cornelia-Moebes-Photography-R10.jpg\" alt=\"Neugeborenenfotografie Schweiz Babyfotografie Schweiz newbornshooting Switzerland Babyfotos Zentralschweiz Babyfotografin Cornelia Moebes Photography Zug Z\u00fcrich Luzern Aargau Schwyz\" width=\"1000\" height=\"667\" srcset=\"https:\/\/vereinigung-professioneller-kinderfotografen.de\/blog2\/wp-content\/uploads\/2017\/04\/24-8893-post\/Neugeborenenfotografie-Neugeborene-Zwillinge-newbornshooting-Babyfotografie-Babyfotograf-Schweiz-Cornelia-Moebes-Photography-R10.jpg 1000w, https:\/\/vereinigung-professioneller-kinderfotografen.de\/blog2\/wp-content\/uploads\/2017\/04\/24-8893-post\/Neugeborenenfotografie-Neugeborene-Zwillinge-newbornshooting-Babyfotografie-Babyfotograf-Schweiz-Cornelia-Moebes-Photography-R10-300x200.jpg 300w, https:\/\/vereinigung-professioneller-kinderfotografen.de\/blog2\/wp-content\/uploads\/2017\/04\/24-8893-post\/Neugeborenenfotografie-Neugeborene-Zwillinge-newbornshooting-Babyfotografie-Babyfotograf-Schweiz-Cornelia-Moebes-Photography-R10-768x512.jpg 768w\" sizes=\"(max-width: 1000px) 100vw, 1000px\" \/><img decoding=\"async\" loading=\"lazy\" class=\"aligncenter size-full wp-image-8899\" src=\"http:\/\/vereinigung-professioneller-kinderfotografen.de\/blog2\/wp-content\/uploads\/2017\/04\/24-8893-post\/Neugeborenenfotografie-Neugeborene-Zwillinge-newbornshooting-Babyfotografie-Babyfotograf-Schweiz-Cornelia-Moebes-Photography-R6.jpg\" alt=\"Neugeborenenfotografie Schweiz Babyfotografie Schweiz newbornshooting Switzerland Babyfotos Zentralschweiz Babyfotografin Cornelia Moebes Photography Zug Z\u00fcrich Luzern Aargau Schwyz\" width=\"1000\" height=\"667\" srcset=\"https:\/\/vereinigung-professioneller-kinderfotografen.de\/blog2\/wp-content\/uploads\/2017\/04\/24-8893-post\/Neugeborenenfotografie-Neugeborene-Zwillinge-newbornshooting-Babyfotografie-Babyfotograf-Schweiz-Cornelia-Moebes-Photography-R6.jpg 1000w, https:\/\/vereinigung-professioneller-kinderfotografen.de\/blog2\/wp-content\/uploads\/2017\/04\/24-8893-post\/Neugeborenenfotografie-Neugeborene-Zwillinge-newbornshooting-Babyfotografie-Babyfotograf-Schweiz-Cornelia-Moebes-Photography-R6-300x200.jpg 300w, https:\/\/vereinigung-professioneller-kinderfotografen.de\/blog2\/wp-content\/uploads\/2017\/04\/24-8893-post\/Neugeborenenfotografie-Neugeborene-Zwillinge-newbornshooting-Babyfotografie-Babyfotograf-Schweiz-Cornelia-Moebes-Photography-R6-768x512.jpg 768w\" sizes=\"(max-width: 1000px) 100vw, 1000px\" \/><img decoding=\"async\" loading=\"lazy\" class=\"aligncenter size-full wp-image-8915\" src=\"http:\/\/vereinigung-professioneller-kinderfotografen.de\/blog2\/wp-content\/uploads\/2017\/04\/24-8893-post\/Neugeborenenfotografie-Neugeborene-Zwillinge-newbornshooting-Babyfotografie-Babyfotograf-Schweiz-Cornelia-Moebes-Photography-R23.jpg\" alt=\"Neugeborenenfotografie Schweiz Babyfotografie Schweiz newbornshooting Switzerland Babyfotos Zentralschweiz Babyfotografin Cornelia Moebes Photography Zug Z\u00fcrich Luzern Aargau Schwyz\" width=\"1000\" height=\"667\" srcset=\"https:\/\/vereinigung-professioneller-kinderfotografen.de\/blog2\/wp-content\/uploads\/2017\/04\/24-8893-post\/Neugeborenenfotografie-Neugeborene-Zwillinge-newbornshooting-Babyfotografie-Babyfotograf-Schweiz-Cornelia-Moebes-Photography-R23.jpg 1000w, https:\/\/vereinigung-professioneller-kinderfotografen.de\/blog2\/wp-content\/uploads\/2017\/04\/24-8893-post\/Neugeborenenfotografie-Neugeborene-Zwillinge-newbornshooting-Babyfotografie-Babyfotograf-Schweiz-Cornelia-Moebes-Photography-R23-300x200.jpg 300w, https:\/\/vereinigung-professioneller-kinderfotografen.de\/blog2\/wp-content\/uploads\/2017\/04\/24-8893-post\/Neugeborenenfotografie-Neugeborene-Zwillinge-newbornshooting-Babyfotografie-Babyfotograf-Schweiz-Cornelia-Moebes-Photography-R23-768x512.jpg 768w\" sizes=\"(max-width: 1000px) 100vw, 1000px\" \/><img decoding=\"async\" loading=\"lazy\" class=\"aligncenter size-full wp-image-8905\" src=\"http:\/\/vereinigung-professioneller-kinderfotografen.de\/blog2\/wp-content\/uploads\/2017\/04\/24-8893-post\/Neugeborenenfotografie-Neugeborene-Zwillinge-newbornshooting-Babyfotografie-Babyfotograf-Schweiz-Cornelia-Moebes-Photography-R12.jpg\" alt=\"Neugeborenenfotografie Schweiz Babyfotografie Schweiz newbornshooting Switzerland Babyfotos Zentralschweiz Babyfotografin Cornelia Moebes Photography Zug Z\u00fcrich Luzern Aargau Schwyz\" width=\"1000\" height=\"667\" srcset=\"https:\/\/vereinigung-professioneller-kinderfotografen.de\/blog2\/wp-content\/uploads\/2017\/04\/24-8893-post\/Neugeborenenfotografie-Neugeborene-Zwillinge-newbornshooting-Babyfotografie-Babyfotograf-Schweiz-Cornelia-Moebes-Photography-R12.jpg 1000w, https:\/\/vereinigung-professioneller-kinderfotografen.de\/blog2\/wp-content\/uploads\/2017\/04\/24-8893-post\/Neugeborenenfotografie-Neugeborene-Zwillinge-newbornshooting-Babyfotografie-Babyfotograf-Schweiz-Cornelia-Moebes-Photography-R12-300x200.jpg 300w, https:\/\/vereinigung-professioneller-kinderfotografen.de\/blog2\/wp-content\/uploads\/2017\/04\/24-8893-post\/Neugeborenenfotografie-Neugeborene-Zwillinge-newbornshooting-Babyfotografie-Babyfotograf-Schweiz-Cornelia-Moebes-Photography-R12-768x512.jpg 768w\" sizes=\"(max-width: 1000px) 100vw, 1000px\" \/><img decoding=\"async\" loading=\"lazy\" class=\"aligncenter size-full wp-image-8907\" src=\"http:\/\/vereinigung-professioneller-kinderfotografen.de\/blog2\/wp-content\/uploads\/2017\/04\/24-8893-post\/Neugeborenenfotografie-Neugeborene-Zwillinge-newbornshooting-Babyfotografie-Babyfotograf-Schweiz-Cornelia-Moebes-Photography-R14.jpg\" alt=\"Neugeborenenfotografie Schweiz Babyfotografie Schweiz newbornshooting Switzerland Babyfotos Zentralschweiz Babyfotografin Cornelia Moebes Photography Zug Z\u00fcrich Luzern Aargau Schwyz\" width=\"1000\" height=\"667\" srcset=\"https:\/\/vereinigung-professioneller-kinderfotografen.de\/blog2\/wp-content\/uploads\/2017\/04\/24-8893-post\/Neugeborenenfotografie-Neugeborene-Zwillinge-newbornshooting-Babyfotografie-Babyfotograf-Schweiz-Cornelia-Moebes-Photography-R14.jpg 1000w, https:\/\/vereinigung-professioneller-kinderfotografen.de\/blog2\/wp-content\/uploads\/2017\/04\/24-8893-post\/Neugeborenenfotografie-Neugeborene-Zwillinge-newbornshooting-Babyfotografie-Babyfotograf-Schweiz-Cornelia-Moebes-Photography-R14-300x200.jpg 300w, https:\/\/vereinigung-professioneller-kinderfotografen.de\/blog2\/wp-content\/uploads\/2017\/04\/24-8893-post\/Neugeborenenfotografie-Neugeborene-Zwillinge-newbornshooting-Babyfotografie-Babyfotograf-Schweiz-Cornelia-Moebes-Photography-R14-768x512.jpg 768w\" sizes=\"(max-width: 1000px) 100vw, 1000px\" \/><img decoding=\"async\" loading=\"lazy\" class=\"aligncenter size-full wp-image-8906\" src=\"http:\/\/vereinigung-professioneller-kinderfotografen.de\/blog2\/wp-content\/uploads\/2017\/04\/24-8893-post\/Neugeborenenfotografie-Neugeborene-Zwillinge-newbornshooting-Babyfotografie-Babyfotograf-Schweiz-Cornelia-Moebes-Photography-R13.jpg\" alt=\"Neugeborenenfotografie Schweiz Babyfotografie Schweiz newbornshooting Switzerland Babyfotos Zentralschweiz Babyfotografin Cornelia Moebes Photography Zug Z\u00fcrich Luzern Aargau Schwyz\" width=\"1000\" height=\"667\" srcset=\"https:\/\/vereinigung-professioneller-kinderfotografen.de\/blog2\/wp-content\/uploads\/2017\/04\/24-8893-post\/Neugeborenenfotografie-Neugeborene-Zwillinge-newbornshooting-Babyfotografie-Babyfotograf-Schweiz-Cornelia-Moebes-Photography-R13.jpg 1000w, https:\/\/vereinigung-professioneller-kinderfotografen.de\/blog2\/wp-content\/uploads\/2017\/04\/24-8893-post\/Neugeborenenfotografie-Neugeborene-Zwillinge-newbornshooting-Babyfotografie-Babyfotograf-Schweiz-Cornelia-Moebes-Photography-R13-300x200.jpg 300w, https:\/\/vereinigung-professioneller-kinderfotografen.de\/blog2\/wp-content\/uploads\/2017\/04\/24-8893-post\/Neugeborenenfotografie-Neugeborene-Zwillinge-newbornshooting-Babyfotografie-Babyfotograf-Schweiz-Cornelia-Moebes-Photography-R13-768x512.jpg 768w\" sizes=\"(max-width: 1000px) 100vw, 1000px\" \/><img decoding=\"async\" loading=\"lazy\" class=\"aligncenter size-full wp-image-8904\" src=\"http:\/\/vereinigung-professioneller-kinderfotografen.de\/blog2\/wp-content\/uploads\/2017\/04\/24-8893-post\/Neugeborenenfotografie-Neugeborene-Zwillinge-newbornshooting-Babyfotografie-Babyfotograf-Schweiz-Cornelia-Moebes-Photography-R11.jpg\" alt=\"Neugeborenenfotografie Schweiz Babyfotografie Schweiz newbornshooting Switzerland Babyfotos Zentralschweiz Babyfotografin Cornelia Moebes Photography Zug Z\u00fcrich Luzern Aargau Schwyz\" width=\"1000\" height=\"667\" srcset=\"https:\/\/vereinigung-professioneller-kinderfotografen.de\/blog2\/wp-content\/uploads\/2017\/04\/24-8893-post\/Neugeborenenfotografie-Neugeborene-Zwillinge-newbornshooting-Babyfotografie-Babyfotograf-Schweiz-Cornelia-Moebes-Photography-R11.jpg 1000w, https:\/\/vereinigung-professioneller-kinderfotografen.de\/blog2\/wp-content\/uploads\/2017\/04\/24-8893-post\/Neugeborenenfotografie-Neugeborene-Zwillinge-newbornshooting-Babyfotografie-Babyfotograf-Schweiz-Cornelia-Moebes-Photography-R11-300x200.jpg 300w, https:\/\/vereinigung-professioneller-kinderfotografen.de\/blog2\/wp-content\/uploads\/2017\/04\/24-8893-post\/Neugeborenenfotografie-Neugeborene-Zwillinge-newbornshooting-Babyfotografie-Babyfotograf-Schweiz-Cornelia-Moebes-Photography-R11-768x512.jpg 768w\" sizes=\"(max-width: 1000px) 100vw, 1000px\" \/><\/p>\n<p>&nbsp;<\/p>\n","protected":false},"excerpt":{"rendered":"<p>Unsere\u00a0Fotografin Cornelia M\u00f6bes aus der Zentralschweiz hatte vor kurzem doppelten Besuch zum Neugeborenenshooting. Sie durfte gleich zwei kleine Prinzessinnen\u00a0bei sich im Studio in Baar\/Zug begr\u00fcssen.\u00a0Die\u00a0Zwillinge haben ganz wundervoll mitgemacht und von Anfang bis Ende alles verschlafen. Somit konnte Cornelia M\u00f6bes ganz viele sch\u00f6ne Erinnerungen f\u00fcr die Eltern zaubern. Diese haben sich ganz nat\u00fcrliche zeitlose Bilder...<\/p>\n","protected":false},"author":2,"featured_media":0,"comment_status":"closed","ping_status":"closed","sticky":false,"template":"","format":"standard","meta":{"pp_embeds":""},"categories":[918],"tags":[983,986,987,982,988,585,984,985,773],"acf":[],"_links":{"self":[{"href":"https:\/\/vereinigung-professioneller-kinderfotografen.de\/blog2\/wp-json\/wp\/v2\/posts\/8893"}],"collection":[{"href":"https:\/\/vereinigung-professioneller-kinderfotografen.de\/blog2\/wp-json\/wp\/v2\/posts"}],"about":[{"href":"https:\/\/vereinigung-professioneller-kinderfotografen.de\/blog2\/wp-json\/wp\/v2\/types\/post"}],"author":[{"embeddable":true,"href":"https:\/\/vereinigung-professioneller-kinderfotografen.de\/blog2\/wp-json\/wp\/v2\/users\/2"}],"replies":[{"embeddable":true,"href":"https:\/\/vereinigung-professioneller-kinderfotografen.de\/blog2\/wp-json\/wp\/v2\/comments?post=8893"}],"version-history":[{"count":2,"href":"https:\/\/vereinigung-professioneller-kinderfotografen.de\/blog2\/wp-json\/wp\/v2\/posts\/8893\/revisions"}],"predecessor-version":[{"id":9663,"href":"https:\/\/vereinigung-professioneller-kinderfotografen.de\/blog2\/wp-json\/wp\/v2\/posts\/8893\/revisions\/9663"}],"wp:attachment":[{"href":"https:\/\/vereinigung-professioneller-kinderfotografen.de\/blog2\/wp-json\/wp\/v2\/media?parent=8893"}],"wp:term":[{"taxonomy":"category","embeddable":true,"href":"https:\/\/vereinigung-professioneller-kinderfotografen.de\/blog2\/wp-json\/wp\/v2\/categories?post=8893"},{"taxonomy":"post_tag","embeddable":true,"href":"https:\/\/vereinigung-professioneller-kinderfotografen.de\/blog2\/wp-json\/wp\/v2\/tags?post=8893"}],"curies":[{"name":"wp","href":"https:\/\/api.w.org\/{rel}","templated":true}]}}