{"id":8872,"date":"2017-04-15T10:00:24","date_gmt":"2017-04-15T08:00:24","guid":{"rendered":"http:\/\/vereinigung-professioneller-kinderfotografen.de\/blog2\/?p=8872"},"modified":"2017-04-14T22:02:28","modified_gmt":"2017-04-14T20:02:28","slug":"baby-marlea-zarte-neugeborenenbilder-von-andrea-buehler-babyfotografie","status":"publish","type":"post","link":"https:\/\/vereinigung-professioneller-kinderfotografen.de\/blog2\/baby-marlea-zarte-neugeborenenbilder-von-andrea-buehler-babyfotografie\/","title":{"rendered":"Baby Marlea | zarte Neugeborenenbilder von Andrea B\u00fchler Babyfotografie"},"content":{"rendered":"<p>Andrea B\u00fchler, unsere Fotografin aus dem schw\u00e4bischen Leingarten bei Heilbronn hatte die zuckers\u00fc\u00dfe Marlea im Babyfotostudio. Marlea hat bezaubernde rote Haare, \u00a0sie wird sp\u00e4ter sicher einmal ganz tolle rote Locken bekommen. Andrea B\u00fchler hat\u00a0unbezahlbare\u00a0Erinnerung an die ersten Lebenstage von Marlea geschaffen und damit die ganze Familie gl\u00fccklich gemacht.<\/p>\n<p>&nbsp;<\/p>\n<p><img decoding=\"async\" loading=\"lazy\" class=\"aligncenter size-full wp-image-8883\" src=\"http:\/\/vereinigung-professioneller-kinderfotografen.de\/blog2\/wp-content\/uploads\/2017\/04\/14-8872-post\/Andrea-Buehler-Babyfotografie-Heilbronn-Neugeborenenfotos-Heilbronn-Babybilder-Neugeborenenshooting-Heilbronn-Babyfotograf-Heilbronn-11.jpg\" alt=\"\" width=\"960\" height=\"640\" srcset=\"https:\/\/vereinigung-professioneller-kinderfotografen.de\/blog2\/wp-content\/uploads\/2017\/04\/14-8872-post\/Andrea-Buehler-Babyfotografie-Heilbronn-Neugeborenenfotos-Heilbronn-Babybilder-Neugeborenenshooting-Heilbronn-Babyfotograf-Heilbronn-11.jpg 960w, https:\/\/vereinigung-professioneller-kinderfotografen.de\/blog2\/wp-content\/uploads\/2017\/04\/14-8872-post\/Andrea-Buehler-Babyfotografie-Heilbronn-Neugeborenenfotos-Heilbronn-Babybilder-Neugeborenenshooting-Heilbronn-Babyfotograf-Heilbronn-11-300x200.jpg 300w, https:\/\/vereinigung-professioneller-kinderfotografen.de\/blog2\/wp-content\/uploads\/2017\/04\/14-8872-post\/Andrea-Buehler-Babyfotografie-Heilbronn-Neugeborenenfotos-Heilbronn-Babybilder-Neugeborenenshooting-Heilbronn-Babyfotograf-Heilbronn-11-768x512.jpg 768w\" sizes=\"(max-width: 960px) 100vw, 960px\" \/><img decoding=\"async\" loading=\"lazy\" class=\"aligncenter size-full wp-image-8873\" src=\"http:\/\/vereinigung-professioneller-kinderfotografen.de\/blog2\/wp-content\/uploads\/2017\/04\/14-8872-post\/Andrea-Buehler-Babyfotografie-Heilbronn-Neugeborenenfotos-Heilbronn-Babybilder-Neugeborenenshooting-Heilbronn-Babyfotograf-Heilbronn-01.jpg\" alt=\"\" width=\"960\" height=\"640\" srcset=\"https:\/\/vereinigung-professioneller-kinderfotografen.de\/blog2\/wp-content\/uploads\/2017\/04\/14-8872-post\/Andrea-Buehler-Babyfotografie-Heilbronn-Neugeborenenfotos-Heilbronn-Babybilder-Neugeborenenshooting-Heilbronn-Babyfotograf-Heilbronn-01.jpg 960w, https:\/\/vereinigung-professioneller-kinderfotografen.de\/blog2\/wp-content\/uploads\/2017\/04\/14-8872-post\/Andrea-Buehler-Babyfotografie-Heilbronn-Neugeborenenfotos-Heilbronn-Babybilder-Neugeborenenshooting-Heilbronn-Babyfotograf-Heilbronn-01-300x200.jpg 300w, https:\/\/vereinigung-professioneller-kinderfotografen.de\/blog2\/wp-content\/uploads\/2017\/04\/14-8872-post\/Andrea-Buehler-Babyfotografie-Heilbronn-Neugeborenenfotos-Heilbronn-Babybilder-Neugeborenenshooting-Heilbronn-Babyfotograf-Heilbronn-01-768x512.jpg 768w\" sizes=\"(max-width: 960px) 100vw, 960px\" \/><img decoding=\"async\" loading=\"lazy\" class=\"aligncenter size-full wp-image-8886\" src=\"http:\/\/vereinigung-professioneller-kinderfotografen.de\/blog2\/wp-content\/uploads\/2017\/04\/14-8872-post\/Andrea-Buehler-Babyfotografie-Heilbronn-Neugeborenenfotos-Heilbronn-Babybilder-Neugeborenenshooting-Heilbronn-Babyfotograf-Heilbronn-14.jpg\" alt=\"\" width=\"960\" height=\"640\" srcset=\"https:\/\/vereinigung-professioneller-kinderfotografen.de\/blog2\/wp-content\/uploads\/2017\/04\/14-8872-post\/Andrea-Buehler-Babyfotografie-Heilbronn-Neugeborenenfotos-Heilbronn-Babybilder-Neugeborenenshooting-Heilbronn-Babyfotograf-Heilbronn-14.jpg 960w, https:\/\/vereinigung-professioneller-kinderfotografen.de\/blog2\/wp-content\/uploads\/2017\/04\/14-8872-post\/Andrea-Buehler-Babyfotografie-Heilbronn-Neugeborenenfotos-Heilbronn-Babybilder-Neugeborenenshooting-Heilbronn-Babyfotograf-Heilbronn-14-300x200.jpg 300w, https:\/\/vereinigung-professioneller-kinderfotografen.de\/blog2\/wp-content\/uploads\/2017\/04\/14-8872-post\/Andrea-Buehler-Babyfotografie-Heilbronn-Neugeborenenfotos-Heilbronn-Babybilder-Neugeborenenshooting-Heilbronn-Babyfotograf-Heilbronn-14-768x512.jpg 768w\" sizes=\"(max-width: 960px) 100vw, 960px\" \/><img decoding=\"async\" loading=\"lazy\" class=\"aligncenter size-full wp-image-8875\" src=\"http:\/\/vereinigung-professioneller-kinderfotografen.de\/blog2\/wp-content\/uploads\/2017\/04\/14-8872-post\/Andrea-Buehler-Babyfotografie-Heilbronn-Neugeborenenfotos-Heilbronn-Babybilder-Neugeborenenshooting-Heilbronn-Babyfotograf-Heilbronn-03.jpg\" alt=\"\" width=\"960\" height=\"640\" srcset=\"https:\/\/vereinigung-professioneller-kinderfotografen.de\/blog2\/wp-content\/uploads\/2017\/04\/14-8872-post\/Andrea-Buehler-Babyfotografie-Heilbronn-Neugeborenenfotos-Heilbronn-Babybilder-Neugeborenenshooting-Heilbronn-Babyfotograf-Heilbronn-03.jpg 960w, https:\/\/vereinigung-professioneller-kinderfotografen.de\/blog2\/wp-content\/uploads\/2017\/04\/14-8872-post\/Andrea-Buehler-Babyfotografie-Heilbronn-Neugeborenenfotos-Heilbronn-Babybilder-Neugeborenenshooting-Heilbronn-Babyfotograf-Heilbronn-03-300x200.jpg 300w, https:\/\/vereinigung-professioneller-kinderfotografen.de\/blog2\/wp-content\/uploads\/2017\/04\/14-8872-post\/Andrea-Buehler-Babyfotografie-Heilbronn-Neugeborenenfotos-Heilbronn-Babybilder-Neugeborenenshooting-Heilbronn-Babyfotograf-Heilbronn-03-768x512.jpg 768w\" sizes=\"(max-width: 960px) 100vw, 960px\" \/><img decoding=\"async\" loading=\"lazy\" class=\"aligncenter size-full wp-image-8879\" src=\"http:\/\/vereinigung-professioneller-kinderfotografen.de\/blog2\/wp-content\/uploads\/2017\/04\/14-8872-post\/Andrea-Buehler-Babyfotografie-Heilbronn-Neugeborenenfotos-Heilbronn-Babybilder-Neugeborenenshooting-Heilbronn-Babyfotograf-Heilbronn-07.jpg\" alt=\"\" width=\"960\" height=\"640\" srcset=\"https:\/\/vereinigung-professioneller-kinderfotografen.de\/blog2\/wp-content\/uploads\/2017\/04\/14-8872-post\/Andrea-Buehler-Babyfotografie-Heilbronn-Neugeborenenfotos-Heilbronn-Babybilder-Neugeborenenshooting-Heilbronn-Babyfotograf-Heilbronn-07.jpg 960w, https:\/\/vereinigung-professioneller-kinderfotografen.de\/blog2\/wp-content\/uploads\/2017\/04\/14-8872-post\/Andrea-Buehler-Babyfotografie-Heilbronn-Neugeborenenfotos-Heilbronn-Babybilder-Neugeborenenshooting-Heilbronn-Babyfotograf-Heilbronn-07-300x200.jpg 300w, https:\/\/vereinigung-professioneller-kinderfotografen.de\/blog2\/wp-content\/uploads\/2017\/04\/14-8872-post\/Andrea-Buehler-Babyfotografie-Heilbronn-Neugeborenenfotos-Heilbronn-Babybilder-Neugeborenenshooting-Heilbronn-Babyfotograf-Heilbronn-07-768x512.jpg 768w\" sizes=\"(max-width: 960px) 100vw, 960px\" \/><img decoding=\"async\" loading=\"lazy\" class=\"aligncenter size-full wp-image-8881\" src=\"http:\/\/vereinigung-professioneller-kinderfotografen.de\/blog2\/wp-content\/uploads\/2017\/04\/14-8872-post\/Andrea-Buehler-Babyfotografie-Heilbronn-Neugeborenenfotos-Heilbronn-Babybilder-Neugeborenenshooting-Heilbronn-Babyfotograf-Heilbronn-09.jpg\" alt=\"\" width=\"960\" height=\"640\" srcset=\"https:\/\/vereinigung-professioneller-kinderfotografen.de\/blog2\/wp-content\/uploads\/2017\/04\/14-8872-post\/Andrea-Buehler-Babyfotografie-Heilbronn-Neugeborenenfotos-Heilbronn-Babybilder-Neugeborenenshooting-Heilbronn-Babyfotograf-Heilbronn-09.jpg 960w, https:\/\/vereinigung-professioneller-kinderfotografen.de\/blog2\/wp-content\/uploads\/2017\/04\/14-8872-post\/Andrea-Buehler-Babyfotografie-Heilbronn-Neugeborenenfotos-Heilbronn-Babybilder-Neugeborenenshooting-Heilbronn-Babyfotograf-Heilbronn-09-300x200.jpg 300w, https:\/\/vereinigung-professioneller-kinderfotografen.de\/blog2\/wp-content\/uploads\/2017\/04\/14-8872-post\/Andrea-Buehler-Babyfotografie-Heilbronn-Neugeborenenfotos-Heilbronn-Babybilder-Neugeborenenshooting-Heilbronn-Babyfotograf-Heilbronn-09-768x512.jpg 768w\" sizes=\"(max-width: 960px) 100vw, 960px\" \/><img decoding=\"async\" loading=\"lazy\" class=\"aligncenter size-full wp-image-8876\" src=\"http:\/\/vereinigung-professioneller-kinderfotografen.de\/blog2\/wp-content\/uploads\/2017\/04\/14-8872-post\/Andrea-Buehler-Babyfotografie-Heilbronn-Neugeborenenfotos-Heilbronn-Babybilder-Neugeborenenshooting-Heilbronn-Babyfotograf-Heilbronn-04.jpg\" alt=\"\" width=\"960\" height=\"640\" srcset=\"https:\/\/vereinigung-professioneller-kinderfotografen.de\/blog2\/wp-content\/uploads\/2017\/04\/14-8872-post\/Andrea-Buehler-Babyfotografie-Heilbronn-Neugeborenenfotos-Heilbronn-Babybilder-Neugeborenenshooting-Heilbronn-Babyfotograf-Heilbronn-04.jpg 960w, https:\/\/vereinigung-professioneller-kinderfotografen.de\/blog2\/wp-content\/uploads\/2017\/04\/14-8872-post\/Andrea-Buehler-Babyfotografie-Heilbronn-Neugeborenenfotos-Heilbronn-Babybilder-Neugeborenenshooting-Heilbronn-Babyfotograf-Heilbronn-04-300x200.jpg 300w, https:\/\/vereinigung-professioneller-kinderfotografen.de\/blog2\/wp-content\/uploads\/2017\/04\/14-8872-post\/Andrea-Buehler-Babyfotografie-Heilbronn-Neugeborenenfotos-Heilbronn-Babybilder-Neugeborenenshooting-Heilbronn-Babyfotograf-Heilbronn-04-768x512.jpg 768w\" sizes=\"(max-width: 960px) 100vw, 960px\" \/><img decoding=\"async\" loading=\"lazy\" class=\"aligncenter size-full wp-image-8874\" src=\"http:\/\/vereinigung-professioneller-kinderfotografen.de\/blog2\/wp-content\/uploads\/2017\/04\/14-8872-post\/Andrea-Buehler-Babyfotografie-Heilbronn-Neugeborenenfotos-Heilbronn-Babybilder-Neugeborenenshooting-Heilbronn-Babyfotograf-Heilbronn-02.jpg\" alt=\"\" width=\"960\" height=\"640\" srcset=\"https:\/\/vereinigung-professioneller-kinderfotografen.de\/blog2\/wp-content\/uploads\/2017\/04\/14-8872-post\/Andrea-Buehler-Babyfotografie-Heilbronn-Neugeborenenfotos-Heilbronn-Babybilder-Neugeborenenshooting-Heilbronn-Babyfotograf-Heilbronn-02.jpg 960w, https:\/\/vereinigung-professioneller-kinderfotografen.de\/blog2\/wp-content\/uploads\/2017\/04\/14-8872-post\/Andrea-Buehler-Babyfotografie-Heilbronn-Neugeborenenfotos-Heilbronn-Babybilder-Neugeborenenshooting-Heilbronn-Babyfotograf-Heilbronn-02-300x200.jpg 300w, https:\/\/vereinigung-professioneller-kinderfotografen.de\/blog2\/wp-content\/uploads\/2017\/04\/14-8872-post\/Andrea-Buehler-Babyfotografie-Heilbronn-Neugeborenenfotos-Heilbronn-Babybilder-Neugeborenenshooting-Heilbronn-Babyfotograf-Heilbronn-02-768x512.jpg 768w\" sizes=\"(max-width: 960px) 100vw, 960px\" \/><img decoding=\"async\" loading=\"lazy\" class=\"aligncenter size-full wp-image-8885\" src=\"http:\/\/vereinigung-professioneller-kinderfotografen.de\/blog2\/wp-content\/uploads\/2017\/04\/14-8872-post\/Andrea-Buehler-Babyfotografie-Heilbronn-Neugeborenenfotos-Heilbronn-Babybilder-Neugeborenenshooting-Heilbronn-Babyfotograf-Heilbronn-13.jpg\" alt=\"\" width=\"960\" height=\"640\" srcset=\"https:\/\/vereinigung-professioneller-kinderfotografen.de\/blog2\/wp-content\/uploads\/2017\/04\/14-8872-post\/Andrea-Buehler-Babyfotografie-Heilbronn-Neugeborenenfotos-Heilbronn-Babybilder-Neugeborenenshooting-Heilbronn-Babyfotograf-Heilbronn-13.jpg 960w, https:\/\/vereinigung-professioneller-kinderfotografen.de\/blog2\/wp-content\/uploads\/2017\/04\/14-8872-post\/Andrea-Buehler-Babyfotografie-Heilbronn-Neugeborenenfotos-Heilbronn-Babybilder-Neugeborenenshooting-Heilbronn-Babyfotograf-Heilbronn-13-300x200.jpg 300w, https:\/\/vereinigung-professioneller-kinderfotografen.de\/blog2\/wp-content\/uploads\/2017\/04\/14-8872-post\/Andrea-Buehler-Babyfotografie-Heilbronn-Neugeborenenfotos-Heilbronn-Babybilder-Neugeborenenshooting-Heilbronn-Babyfotograf-Heilbronn-13-768x512.jpg 768w\" sizes=\"(max-width: 960px) 100vw, 960px\" \/><img decoding=\"async\" loading=\"lazy\" class=\"aligncenter size-full wp-image-8882\" src=\"http:\/\/vereinigung-professioneller-kinderfotografen.de\/blog2\/wp-content\/uploads\/2017\/04\/14-8872-post\/Andrea-Buehler-Babyfotografie-Heilbronn-Neugeborenenfotos-Heilbronn-Babybilder-Neugeborenenshooting-Heilbronn-Babyfotograf-Heilbronn-10.jpg\" alt=\"\" width=\"960\" height=\"640\" srcset=\"https:\/\/vereinigung-professioneller-kinderfotografen.de\/blog2\/wp-content\/uploads\/2017\/04\/14-8872-post\/Andrea-Buehler-Babyfotografie-Heilbronn-Neugeborenenfotos-Heilbronn-Babybilder-Neugeborenenshooting-Heilbronn-Babyfotograf-Heilbronn-10.jpg 960w, https:\/\/vereinigung-professioneller-kinderfotografen.de\/blog2\/wp-content\/uploads\/2017\/04\/14-8872-post\/Andrea-Buehler-Babyfotografie-Heilbronn-Neugeborenenfotos-Heilbronn-Babybilder-Neugeborenenshooting-Heilbronn-Babyfotograf-Heilbronn-10-300x200.jpg 300w, https:\/\/vereinigung-professioneller-kinderfotografen.de\/blog2\/wp-content\/uploads\/2017\/04\/14-8872-post\/Andrea-Buehler-Babyfotografie-Heilbronn-Neugeborenenfotos-Heilbronn-Babybilder-Neugeborenenshooting-Heilbronn-Babyfotograf-Heilbronn-10-768x512.jpg 768w\" sizes=\"(max-width: 960px) 100vw, 960px\" \/><img decoding=\"async\" loading=\"lazy\" class=\"aligncenter size-full wp-image-8878\" src=\"http:\/\/vereinigung-professioneller-kinderfotografen.de\/blog2\/wp-content\/uploads\/2017\/04\/14-8872-post\/Andrea-Buehler-Babyfotografie-Heilbronn-Neugeborenenfotos-Heilbronn-Babybilder-Neugeborenenshooting-Heilbronn-Babyfotograf-Heilbronn-06.jpg\" alt=\"\" width=\"960\" height=\"640\" srcset=\"https:\/\/vereinigung-professioneller-kinderfotografen.de\/blog2\/wp-content\/uploads\/2017\/04\/14-8872-post\/Andrea-Buehler-Babyfotografie-Heilbronn-Neugeborenenfotos-Heilbronn-Babybilder-Neugeborenenshooting-Heilbronn-Babyfotograf-Heilbronn-06.jpg 960w, https:\/\/vereinigung-professioneller-kinderfotografen.de\/blog2\/wp-content\/uploads\/2017\/04\/14-8872-post\/Andrea-Buehler-Babyfotografie-Heilbronn-Neugeborenenfotos-Heilbronn-Babybilder-Neugeborenenshooting-Heilbronn-Babyfotograf-Heilbronn-06-300x200.jpg 300w, https:\/\/vereinigung-professioneller-kinderfotografen.de\/blog2\/wp-content\/uploads\/2017\/04\/14-8872-post\/Andrea-Buehler-Babyfotografie-Heilbronn-Neugeborenenfotos-Heilbronn-Babybilder-Neugeborenenshooting-Heilbronn-Babyfotograf-Heilbronn-06-768x512.jpg 768w\" sizes=\"(max-width: 960px) 100vw, 960px\" \/><img decoding=\"async\" loading=\"lazy\" class=\"aligncenter size-full wp-image-8884\" src=\"http:\/\/vereinigung-professioneller-kinderfotografen.de\/blog2\/wp-content\/uploads\/2017\/04\/14-8872-post\/Andrea-Buehler-Babyfotografie-Heilbronn-Neugeborenenfotos-Heilbronn-Babybilder-Neugeborenenshooting-Heilbronn-Babyfotograf-Heilbronn-12.jpg\" alt=\"\" width=\"960\" height=\"640\" srcset=\"https:\/\/vereinigung-professioneller-kinderfotografen.de\/blog2\/wp-content\/uploads\/2017\/04\/14-8872-post\/Andrea-Buehler-Babyfotografie-Heilbronn-Neugeborenenfotos-Heilbronn-Babybilder-Neugeborenenshooting-Heilbronn-Babyfotograf-Heilbronn-12.jpg 960w, https:\/\/vereinigung-professioneller-kinderfotografen.de\/blog2\/wp-content\/uploads\/2017\/04\/14-8872-post\/Andrea-Buehler-Babyfotografie-Heilbronn-Neugeborenenfotos-Heilbronn-Babybilder-Neugeborenenshooting-Heilbronn-Babyfotograf-Heilbronn-12-300x200.jpg 300w, https:\/\/vereinigung-professioneller-kinderfotografen.de\/blog2\/wp-content\/uploads\/2017\/04\/14-8872-post\/Andrea-Buehler-Babyfotografie-Heilbronn-Neugeborenenfotos-Heilbronn-Babybilder-Neugeborenenshooting-Heilbronn-Babyfotograf-Heilbronn-12-768x512.jpg 768w\" sizes=\"(max-width: 960px) 100vw, 960px\" \/><img decoding=\"async\" loading=\"lazy\" class=\"aligncenter size-full wp-image-8877\" src=\"http:\/\/vereinigung-professioneller-kinderfotografen.de\/blog2\/wp-content\/uploads\/2017\/04\/14-8872-post\/Andrea-Buehler-Babyfotografie-Heilbronn-Neugeborenenfotos-Heilbronn-Babybilder-Neugeborenenshooting-Heilbronn-Babyfotograf-Heilbronn-05.jpg\" alt=\"\" width=\"960\" height=\"640\" srcset=\"https:\/\/vereinigung-professioneller-kinderfotografen.de\/blog2\/wp-content\/uploads\/2017\/04\/14-8872-post\/Andrea-Buehler-Babyfotografie-Heilbronn-Neugeborenenfotos-Heilbronn-Babybilder-Neugeborenenshooting-Heilbronn-Babyfotograf-Heilbronn-05.jpg 960w, https:\/\/vereinigung-professioneller-kinderfotografen.de\/blog2\/wp-content\/uploads\/2017\/04\/14-8872-post\/Andrea-Buehler-Babyfotografie-Heilbronn-Neugeborenenfotos-Heilbronn-Babybilder-Neugeborenenshooting-Heilbronn-Babyfotograf-Heilbronn-05-300x200.jpg 300w, https:\/\/vereinigung-professioneller-kinderfotografen.de\/blog2\/wp-content\/uploads\/2017\/04\/14-8872-post\/Andrea-Buehler-Babyfotografie-Heilbronn-Neugeborenenfotos-Heilbronn-Babybilder-Neugeborenenshooting-Heilbronn-Babyfotograf-Heilbronn-05-768x512.jpg 768w\" sizes=\"(max-width: 960px) 100vw, 960px\" \/><img decoding=\"async\" loading=\"lazy\" class=\"aligncenter size-full wp-image-8880\" src=\"http:\/\/vereinigung-professioneller-kinderfotografen.de\/blog2\/wp-content\/uploads\/2017\/04\/14-8872-post\/Andrea-Buehler-Babyfotografie-Heilbronn-Neugeborenenfotos-Heilbronn-Babybilder-Neugeborenenshooting-Heilbronn-Babyfotograf-Heilbronn-08.jpg\" alt=\"\" width=\"960\" height=\"640\" srcset=\"https:\/\/vereinigung-professioneller-kinderfotografen.de\/blog2\/wp-content\/uploads\/2017\/04\/14-8872-post\/Andrea-Buehler-Babyfotografie-Heilbronn-Neugeborenenfotos-Heilbronn-Babybilder-Neugeborenenshooting-Heilbronn-Babyfotograf-Heilbronn-08.jpg 960w, https:\/\/vereinigung-professioneller-kinderfotografen.de\/blog2\/wp-content\/uploads\/2017\/04\/14-8872-post\/Andrea-Buehler-Babyfotografie-Heilbronn-Neugeborenenfotos-Heilbronn-Babybilder-Neugeborenenshooting-Heilbronn-Babyfotograf-Heilbronn-08-300x200.jpg 300w, https:\/\/vereinigung-professioneller-kinderfotografen.de\/blog2\/wp-content\/uploads\/2017\/04\/14-8872-post\/Andrea-Buehler-Babyfotografie-Heilbronn-Neugeborenenfotos-Heilbronn-Babybilder-Neugeborenenshooting-Heilbronn-Babyfotograf-Heilbronn-08-768x512.jpg 768w\" sizes=\"(max-width: 960px) 100vw, 960px\" \/><\/p>\n","protected":false},"excerpt":{"rendered":"<p>Andrea B\u00fchler, unsere Fotografin aus dem schw\u00e4bischen Leingarten bei Heilbronn hatte die zuckers\u00fc\u00dfe Marlea im Babyfotostudio. Marlea hat bezaubernde rote Haare, \u00a0sie wird sp\u00e4ter sicher einmal ganz tolle rote Locken bekommen. Andrea B\u00fchler hat\u00a0unbezahlbare\u00a0Erinnerung an die ersten Lebenstage von Marlea geschaffen und damit die ganze Familie gl\u00fccklich gemacht. &nbsp;<\/p>\n","protected":false},"author":2,"featured_media":8873,"comment_status":"closed","ping_status":"closed","sticky":false,"template":"","format":"standard","meta":{"pp_embeds":""},"categories":[478,1],"tags":[],"acf":[],"_links":{"self":[{"href":"https:\/\/vereinigung-professioneller-kinderfotografen.de\/blog2\/wp-json\/wp\/v2\/posts\/8872"}],"collection":[{"href":"https:\/\/vereinigung-professioneller-kinderfotografen.de\/blog2\/wp-json\/wp\/v2\/posts"}],"about":[{"href":"https:\/\/vereinigung-professioneller-kinderfotografen.de\/blog2\/wp-json\/wp\/v2\/types\/post"}],"author":[{"embeddable":true,"href":"https:\/\/vereinigung-professioneller-kinderfotografen.de\/blog2\/wp-json\/wp\/v2\/users\/2"}],"replies":[{"embeddable":true,"href":"https:\/\/vereinigung-professioneller-kinderfotografen.de\/blog2\/wp-json\/wp\/v2\/comments?post=8872"}],"version-history":[{"count":5,"href":"https:\/\/vereinigung-professioneller-kinderfotografen.de\/blog2\/wp-json\/wp\/v2\/posts\/8872\/revisions"}],"predecessor-version":[{"id":8891,"href":"https:\/\/vereinigung-professioneller-kinderfotografen.de\/blog2\/wp-json\/wp\/v2\/posts\/8872\/revisions\/8891"}],"wp:featuredmedia":[{"embeddable":true,"href":"https:\/\/vereinigung-professioneller-kinderfotografen.de\/blog2\/wp-json\/wp\/v2\/media\/8873"}],"wp:attachment":[{"href":"https:\/\/vereinigung-professioneller-kinderfotografen.de\/blog2\/wp-json\/wp\/v2\/media?parent=8872"}],"wp:term":[{"taxonomy":"category","embeddable":true,"href":"https:\/\/vereinigung-professioneller-kinderfotografen.de\/blog2\/wp-json\/wp\/v2\/categories?post=8872"},{"taxonomy":"post_tag","embeddable":true,"href":"https:\/\/vereinigung-professioneller-kinderfotografen.de\/blog2\/wp-json\/wp\/v2\/tags?post=8872"}],"curies":[{"name":"wp","href":"https:\/\/api.w.org\/{rel}","templated":true}]}}