{"id":8802,"date":"2017-04-03T18:29:42","date_gmt":"2017-04-03T16:29:42","guid":{"rendered":"http:\/\/vereinigung-professioneller-kinderfotografen.de\/blog2\/?p=8802"},"modified":"2017-04-03T18:29:42","modified_gmt":"2017-04-03T16:29:42","slug":"natuerliche-schwangerschaftsbilder-aus-der-schweiz","status":"publish","type":"post","link":"https:\/\/vereinigung-professioneller-kinderfotografen.de\/blog2\/natuerliche-schwangerschaftsbilder-aus-der-schweiz\/","title":{"rendered":"Nat\u00fcrliche Schwangerschaftsbilder aus der Schweiz"},"content":{"rendered":"<p>Unsere Fotografin Corinne Chollet (<a href=\"http:\/\/www.corinnechollet.ch\">www.corinnechollet.ch<\/a>) geniesst die vielen M\u00f6glichkeiten in ihrem neuen Studio in Arbon am sch\u00f6nen Bodensee.<\/p>\n<p>Das grosse Fenster, der\u00a0hohe Raum, das sch\u00f6ne Licht und die\u00a0ganz besondere Atmosph\u00e4re, eine richtige Wohlf\u00fchloase f\u00fcr ihre Kunden und eine Oase der Inspiration f\u00fcr sie.<\/p>\n<p>So sind diese nat\u00fcrlichen Babybauchbilder entstanden &#8211; Bilder f\u00fcr die Ewigkeit, Bilder f\u00fcr das Herz.<\/p>\n<p><img decoding=\"async\" loading=\"lazy\" class=\"pp-insert-all size-full aligncenter\" title=\"Babybauch, Schwangerschaft, Babybauchbilder, Schwangerschaftsbilder, Babybauch Shooting, Schwangerschaftsshooting, Babybauch Fotograf, Schwangerschaftsfotograf, Fotograf Schweiz, Nat\u00fcrliche Bilder\" src=\"http:\/\/vereinigung-professioneller-kinderfotografen.de\/blog2\/wp-content\/uploads\/2017\/04\/03-8802-post\/2017-03-10_0001.jpg\" alt=\"\" width=\"1000\" height=\"668\" \/><img decoding=\"async\" loading=\"lazy\" class=\"pp-insert-all size-full aligncenter\" title=\"Babybauch, Schwangerschaft, Babybauchbilder, Schwangerschaftsbilder, Babybauch Shooting, Schwangerschaftsshooting, Babybauch Fotograf, Schwangerschaftsfotograf, Fotograf Schweiz, Nat\u00fcrliche Bilder\" src=\"http:\/\/vereinigung-professioneller-kinderfotografen.de\/blog2\/wp-content\/uploads\/2017\/04\/03-8802-post\/2017-03-10_0003.jpg\" alt=\"Babybauch, Schwangerschaft, Babybauchbilder, Schwangerschaftsbilder, Babybauch Shooting, Schwangerschaftsshooting, Babybauch Fotograf, Schwangerschaftsfotograf, Fotograf Schweiz, Nat\u00fcrliche Bilder\" width=\"1000\" height=\"785\" \/><img decoding=\"async\" loading=\"lazy\" class=\"pp-insert-all size-full aligncenter\" title=\"Babybauch, Schwangerschaft, Babybauchbilder, Schwangerschaftsbilder, Babybauch Shooting, Schwangerschaftsshooting, Babybauch Fotograf, Schwangerschaftsfotograf, Fotograf Schweiz, Nat\u00fcrliche Bilder\" src=\"http:\/\/vereinigung-professioneller-kinderfotografen.de\/blog2\/wp-content\/uploads\/2017\/04\/03-8802-post\/2017-03-10_0004.jpg\" alt=\"Babybauch, Schwangerschaft, Babybauchbilder, Schwangerschaftsbilder, Babybauch Shooting, Schwangerschaftsshooting, Babybauch Fotograf, Schwangerschaftsfotograf, Fotograf Schweiz, Nat\u00fcrliche Bilder\" width=\"1000\" height=\"785\" \/><img decoding=\"async\" loading=\"lazy\" class=\"pp-insert-all size-full aligncenter\" title=\"Babybauch, Schwangerschaft, Babybauchbilder, Schwangerschaftsbilder, Babybauch Shooting, Schwangerschaftsshooting, Babybauch Fotograf, Schwangerschaftsfotograf, Fotograf Schweiz, Nat\u00fcrliche Bilder\" src=\"http:\/\/vereinigung-professioneller-kinderfotografen.de\/blog2\/wp-content\/uploads\/2017\/04\/03-8802-post\/2017-03-10_0005.jpg\" alt=\"Babybauch, Schwangerschaft, Babybauchbilder, Schwangerschaftsbilder, Babybauch Shooting, Schwangerschaftsshooting, Babybauch Fotograf, Schwangerschaftsfotograf, Fotograf Schweiz, Nat\u00fcrliche Bilder\" width=\"1000\" height=\"785\" \/><img decoding=\"async\" loading=\"lazy\" class=\"pp-insert-all size-full aligncenter\" title=\"Babybauch, Schwangerschaft, Babybauchbilder, Schwangerschaftsbilder, Babybauch Shooting, Schwangerschaftsshooting, Babybauch Fotograf, Schwangerschaftsfotograf, Fotograf Schweiz, Nat\u00fcrliche Bilder\" src=\"http:\/\/vereinigung-professioneller-kinderfotografen.de\/blog2\/wp-content\/uploads\/2017\/04\/03-8802-post\/2017-03-10_0007.jpg\" alt=\"Babybauch, Schwangerschaft, Babybauchbilder, Schwangerschaftsbilder, Babybauch Shooting, Schwangerschaftsshooting, Babybauch Fotograf, Schwangerschaftsfotograf, Fotograf Schweiz, Nat\u00fcrliche Bilder\" width=\"1000\" height=\"668\" \/><img decoding=\"async\" loading=\"lazy\" class=\"pp-insert-all size-full aligncenter\" title=\"Babybauch, Schwangerschaft, Babybauchbilder, Schwangerschaftsbilder, Babybauch Shooting, Schwangerschaftsshooting, Babybauch Fotograf, Schwangerschaftsfotograf, Fotograf Schweiz, Nat\u00fcrliche Bilder\" src=\"http:\/\/vereinigung-professioneller-kinderfotografen.de\/blog2\/wp-content\/uploads\/2017\/04\/03-8802-post\/2017-03-10_0006.jpg\" alt=\"Babybauch, Schwangerschaft, Babybauchbilder, Schwangerschaftsbilder, Babybauch Shooting, Schwangerschaftsshooting, Babybauch Fotograf, Schwangerschaftsfotograf, Fotograf Schweiz, Nat\u00fcrliche Bilder\" width=\"1000\" height=\"668\" \/><img decoding=\"async\" loading=\"lazy\" class=\"pp-insert-all size-full aligncenter\" title=\"Babybauch, Schwangerschaft, Babybauchbilder, Schwangerschaftsbilder, Babybauch Shooting, Schwangerschaftsshooting, Babybauch Fotograf, Schwangerschaftsfotograf, Fotograf Schweiz, Nat\u00fcrliche Bilder\" src=\"http:\/\/vereinigung-professioneller-kinderfotografen.de\/blog2\/wp-content\/uploads\/2017\/04\/03-8802-post\/2017-03-10_0008.jpg\" alt=\"Babybauch, Schwangerschaft, Babybauchbilder, Schwangerschaftsbilder, Babybauch Shooting, Schwangerschaftsshooting, Babybauch Fotograf, Schwangerschaftsfotograf, Fotograf Schweiz, Nat\u00fcrliche Bilder\" width=\"1000\" height=\"784\" \/><img decoding=\"async\" loading=\"lazy\" class=\"pp-insert-all size-full aligncenter\" title=\"Babybauch, Schwangerschaft, Babybauchbilder, Schwangerschaftsbilder, Babybauch Shooting, Schwangerschaftsshooting, Babybauch Fotograf, Schwangerschaftsfotograf, Fotograf Schweiz, Nat\u00fcrliche Bilder\" src=\"http:\/\/vereinigung-professioneller-kinderfotografen.de\/blog2\/wp-content\/uploads\/2017\/04\/03-8802-post\/2017-03-10_0009.jpg\" alt=\"Babybauch, Schwangerschaft, Babybauchbilder, Schwangerschaftsbilder, Babybauch Shooting, Schwangerschaftsshooting, Babybauch Fotograf, Schwangerschaftsfotograf, Fotograf Schweiz, Nat\u00fcrliche Bilder\" width=\"1000\" height=\"784\" \/><\/p>\n","protected":false},"excerpt":{"rendered":"<p>Unsere Fotografin Corinne Chollet (www.corinnechollet.ch) geniesst die vielen M\u00f6glichkeiten in ihrem neuen Studio in Arbon am sch\u00f6nen Bodensee. Das grosse Fenster, der\u00a0hohe Raum, das sch\u00f6ne Licht und die\u00a0ganz besondere Atmosph\u00e4re, eine richtige Wohlf\u00fchloase f\u00fcr ihre Kunden und eine Oase der Inspiration f\u00fcr sie. So sind diese nat\u00fcrlichen Babybauchbilder entstanden &#8211; Bilder f\u00fcr die Ewigkeit, Bilder...<\/p>\n","protected":false},"author":2,"featured_media":0,"comment_status":"closed","ping_status":"closed","sticky":false,"template":"","format":"standard","meta":{"pp_embeds":""},"categories":[670],"tags":[173,979,977,581,981,759,980,469,123,799,978],"acf":[],"_links":{"self":[{"href":"https:\/\/vereinigung-professioneller-kinderfotografen.de\/blog2\/wp-json\/wp\/v2\/posts\/8802"}],"collection":[{"href":"https:\/\/vereinigung-professioneller-kinderfotografen.de\/blog2\/wp-json\/wp\/v2\/posts"}],"about":[{"href":"https:\/\/vereinigung-professioneller-kinderfotografen.de\/blog2\/wp-json\/wp\/v2\/types\/post"}],"author":[{"embeddable":true,"href":"https:\/\/vereinigung-professioneller-kinderfotografen.de\/blog2\/wp-json\/wp\/v2\/users\/2"}],"replies":[{"embeddable":true,"href":"https:\/\/vereinigung-professioneller-kinderfotografen.de\/blog2\/wp-json\/wp\/v2\/comments?post=8802"}],"version-history":[{"count":1,"href":"https:\/\/vereinigung-professioneller-kinderfotografen.de\/blog2\/wp-json\/wp\/v2\/posts\/8802\/revisions"}],"predecessor-version":[{"id":8811,"href":"https:\/\/vereinigung-professioneller-kinderfotografen.de\/blog2\/wp-json\/wp\/v2\/posts\/8802\/revisions\/8811"}],"wp:attachment":[{"href":"https:\/\/vereinigung-professioneller-kinderfotografen.de\/blog2\/wp-json\/wp\/v2\/media?parent=8802"}],"wp:term":[{"taxonomy":"category","embeddable":true,"href":"https:\/\/vereinigung-professioneller-kinderfotografen.de\/blog2\/wp-json\/wp\/v2\/categories?post=8802"},{"taxonomy":"post_tag","embeddable":true,"href":"https:\/\/vereinigung-professioneller-kinderfotografen.de\/blog2\/wp-json\/wp\/v2\/tags?post=8802"}],"curies":[{"name":"wp","href":"https:\/\/api.w.org\/{rel}","templated":true}]}}