{"id":1845,"date":"2013-09-10T21:10:10","date_gmt":"2013-09-10T19:10:10","guid":{"rendered":"http:\/\/vereinigung-professioneller-kinderfotografen.de\/blog2\/?p=1845"},"modified":"2014-05-02T14:20:53","modified_gmt":"2014-05-02T12:20:53","slug":"kleiner-bub-in-buende","status":"publish","type":"post","link":"https:\/\/vereinigung-professioneller-kinderfotografen.de\/blog2\/kleiner-bub-in-buende\/","title":{"rendered":"Kleiner Bub in B\u00fcnde"},"content":{"rendered":"<p>Vor ein paar Wochen hat mich dieser kleine s\u00fcsse Bub in meinem Studio in B\u00fcnde besucht, mit seinen Eltern und seiner bezaubernden Schwester. Schon ziemlich oft hatte ich diese tolle Familie vor der Kamera. Es macht immer wieder viel Spa\u00df mit Ihnen! Diese Aufnahmen sind dabei entstanden<\/p>\n<p><img decoding=\"async\" loading=\"lazy\" class=\"pp-insert-all size-full aligncenter\" src=\"http:\/\/vereinigung-professioneller-kinderfotografen.de\/blog2\/wp-content\/uploads\/2013\/09\/Fotografie_Nelli_Hoss_5615.jpg\" alt=\"\" width=\"900\" height=\"600\" \/><img decoding=\"async\" loading=\"lazy\" class=\"pp-insert-all size-full aligncenter\" src=\"http:\/\/vereinigung-professioneller-kinderfotografen.de\/blog2\/wp-content\/uploads\/2013\/09\/Fotografie_Nelli_Hoss_5617.jpg\" alt=\"\" width=\"900\" height=\"600\" \/><img decoding=\"async\" loading=\"lazy\" class=\"pp-insert-all size-full aligncenter\" src=\"http:\/\/vereinigung-professioneller-kinderfotografen.de\/blog2\/wp-content\/uploads\/2013\/09\/Fotografie_Nelli_Hoss_5619.jpg\" alt=\"\" width=\"900\" height=\"600\" \/><img decoding=\"async\" loading=\"lazy\" class=\"pp-insert-all size-full aligncenter\" src=\"http:\/\/vereinigung-professioneller-kinderfotografen.de\/blog2\/wp-content\/uploads\/2013\/09\/Fotografie_Nelli_Hoss_5620.jpg\" alt=\"\" width=\"900\" height=\"600\" \/><img decoding=\"async\" loading=\"lazy\" class=\"pp-insert-all size-full aligncenter\" src=\"http:\/\/vereinigung-professioneller-kinderfotografen.de\/blog2\/wp-content\/uploads\/2013\/09\/Fotografie_Nelli_Hoss_5624.jpg\" alt=\"\" width=\"900\" height=\"600\" \/><img decoding=\"async\" loading=\"lazy\" class=\"pp-insert-all size-full aligncenter\" src=\"http:\/\/vereinigung-professioneller-kinderfotografen.de\/blog2\/wp-content\/uploads\/2013\/09\/Fotografie_Nelli_Hoss_5625.jpg\" alt=\"\" width=\"900\" height=\"600\" \/><img decoding=\"async\" loading=\"lazy\" class=\"pp-insert-all size-full aligncenter\" src=\"http:\/\/vereinigung-professioneller-kinderfotografen.de\/blog2\/wp-content\/uploads\/2013\/09\/Fotografie_Nelli_Hoss_5630.jpg\" alt=\"\" width=\"900\" height=\"600\" \/><img decoding=\"async\" loading=\"lazy\" class=\"pp-insert-all size-full aligncenter\" src=\"http:\/\/vereinigung-professioneller-kinderfotografen.de\/blog2\/wp-content\/uploads\/2013\/09\/Fotografie_Nelli_Hoss_5632.jpg\" alt=\"\" width=\"900\" height=\"600\" \/><img decoding=\"async\" loading=\"lazy\" class=\"pp-insert-all size-full aligncenter\" src=\"http:\/\/vereinigung-professioneller-kinderfotografen.de\/blog2\/wp-content\/uploads\/2013\/09\/Fotografie_Nelli_Hoss_5634.jpg\" alt=\"\" width=\"900\" height=\"600\" \/><img decoding=\"async\" loading=\"lazy\" class=\"pp-insert-all size-full aligncenter\" src=\"http:\/\/vereinigung-professioneller-kinderfotografen.de\/blog2\/wp-content\/uploads\/2013\/09\/Fotografie_Nelli_Hoss_5636.jpg\" alt=\"\" width=\"900\" height=\"600\" \/><img decoding=\"async\" loading=\"lazy\" class=\"pp-insert-all size-full aligncenter\" src=\"http:\/\/vereinigung-professioneller-kinderfotografen.de\/blog2\/wp-content\/uploads\/2013\/09\/Fotografie_Nelli_Hoss_5641.jpg\" alt=\"\" width=\"600\" height=\"900\" \/><img decoding=\"async\" loading=\"lazy\" class=\"pp-insert-all size-full aligncenter\" src=\"http:\/\/vereinigung-professioneller-kinderfotografen.de\/blog2\/wp-content\/uploads\/2013\/09\/Fotografie_Nelli_Hoss_5643.jpg\" alt=\"\" width=\"600\" height=\"900\" \/><img decoding=\"async\" loading=\"lazy\" class=\"pp-insert-all size-full aligncenter\" src=\"http:\/\/vereinigung-professioneller-kinderfotografen.de\/blog2\/wp-content\/uploads\/2013\/09\/Fotografie_Nelli_Hoss_5648.jpg\" alt=\"\" width=\"600\" height=\"900\" \/><img decoding=\"async\" loading=\"lazy\" class=\"pp-insert-all size-full aligncenter\" src=\"http:\/\/vereinigung-professioneller-kinderfotografen.de\/blog2\/wp-content\/uploads\/2013\/09\/Fotografie_Nelli_Hoss_5649.jpg\" alt=\"\" width=\"900\" height=\"600\" \/><img decoding=\"async\" loading=\"lazy\" class=\"pp-insert-all size-full aligncenter\" src=\"http:\/\/vereinigung-professioneller-kinderfotografen.de\/blog2\/wp-content\/uploads\/2013\/09\/Fotografie_Nelli_Hoss_5651.jpg\" alt=\"\" width=\"600\" height=\"900\" \/><img decoding=\"async\" loading=\"lazy\" class=\"pp-insert-all size-full aligncenter\" src=\"http:\/\/vereinigung-professioneller-kinderfotografen.de\/blog2\/wp-content\/uploads\/2013\/09\/Fotografie_Nelli_Hoss_5655.jpg\" alt=\"\" width=\"900\" height=\"600\" \/><\/p>\n","protected":false},"excerpt":{"rendered":"<p>Vor ein paar Wochen hat mich dieser kleine s\u00fcsse Bub in meinem Studio in B\u00fcnde besucht, mit seinen Eltern und seiner bezaubernden Schwester. Schon ziemlich oft hatte ich diese tolle Familie vor der Kamera. Es macht immer wieder viel Spa\u00df mit Ihnen! Diese Aufnahmen sind dabei entstanden<\/p>\n","protected":false},"author":2,"featured_media":1841,"comment_status":"closed","ping_status":"closed","sticky":false,"template":"","format":"standard","meta":{"pp_embeds":""},"categories":[315],"tags":[12,10,16,11,61,19,26,15,25],"acf":[],"_links":{"self":[{"href":"https:\/\/vereinigung-professioneller-kinderfotografen.de\/blog2\/wp-json\/wp\/v2\/posts\/1845"}],"collection":[{"href":"https:\/\/vereinigung-professioneller-kinderfotografen.de\/blog2\/wp-json\/wp\/v2\/posts"}],"about":[{"href":"https:\/\/vereinigung-professioneller-kinderfotografen.de\/blog2\/wp-json\/wp\/v2\/types\/post"}],"author":[{"embeddable":true,"href":"https:\/\/vereinigung-professioneller-kinderfotografen.de\/blog2\/wp-json\/wp\/v2\/users\/2"}],"replies":[{"embeddable":true,"href":"https:\/\/vereinigung-professioneller-kinderfotografen.de\/blog2\/wp-json\/wp\/v2\/comments?post=1845"}],"version-history":[{"count":2,"href":"https:\/\/vereinigung-professioneller-kinderfotografen.de\/blog2\/wp-json\/wp\/v2\/posts\/1845\/revisions"}],"predecessor-version":[{"id":3567,"href":"https:\/\/vereinigung-professioneller-kinderfotografen.de\/blog2\/wp-json\/wp\/v2\/posts\/1845\/revisions\/3567"}],"wp:featuredmedia":[{"embeddable":true,"href":"https:\/\/vereinigung-professioneller-kinderfotografen.de\/blog2\/wp-json\/wp\/v2\/media\/1841"}],"wp:attachment":[{"href":"https:\/\/vereinigung-professioneller-kinderfotografen.de\/blog2\/wp-json\/wp\/v2\/media?parent=1845"}],"wp:term":[{"taxonomy":"category","embeddable":true,"href":"https:\/\/vereinigung-professioneller-kinderfotografen.de\/blog2\/wp-json\/wp\/v2\/categories?post=1845"},{"taxonomy":"post_tag","embeddable":true,"href":"https:\/\/vereinigung-professioneller-kinderfotografen.de\/blog2\/wp-json\/wp\/v2\/tags?post=1845"}],"curies":[{"name":"wp","href":"https:\/\/api.w.org\/{rel}","templated":true}]}}