{"id":1765,"date":"2013-09-06T06:01:18","date_gmt":"2013-09-06T04:01:18","guid":{"rendered":"http:\/\/vereinigung-professioneller-kinderfotografen.de\/blog2\/?p=1765"},"modified":"2014-05-02T14:14:45","modified_gmt":"2014-05-02T12:14:45","slug":"babybauchshooting-straubing-natuerliche-schwangerschaftsfotos-in-der-natur","status":"publish","type":"post","link":"https:\/\/vereinigung-professioneller-kinderfotografen.de\/blog2\/babybauchshooting-straubing-natuerliche-schwangerschaftsfotos-in-der-natur\/","title":{"rendered":"Babybauchshooting Straubing &#8211; nat\u00fcrliche Schwangerschaftsfotos in der Natur"},"content":{"rendered":"<p>Es braucht nicht viel, um sch\u00f6ne, nat\u00fcrliche, emotionale Babybauchbilder umzusetzen.<\/p>\n<p>Man nehme eine gro\u00dfe Portion Vertrauen in die Fotografin, sympathische Eltern voller Vorfreude,<\/p>\n<p>eine aufgeweckte &#8222;gro\u00dfe&#8220; Schwester, einen hellen Raum oder die Natur pur&#8230;. und viel Spa\u00df miteinander \ud83d\ude42<\/p>\n<p>All diese &#8222;Zutaten&#8220; haben dazu beigetragen, dass diese wunderbaren Babybauchbilder in Straubing ( Niederbayern, n\u00e4he Deggendorf),<\/p>\n<p>an der sch\u00f6ne Donau, entstehen konnten.<\/p>\n<p>Bald gibts auch Bilder von dem &#8222;Mini-Mann&#8220; auf <a title=\"meinem Blog\" href=\"http:\/\/www.nicole-hecht.de\/blog\" target=\"_blank\">www.nicole-hecht.de\/blo<\/a>g zu sehen &#8230; ich freue mich schon!<\/p>\n<p>&nbsp;<\/p>\n<p><img decoding=\"async\" loading=\"lazy\" class=\"pp-insert-all size-full aligncenter\" alt=\"\" src=\"http:\/\/vereinigung-professioneller-kinderfotografen.de\/blog2\/wp-content\/uploads\/2013\/09\/Schwanger-Straubing_0008.jpg\" width=\"900\" height=\"602\" \/><img decoding=\"async\" loading=\"lazy\" class=\"pp-insert-all size-full aligncenter\" alt=\"\" src=\"http:\/\/vereinigung-professioneller-kinderfotografen.de\/blog2\/wp-content\/uploads\/2013\/09\/Schwanger-Straubing_0001.jpg\" width=\"900\" height=\"801\" \/><img decoding=\"async\" loading=\"lazy\" class=\"pp-insert-all size-full aligncenter\" alt=\"\" src=\"http:\/\/vereinigung-professioneller-kinderfotografen.de\/blog2\/wp-content\/uploads\/2013\/09\/Schwanger-Straubing_0002.jpg\" width=\"900\" height=\"901\" \/><img decoding=\"async\" loading=\"lazy\" class=\"pp-insert-all size-full aligncenter\" alt=\"\" src=\"http:\/\/vereinigung-professioneller-kinderfotografen.de\/blog2\/wp-content\/uploads\/2013\/09\/Schwanger-Straubing_0003.jpg\" width=\"900\" height=\"637\" \/><img decoding=\"async\" loading=\"lazy\" class=\"pp-insert-all size-full aligncenter\" alt=\"\" src=\"http:\/\/vereinigung-professioneller-kinderfotografen.de\/blog2\/wp-content\/uploads\/2013\/09\/Schwanger-Straubing_0005.jpg\" width=\"900\" height=\"304\" \/><img decoding=\"async\" loading=\"lazy\" class=\"pp-insert-all size-full aligncenter\" alt=\"\" src=\"http:\/\/vereinigung-professioneller-kinderfotografen.de\/blog2\/wp-content\/uploads\/2013\/09\/Schwanger-Straubing_0006.jpg\" width=\"900\" height=\"601\" \/><img decoding=\"async\" loading=\"lazy\" class=\"pp-insert-all size-full aligncenter\" alt=\"\" src=\"http:\/\/vereinigung-professioneller-kinderfotografen.de\/blog2\/wp-content\/uploads\/2013\/09\/Schwanger-Straubing_0007.jpg\" width=\"900\" height=\"801\" \/><img decoding=\"async\" loading=\"lazy\" class=\"pp-insert-all size-full aligncenter\" alt=\"\" src=\"http:\/\/vereinigung-professioneller-kinderfotografen.de\/blog2\/wp-content\/uploads\/2013\/09\/Schwanger-Straubing_0004.jpg\" width=\"900\" height=\"601\" \/><img decoding=\"async\" loading=\"lazy\" class=\"pp-insert-all size-full aligncenter\" alt=\"\" src=\"http:\/\/vereinigung-professioneller-kinderfotografen.de\/blog2\/wp-content\/uploads\/2013\/09\/Schwanger-Straubing_0009.jpg\" width=\"900\" height=\"1015\" \/><img decoding=\"async\" loading=\"lazy\" class=\"pp-insert-all size-full aligncenter\" alt=\"\" src=\"http:\/\/vereinigung-professioneller-kinderfotografen.de\/blog2\/wp-content\/uploads\/2013\/09\/Schwanger-Straubing_0010.jpg\" width=\"900\" height=\"798\" \/><img decoding=\"async\" loading=\"lazy\" class=\"pp-insert-all size-full aligncenter\" alt=\"\" src=\"http:\/\/vereinigung-professioneller-kinderfotografen.de\/blog2\/wp-content\/uploads\/2013\/09\/Schwanger-Straubing_0011.jpg\" width=\"900\" height=\"418\" \/><img decoding=\"async\" loading=\"lazy\" class=\"pp-insert-all size-full aligncenter\" alt=\"\" src=\"http:\/\/vereinigung-professioneller-kinderfotografen.de\/blog2\/wp-content\/uploads\/2013\/09\/Schwanger-Straubing_0012.jpg\" width=\"900\" height=\"900\" \/><img decoding=\"async\" loading=\"lazy\" class=\"pp-insert-all size-full aligncenter\" alt=\"\" src=\"http:\/\/vereinigung-professioneller-kinderfotografen.de\/blog2\/wp-content\/uploads\/2013\/09\/Schwanger-Straubing_0013.jpg\" width=\"900\" height=\"602\" \/><img decoding=\"async\" loading=\"lazy\" class=\"pp-insert-all size-full aligncenter\" alt=\"\" src=\"http:\/\/vereinigung-professioneller-kinderfotografen.de\/blog2\/wp-content\/uploads\/2013\/09\/Schwanger-Straubing_0014.jpg\" width=\"900\" height=\"902\" \/><img decoding=\"async\" loading=\"lazy\" class=\"pp-insert-all size-full aligncenter\" alt=\"\" src=\"http:\/\/vereinigung-professioneller-kinderfotografen.de\/blog2\/wp-content\/uploads\/2013\/09\/Schwanger-Straubing_0015.jpg\" width=\"900\" height=\"638\" \/><img decoding=\"async\" loading=\"lazy\" class=\"pp-insert-all size-full aligncenter\" alt=\"\" src=\"http:\/\/vereinigung-professioneller-kinderfotografen.de\/blog2\/wp-content\/uploads\/2013\/09\/Schwanger-Straubing_0016.jpg\" width=\"900\" height=\"902\" \/><\/p>\n","protected":false},"excerpt":{"rendered":"<p>Es braucht nicht viel, um sch\u00f6ne, nat\u00fcrliche, emotionale Babybauchbilder umzusetzen. Man nehme eine gro\u00dfe Portion Vertrauen in die Fotografin, sympathische Eltern voller Vorfreude, eine aufgeweckte &#8222;gro\u00dfe&#8220; Schwester, einen hellen Raum oder die Natur pur&#8230;. und viel Spa\u00df miteinander \ud83d\ude42 All diese &#8222;Zutaten&#8220; haben dazu beigetragen, dass diese wunderbaren Babybauchbilder in Straubing ( Niederbayern, n\u00e4he Deggendorf),...<\/p>\n","protected":false},"author":2,"featured_media":1770,"comment_status":"closed","ping_status":"closed","sticky":false,"template":"","format":"standard","meta":{"pp_embeds":""},"categories":[66],"tags":[106,101,102,109,108,104,107,105,103],"acf":[],"_links":{"self":[{"href":"https:\/\/vereinigung-professioneller-kinderfotografen.de\/blog2\/wp-json\/wp\/v2\/posts\/1765"}],"collection":[{"href":"https:\/\/vereinigung-professioneller-kinderfotografen.de\/blog2\/wp-json\/wp\/v2\/posts"}],"about":[{"href":"https:\/\/vereinigung-professioneller-kinderfotografen.de\/blog2\/wp-json\/wp\/v2\/types\/post"}],"author":[{"embeddable":true,"href":"https:\/\/vereinigung-professioneller-kinderfotografen.de\/blog2\/wp-json\/wp\/v2\/users\/2"}],"replies":[{"embeddable":true,"href":"https:\/\/vereinigung-professioneller-kinderfotografen.de\/blog2\/wp-json\/wp\/v2\/comments?post=1765"}],"version-history":[{"count":4,"href":"https:\/\/vereinigung-professioneller-kinderfotografen.de\/blog2\/wp-json\/wp\/v2\/posts\/1765\/revisions"}],"predecessor-version":[{"id":1785,"href":"https:\/\/vereinigung-professioneller-kinderfotografen.de\/blog2\/wp-json\/wp\/v2\/posts\/1765\/revisions\/1785"}],"wp:featuredmedia":[{"embeddable":true,"href":"https:\/\/vereinigung-professioneller-kinderfotografen.de\/blog2\/wp-json\/wp\/v2\/media\/1770"}],"wp:attachment":[{"href":"https:\/\/vereinigung-professioneller-kinderfotografen.de\/blog2\/wp-json\/wp\/v2\/media?parent=1765"}],"wp:term":[{"taxonomy":"category","embeddable":true,"href":"https:\/\/vereinigung-professioneller-kinderfotografen.de\/blog2\/wp-json\/wp\/v2\/categories?post=1765"},{"taxonomy":"post_tag","embeddable":true,"href":"https:\/\/vereinigung-professioneller-kinderfotografen.de\/blog2\/wp-json\/wp\/v2\/tags?post=1765"}],"curies":[{"name":"wp","href":"https:\/\/api.w.org\/{rel}","templated":true}]}}