{"id":1754,"date":"2013-09-04T22:01:44","date_gmt":"2013-09-04T20:01:44","guid":{"rendered":"http:\/\/vereinigung-professioneller-kinderfotografen.de\/blog2\/?p=1754"},"modified":"2014-05-02T13:44:31","modified_gmt":"2014-05-02T11:44:31","slug":"newborn-nelia-babyfotograf-niederrhein-und-zollernalb","status":"publish","type":"post","link":"https:\/\/vereinigung-professioneller-kinderfotografen.de\/blog2\/newborn-nelia-babyfotograf-niederrhein-und-zollernalb\/","title":{"rendered":"Newborn Nelia | (Babyfotograf Niederrhein und Zollernalb)"},"content":{"rendered":"<h3>Neulich war die kleine Nelia bei mir. Schlafend und niedlich. Klar, was sonst? \ud83d\ude42<\/h3>\n<p>8 Tage jung war sie, als ihre Eltern mit ihr zu mir kamen. Immer wieder sch\u00f6n zu sehen, wenn die Eltern auch mal eine Auszeit haben und einfach nur gl\u00fccklich zuschauen brauchen. \ud83d\ude42<\/p>\n<p>Mehr Bilder gibt es immer auf meinem blog: <a title=\"Der Babyfl\u00fcsterer Stefan Redel - Babyfotograf Niederrhein und Zollernalbkreis\" href=\"http:\/\/www.derbabyfluesterer.de\" target=\"_blank\">www.derbabyfluesterer.de<\/a><\/p>\n<p>Noch wohne ich hier im Schwabenland auf der Zollernalb, aber ab irgendwann im Dezember bin ich am Niederrhein zu Hause. Momentan visiere ich Kleve an. Das ist dann bei Goch. Kevelear, Xanten. Und im Umkreis bis zu einer Fahrstunde sind Kalkar, Rees, Coesfeld, Bocholt, Dinslaken, Wesel, Hamminkeln, Kamp-Lintfort, Geldern, Duisburg, D\u00fcsseldorf, Dortmund, Willich, Nettetal, Emmerich am Rhein, Essen, Oberhausen, Krefeld, Kempen, Viersen, M\u00f6nchengladbach oder auch Nijmegen, Arnhem und auch noch Eindhoven auf niederl\u00e4ndischer Seite. Ich halte Euch auf dem Laufenden.<\/p>\n<p>Genug von mir, jetzt ist Nelia der kleine Star:<\/p>\n<p><img decoding=\"async\" loading=\"lazy\" class=\"pp-insert-all size-full aligncenter\" alt=\"\" src=\"http:\/\/vereinigung-professioneller-kinderfotografen.de\/blog2\/wp-content\/uploads\/2013\/09\/www.derbabyfluesterer.de_130722_23.jpg\" width=\"896\" height=\"597\" \/><img decoding=\"async\" loading=\"lazy\" class=\"pp-insert-all size-full aligncenter\" alt=\"\" src=\"http:\/\/vereinigung-professioneller-kinderfotografen.de\/blog2\/wp-content\/uploads\/2013\/09\/www.derbabyfluesterer.de_130722_03.jpg\" width=\"896\" height=\"597\" \/><img decoding=\"async\" loading=\"lazy\" class=\"pp-insert-all size-full aligncenter\" alt=\"\" src=\"http:\/\/vereinigung-professioneller-kinderfotografen.de\/blog2\/wp-content\/uploads\/2013\/09\/www.derbabyfluesterer.de_130722_11.jpg\" width=\"896\" height=\"597\" \/><img decoding=\"async\" loading=\"lazy\" class=\"pp-insert-all size-full aligncenter\" alt=\"\" src=\"http:\/\/vereinigung-professioneller-kinderfotografen.de\/blog2\/wp-content\/uploads\/2013\/09\/www.derbabyfluesterer.de_130722_16.jpg\" width=\"896\" height=\"597\" \/><img decoding=\"async\" loading=\"lazy\" class=\"pp-insert-all size-full aligncenter\" alt=\"\" src=\"http:\/\/vereinigung-professioneller-kinderfotografen.de\/blog2\/wp-content\/uploads\/2013\/09\/www.derbabyfluesterer.de_130722_50.jpg\" width=\"433\" height=\"650\" \/><img decoding=\"async\" loading=\"lazy\" class=\"pp-insert-all size-full aligncenter\" alt=\"\" src=\"http:\/\/vereinigung-professioneller-kinderfotografen.de\/blog2\/wp-content\/uploads\/2013\/09\/www.derbabyfluesterer.de_130722_41.jpg\" width=\"896\" height=\"597\" \/><img decoding=\"async\" loading=\"lazy\" class=\"pp-insert-all size-full aligncenter\" alt=\"\" src=\"http:\/\/vereinigung-professioneller-kinderfotografen.de\/blog2\/wp-content\/uploads\/2013\/09\/www.derbabyfluesterer.de_130722_35.jpg\" width=\"896\" height=\"597\" \/><img decoding=\"async\" loading=\"lazy\" class=\"pp-insert-all size-full aligncenter\" alt=\"\" src=\"http:\/\/vereinigung-professioneller-kinderfotografen.de\/blog2\/wp-content\/uploads\/2013\/09\/www.derbabyfluesterer.de_130722_12.jpg\" width=\"896\" height=\"597\" \/><img decoding=\"async\" loading=\"lazy\" class=\"pp-insert-all size-full aligncenter\" alt=\"\" src=\"http:\/\/vereinigung-professioneller-kinderfotografen.de\/blog2\/wp-content\/uploads\/2013\/09\/www.derbabyfluesterer.de_130722_37.jpg\" width=\"896\" height=\"597\" \/><\/p>\n","protected":false},"excerpt":{"rendered":"<p>Neulich war die kleine Nelia bei mir. Schlafend und niedlich. Klar, was sonst? \ud83d\ude42 8 Tage jung war sie, als ihre Eltern mit ihr zu mir kamen. Immer wieder sch\u00f6n zu sehen, wenn die Eltern auch mal eine Auszeit haben und einfach nur gl\u00fccklich zuschauen brauchen. \ud83d\ude42 Mehr Bilder gibt es immer auf meinem blog:...<\/p>\n","protected":false},"author":2,"featured_media":1759,"comment_status":"closed","ping_status":"closed","sticky":false,"template":"","format":"standard","meta":{"pp_embeds":""},"categories":[41],"tags":[96,98,24,10,11,29,36,15,25,27,37,38,655,97,99,100],"acf":[],"_links":{"self":[{"href":"https:\/\/vereinigung-professioneller-kinderfotografen.de\/blog2\/wp-json\/wp\/v2\/posts\/1754"}],"collection":[{"href":"https:\/\/vereinigung-professioneller-kinderfotografen.de\/blog2\/wp-json\/wp\/v2\/posts"}],"about":[{"href":"https:\/\/vereinigung-professioneller-kinderfotografen.de\/blog2\/wp-json\/wp\/v2\/types\/post"}],"author":[{"embeddable":true,"href":"https:\/\/vereinigung-professioneller-kinderfotografen.de\/blog2\/wp-json\/wp\/v2\/users\/2"}],"replies":[{"embeddable":true,"href":"https:\/\/vereinigung-professioneller-kinderfotografen.de\/blog2\/wp-json\/wp\/v2\/comments?post=1754"}],"version-history":[{"count":1,"href":"https:\/\/vereinigung-professioneller-kinderfotografen.de\/blog2\/wp-json\/wp\/v2\/posts\/1754\/revisions"}],"predecessor-version":[{"id":1764,"href":"https:\/\/vereinigung-professioneller-kinderfotografen.de\/blog2\/wp-json\/wp\/v2\/posts\/1754\/revisions\/1764"}],"wp:featuredmedia":[{"embeddable":true,"href":"https:\/\/vereinigung-professioneller-kinderfotografen.de\/blog2\/wp-json\/wp\/v2\/media\/1759"}],"wp:attachment":[{"href":"https:\/\/vereinigung-professioneller-kinderfotografen.de\/blog2\/wp-json\/wp\/v2\/media?parent=1754"}],"wp:term":[{"taxonomy":"category","embeddable":true,"href":"https:\/\/vereinigung-professioneller-kinderfotografen.de\/blog2\/wp-json\/wp\/v2\/categories?post=1754"},{"taxonomy":"post_tag","embeddable":true,"href":"https:\/\/vereinigung-professioneller-kinderfotografen.de\/blog2\/wp-json\/wp\/v2\/tags?post=1754"}],"curies":[{"name":"wp","href":"https:\/\/api.w.org\/{rel}","templated":true}]}}