{"id":1640,"date":"2013-08-28T08:43:51","date_gmt":"2013-08-28T06:43:51","guid":{"rendered":"http:\/\/vereinigung-professioneller-kinderfotografen.de\/blog2\/?p=1640"},"modified":"2014-05-02T13:28:53","modified_gmt":"2014-05-02T11:28:53","slug":"babyphotos-mit-merle-aus-potsdam-doreen-schaldach-fotografie","status":"publish","type":"post","link":"https:\/\/vereinigung-professioneller-kinderfotografen.de\/blog2\/babyphotos-mit-merle-aus-potsdam-doreen-schaldach-fotografie\/","title":{"rendered":"Babyphotos mit Merle aus Potsdam &#8211; Doreen Schaldach Fotografie"},"content":{"rendered":"<p>&#8230;in Potsdam gibt es ein h\u00fcbsches Baby mehr&#8230;die s\u00fc\u00dfe Merle&#8230;und nat\u00fcrlich habe ich von ihr wundersch\u00f6ne Babyphotos in meinem Fotostudio in Potsdam gezaubert&#8230;seht selbst \ud83d\ude09<\/p>\n<p style=\"text-align: center\"><img decoding=\"async\" loading=\"lazy\" class=\"aligncenter size-full wp-image-1641\" title=\"fotostudio potsdam,photograph potsdam,fotostudio berlin,fotograf berlin,babyfotos\" alt=\"\" src=\"http:\/\/vereinigung-professioneller-kinderfotografen.de\/blog2\/wp-content\/uploads\/2013\/08\/01-copy.jpg\" width=\"873\" height=\"618\" srcset=\"https:\/\/vereinigung-professioneller-kinderfotografen.de\/blog2\/wp-content\/uploads\/2013\/08\/01-copy.jpg 873w, https:\/\/vereinigung-professioneller-kinderfotografen.de\/blog2\/wp-content\/uploads\/2013\/08\/01-copy-300x212.jpg 300w\" sizes=\"(max-width: 873px) 100vw, 873px\" \/><img decoding=\"async\" loading=\"lazy\" class=\"aligncenter size-full wp-image-1646\" title=\"fotostudio potsdam,photograph potsdam,fotostudio berlin,fotograf berlin,babybilder\" alt=\"\" src=\"http:\/\/vereinigung-professioneller-kinderfotografen.de\/blog2\/wp-content\/uploads\/2013\/08\/09-copy.jpg\" width=\"873\" height=\"618\" srcset=\"https:\/\/vereinigung-professioneller-kinderfotografen.de\/blog2\/wp-content\/uploads\/2013\/08\/09-copy.jpg 873w, https:\/\/vereinigung-professioneller-kinderfotografen.de\/blog2\/wp-content\/uploads\/2013\/08\/09-copy-300x212.jpg 300w\" sizes=\"(max-width: 873px) 100vw, 873px\" \/><img decoding=\"async\" loading=\"lazy\" class=\"aligncenter size-full wp-image-1649\" title=\"fotostudio potsdam,photograph potsdam,fotostudio berlin,fotograf berlin,hebamme berlin\" alt=\"\" src=\"http:\/\/vereinigung-professioneller-kinderfotografen.de\/blog2\/wp-content\/uploads\/2013\/08\/13-copy.jpg\" width=\"873\" height=\"618\" srcset=\"https:\/\/vereinigung-professioneller-kinderfotografen.de\/blog2\/wp-content\/uploads\/2013\/08\/13-copy.jpg 873w, https:\/\/vereinigung-professioneller-kinderfotografen.de\/blog2\/wp-content\/uploads\/2013\/08\/13-copy-300x212.jpg 300w\" sizes=\"(max-width: 873px) 100vw, 873px\" \/><img decoding=\"async\" loading=\"lazy\" class=\"aligncenter size-full wp-image-1644\" title=\"fotostudio potsdam,photograph potsdam,fotostudio berlin,fotograf berlin,babyfotos,neugeborenenbilder\" alt=\"\" src=\"http:\/\/vereinigung-professioneller-kinderfotografen.de\/blog2\/wp-content\/uploads\/2013\/08\/04-copy.jpg\" width=\"873\" height=\"618\" srcset=\"https:\/\/vereinigung-professioneller-kinderfotografen.de\/blog2\/wp-content\/uploads\/2013\/08\/04-copy.jpg 873w, https:\/\/vereinigung-professioneller-kinderfotografen.de\/blog2\/wp-content\/uploads\/2013\/08\/04-copy-300x212.jpg 300w\" sizes=\"(max-width: 873px) 100vw, 873px\" \/><img decoding=\"async\" loading=\"lazy\" class=\"aligncenter size-full wp-image-1648\" title=\"fotostudio potsdam,photograph potsdam,fotostudio berlin,fotograf berlin,babyfotos\" alt=\"\" src=\"http:\/\/vereinigung-professioneller-kinderfotografen.de\/blog2\/wp-content\/uploads\/2013\/08\/12-copy.jpg\" width=\"873\" height=\"618\" srcset=\"https:\/\/vereinigung-professioneller-kinderfotografen.de\/blog2\/wp-content\/uploads\/2013\/08\/12-copy.jpg 873w, https:\/\/vereinigung-professioneller-kinderfotografen.de\/blog2\/wp-content\/uploads\/2013\/08\/12-copy-300x212.jpg 300w\" sizes=\"(max-width: 873px) 100vw, 873px\" \/><img decoding=\"async\" loading=\"lazy\" class=\"aligncenter size-full wp-image-1642\" alt=\"\" src=\"http:\/\/vereinigung-professioneller-kinderfotografen.de\/blog2\/wp-content\/uploads\/2013\/08\/02-copy.jpg\" width=\"873\" height=\"618\" srcset=\"https:\/\/vereinigung-professioneller-kinderfotografen.de\/blog2\/wp-content\/uploads\/2013\/08\/02-copy.jpg 873w, https:\/\/vereinigung-professioneller-kinderfotografen.de\/blog2\/wp-content\/uploads\/2013\/08\/02-copy-300x212.jpg 300w\" sizes=\"(max-width: 873px) 100vw, 873px\" \/><img decoding=\"async\" loading=\"lazy\" class=\"aligncenter size-full wp-image-1643\" alt=\"\" src=\"http:\/\/vereinigung-professioneller-kinderfotografen.de\/blog2\/wp-content\/uploads\/2013\/08\/03-copy.jpg\" width=\"873\" height=\"618\" srcset=\"https:\/\/vereinigung-professioneller-kinderfotografen.de\/blog2\/wp-content\/uploads\/2013\/08\/03-copy.jpg 873w, https:\/\/vereinigung-professioneller-kinderfotografen.de\/blog2\/wp-content\/uploads\/2013\/08\/03-copy-300x212.jpg 300w\" sizes=\"(max-width: 873px) 100vw, 873px\" \/><img decoding=\"async\" loading=\"lazy\" class=\"aligncenter size-full wp-image-1647\" alt=\"\" src=\"http:\/\/vereinigung-professioneller-kinderfotografen.de\/blog2\/wp-content\/uploads\/2013\/08\/10-copy.jpg\" width=\"873\" height=\"618\" srcset=\"https:\/\/vereinigung-professioneller-kinderfotografen.de\/blog2\/wp-content\/uploads\/2013\/08\/10-copy.jpg 873w, https:\/\/vereinigung-professioneller-kinderfotografen.de\/blog2\/wp-content\/uploads\/2013\/08\/10-copy-300x212.jpg 300w\" sizes=\"(max-width: 873px) 100vw, 873px\" \/><\/p>\n","protected":false},"excerpt":{"rendered":"<p>&#8230;in Potsdam gibt es ein h\u00fcbsches Baby mehr&#8230;die s\u00fc\u00dfe Merle&#8230;und nat\u00fcrlich habe ich von ihr wundersch\u00f6ne Babyphotos in meinem Fotostudio in Potsdam gezaubert&#8230;seht selbst \ud83d\ude09<\/p>\n","protected":false},"author":2,"featured_media":0,"comment_status":"closed","ping_status":"closed","sticky":false,"template":"","format":"standard","meta":{"pp_embeds":""},"categories":[373],"tags":[14,12,24,10,16,11,6,8,9,26,15,25,80],"acf":[],"_links":{"self":[{"href":"https:\/\/vereinigung-professioneller-kinderfotografen.de\/blog2\/wp-json\/wp\/v2\/posts\/1640"}],"collection":[{"href":"https:\/\/vereinigung-professioneller-kinderfotografen.de\/blog2\/wp-json\/wp\/v2\/posts"}],"about":[{"href":"https:\/\/vereinigung-professioneller-kinderfotografen.de\/blog2\/wp-json\/wp\/v2\/types\/post"}],"author":[{"embeddable":true,"href":"https:\/\/vereinigung-professioneller-kinderfotografen.de\/blog2\/wp-json\/wp\/v2\/users\/2"}],"replies":[{"embeddable":true,"href":"https:\/\/vereinigung-professioneller-kinderfotografen.de\/blog2\/wp-json\/wp\/v2\/comments?post=1640"}],"version-history":[{"count":1,"href":"https:\/\/vereinigung-professioneller-kinderfotografen.de\/blog2\/wp-json\/wp\/v2\/posts\/1640\/revisions"}],"predecessor-version":[{"id":1650,"href":"https:\/\/vereinigung-professioneller-kinderfotografen.de\/blog2\/wp-json\/wp\/v2\/posts\/1640\/revisions\/1650"}],"wp:attachment":[{"href":"https:\/\/vereinigung-professioneller-kinderfotografen.de\/blog2\/wp-json\/wp\/v2\/media?parent=1640"}],"wp:term":[{"taxonomy":"category","embeddable":true,"href":"https:\/\/vereinigung-professioneller-kinderfotografen.de\/blog2\/wp-json\/wp\/v2\/categories?post=1640"},{"taxonomy":"post_tag","embeddable":true,"href":"https:\/\/vereinigung-professioneller-kinderfotografen.de\/blog2\/wp-json\/wp\/v2\/tags?post=1640"}],"curies":[{"name":"wp","href":"https:\/\/api.w.org\/{rel}","templated":true}]}}