{"id":1585,"date":"2013-08-21T00:33:10","date_gmt":"2013-08-20T22:33:10","guid":{"rendered":"http:\/\/vereinigung-professioneller-kinderfotografen.de\/blog2\/?p=1585"},"modified":"2014-05-03T09:10:35","modified_gmt":"2014-05-03T07:10:35","slug":"babyfotografie-in-paderborn-i-till","status":"publish","type":"post","link":"https:\/\/vereinigung-professioneller-kinderfotografen.de\/blog2\/babyfotografie-in-paderborn-i-till\/","title":{"rendered":"Babyfotografie in Paderborn &#8211; Till &#8211; Wynn Photodesign &#8211; Freya Mertens Boese"},"content":{"rendered":"<p>Der kleine Till war mit ganzen sieben Tagen in meinem Studio in Salzkotten Scharmede zum ersten Fotoshooting und er war sooooooo neugierig auf alles, da\u00df er kaum ein Auge zu gemacht hat. Aber als gewissenhafte Fotografin mu\u00df man den Finger nur permanent am Ausl\u00f6ser haben, dann erwischt man die kleinen neugierigen L\u00fcmmel auch, wenn sie mal f\u00fcr den Zeitraum eines Schmetterlingfl\u00fcgelschlags die \u00c4uglein schlie\u00dfen \ud83d\ude42<\/p>\n<p><img decoding=\"async\" loading=\"lazy\" class=\"aligncenter size-full wp-image-1586\" src=\"http:\/\/vereinigung-professioneller-kinderfotografen.de\/blog2\/wp-content\/uploads\/2013\/08\/Babyfotos-Paderborn1.jpg\" alt=\"Neugeborenenfotos in Paderborn\" width=\"900\" height=\"700\" srcset=\"https:\/\/vereinigung-professioneller-kinderfotografen.de\/blog2\/wp-content\/uploads\/2013\/08\/Babyfotos-Paderborn1.jpg 900w, https:\/\/vereinigung-professioneller-kinderfotografen.de\/blog2\/wp-content\/uploads\/2013\/08\/Babyfotos-Paderborn1-300x233.jpg 300w\" sizes=\"(max-width: 900px) 100vw, 900px\" \/><img decoding=\"async\" loading=\"lazy\" class=\"aligncenter size-full wp-image-1587\" src=\"http:\/\/vereinigung-professioneller-kinderfotografen.de\/blog2\/wp-content\/uploads\/2013\/08\/Babyfotos-Paderborn-7.jpg\" alt=\"entspannte Neugeborenenfotografie\" width=\"900\" height=\"700\" srcset=\"https:\/\/vereinigung-professioneller-kinderfotografen.de\/blog2\/wp-content\/uploads\/2013\/08\/Babyfotos-Paderborn-7.jpg 900w, https:\/\/vereinigung-professioneller-kinderfotografen.de\/blog2\/wp-content\/uploads\/2013\/08\/Babyfotos-Paderborn-7-300x233.jpg 300w\" sizes=\"(max-width: 900px) 100vw, 900px\" \/><img decoding=\"async\" loading=\"lazy\" class=\"aligncenter size-full wp-image-1588\" src=\"http:\/\/vereinigung-professioneller-kinderfotografen.de\/blog2\/wp-content\/uploads\/2013\/08\/Babyfotos-Paderborn-6.jpg\" alt=\"zeitlose Babyfotos\" width=\"900\" height=\"700\" srcset=\"https:\/\/vereinigung-professioneller-kinderfotografen.de\/blog2\/wp-content\/uploads\/2013\/08\/Babyfotos-Paderborn-6.jpg 900w, https:\/\/vereinigung-professioneller-kinderfotografen.de\/blog2\/wp-content\/uploads\/2013\/08\/Babyfotos-Paderborn-6-300x233.jpg 300w\" sizes=\"(max-width: 900px) 100vw, 900px\" \/><img decoding=\"async\" loading=\"lazy\" class=\"aligncenter size-full wp-image-1589\" src=\"http:\/\/vereinigung-professioneller-kinderfotografen.de\/blog2\/wp-content\/uploads\/2013\/08\/Babyfotos-Paderborn2.jpg\" alt=\"waches Baby\" width=\"900\" height=\"700\" srcset=\"https:\/\/vereinigung-professioneller-kinderfotografen.de\/blog2\/wp-content\/uploads\/2013\/08\/Babyfotos-Paderborn2.jpg 900w, https:\/\/vereinigung-professioneller-kinderfotografen.de\/blog2\/wp-content\/uploads\/2013\/08\/Babyfotos-Paderborn2-300x233.jpg 300w\" sizes=\"(max-width: 900px) 100vw, 900px\" \/><img decoding=\"async\" loading=\"lazy\" class=\"aligncenter size-full wp-image-1590\" src=\"http:\/\/vereinigung-professioneller-kinderfotografen.de\/blog2\/wp-content\/uploads\/2013\/08\/Babyfotos-Paderborn3.jpg\" alt=\"professionelle Babyfotografie im Fotostudio\" width=\"900\" height=\"700\" srcset=\"https:\/\/vereinigung-professioneller-kinderfotografen.de\/blog2\/wp-content\/uploads\/2013\/08\/Babyfotos-Paderborn3.jpg 900w, https:\/\/vereinigung-professioneller-kinderfotografen.de\/blog2\/wp-content\/uploads\/2013\/08\/Babyfotos-Paderborn3-300x233.jpg 300w\" sizes=\"(max-width: 900px) 100vw, 900px\" \/><img decoding=\"async\" loading=\"lazy\" class=\"aligncenter size-full wp-image-1591\" src=\"http:\/\/vereinigung-professioneller-kinderfotografen.de\/blog2\/wp-content\/uploads\/2013\/08\/Babyfotos-Paderborn4.jpg\" alt=\"moderne Babyfotos\" width=\"900\" height=\"700\" srcset=\"https:\/\/vereinigung-professioneller-kinderfotografen.de\/blog2\/wp-content\/uploads\/2013\/08\/Babyfotos-Paderborn4.jpg 900w, https:\/\/vereinigung-professioneller-kinderfotografen.de\/blog2\/wp-content\/uploads\/2013\/08\/Babyfotos-Paderborn4-300x233.jpg 300w\" sizes=\"(max-width: 900px) 100vw, 900px\" \/><img decoding=\"async\" loading=\"lazy\" class=\"aligncenter size-full wp-image-1592\" src=\"http:\/\/vereinigung-professioneller-kinderfotografen.de\/blog2\/wp-content\/uploads\/2013\/08\/Babyfotos-Paderborn-5.jpg\" alt=\"Babylippen\" width=\"900\" height=\"700\" srcset=\"https:\/\/vereinigung-professioneller-kinderfotografen.de\/blog2\/wp-content\/uploads\/2013\/08\/Babyfotos-Paderborn-5.jpg 900w, https:\/\/vereinigung-professioneller-kinderfotografen.de\/blog2\/wp-content\/uploads\/2013\/08\/Babyfotos-Paderborn-5-300x233.jpg 300w\" sizes=\"(max-width: 900px) 100vw, 900px\" \/><img decoding=\"async\" loading=\"lazy\" class=\"aligncenter size-full wp-image-1593\" src=\"http:\/\/vereinigung-professioneller-kinderfotografen.de\/blog2\/wp-content\/uploads\/2013\/08\/Babyfotos-Paderborn-8.jpg\" alt=\"Babyf\u00fcsschen\" width=\"900\" height=\"700\" srcset=\"https:\/\/vereinigung-professioneller-kinderfotografen.de\/blog2\/wp-content\/uploads\/2013\/08\/Babyfotos-Paderborn-8.jpg 900w, https:\/\/vereinigung-professioneller-kinderfotografen.de\/blog2\/wp-content\/uploads\/2013\/08\/Babyfotos-Paderborn-8-300x233.jpg 300w\" sizes=\"(max-width: 900px) 100vw, 900px\" \/><img decoding=\"async\" loading=\"lazy\" class=\"aligncenter size-full wp-image-1594\" src=\"http:\/\/vereinigung-professioneller-kinderfotografen.de\/blog2\/wp-content\/uploads\/2013\/08\/Babyfotos-Paderborn-9.jpg\" alt=\"wundervolle Babyfotos in Paderborn\" width=\"900\" height=\"700\" srcset=\"https:\/\/vereinigung-professioneller-kinderfotografen.de\/blog2\/wp-content\/uploads\/2013\/08\/Babyfotos-Paderborn-9.jpg 900w, https:\/\/vereinigung-professioneller-kinderfotografen.de\/blog2\/wp-content\/uploads\/2013\/08\/Babyfotos-Paderborn-9-300x233.jpg 300w\" sizes=\"(max-width: 900px) 100vw, 900px\" \/><\/p>\n","protected":false},"excerpt":{"rendered":"<p>Der kleine Till war mit ganzen sieben Tagen in meinem Studio in Salzkotten Scharmede zum ersten Fotoshooting und er war sooooooo neugierig auf alles, da\u00df er kaum ein Auge zu gemacht hat. Aber als gewissenhafte Fotografin mu\u00df man den Finger nur permanent am Ausl\u00f6ser haben, dann erwischt man die kleinen neugierigen L\u00fcmmel auch, wenn sie...<\/p>\n","protected":false},"author":2,"featured_media":1587,"comment_status":"closed","ping_status":"closed","sticky":false,"template":"","format":"standard","meta":{"pp_embeds":""},"categories":[375],"tags":[10,11,15,71,25,69,70],"acf":[],"_links":{"self":[{"href":"https:\/\/vereinigung-professioneller-kinderfotografen.de\/blog2\/wp-json\/wp\/v2\/posts\/1585"}],"collection":[{"href":"https:\/\/vereinigung-professioneller-kinderfotografen.de\/blog2\/wp-json\/wp\/v2\/posts"}],"about":[{"href":"https:\/\/vereinigung-professioneller-kinderfotografen.de\/blog2\/wp-json\/wp\/v2\/types\/post"}],"author":[{"embeddable":true,"href":"https:\/\/vereinigung-professioneller-kinderfotografen.de\/blog2\/wp-json\/wp\/v2\/users\/2"}],"replies":[{"embeddable":true,"href":"https:\/\/vereinigung-professioneller-kinderfotografen.de\/blog2\/wp-json\/wp\/v2\/comments?post=1585"}],"version-history":[{"count":3,"href":"https:\/\/vereinigung-professioneller-kinderfotografen.de\/blog2\/wp-json\/wp\/v2\/posts\/1585\/revisions"}],"predecessor-version":[{"id":3680,"href":"https:\/\/vereinigung-professioneller-kinderfotografen.de\/blog2\/wp-json\/wp\/v2\/posts\/1585\/revisions\/3680"}],"wp:featuredmedia":[{"embeddable":true,"href":"https:\/\/vereinigung-professioneller-kinderfotografen.de\/blog2\/wp-json\/wp\/v2\/media\/1587"}],"wp:attachment":[{"href":"https:\/\/vereinigung-professioneller-kinderfotografen.de\/blog2\/wp-json\/wp\/v2\/media?parent=1585"}],"wp:term":[{"taxonomy":"category","embeddable":true,"href":"https:\/\/vereinigung-professioneller-kinderfotografen.de\/blog2\/wp-json\/wp\/v2\/categories?post=1585"},{"taxonomy":"post_tag","embeddable":true,"href":"https:\/\/vereinigung-professioneller-kinderfotografen.de\/blog2\/wp-json\/wp\/v2\/tags?post=1585"}],"curies":[{"name":"wp","href":"https:\/\/api.w.org\/{rel}","templated":true}]}}