{"id":1550,"date":"2013-08-31T10:47:49","date_gmt":"2013-08-31T08:47:49","guid":{"rendered":"http:\/\/vereinigung-professioneller-kinderfotografen.de\/blog2\/?p=1550"},"modified":"2014-05-02T14:21:17","modified_gmt":"2014-05-02T12:21:17","slug":"geschwister-am-wasser-kinderfotografie-am-wasser","status":"publish","type":"post","link":"https:\/\/vereinigung-professioneller-kinderfotografen.de\/blog2\/geschwister-am-wasser-kinderfotografie-am-wasser\/","title":{"rendered":"Geschwister am Wasser | Kinderfotografie am See"},"content":{"rendered":"<p>Diese drei Geschwister habe ich mit ihrer Mama zum Shooting an den Maschsee begleitet. In perfekter Sonnenuntergangsstimmung hatten wir eine Menge Spa\u00df auf dem Steg und sp\u00e4ter im Wasser.<\/p>\n<p>Die sch\u00f6nsten Kinderfotos entstehen wenn die Kinder Spa\u00df haben und welches Kind kann schon einem wundersch\u00f6nen See im Sommer widerstehen?<\/p>\n<p><img decoding=\"async\" loading=\"lazy\" class=\"pp-insert-all size-full aligncenter\" src=\"http:\/\/vereinigung-professioneller-kinderfotografen.de\/blog2\/wp-content\/uploads\/2013\/08\/Kinderfotograf_Hannover_Natur.jpg\" alt=\"\" width=\"1200\" height=\"1200\" \/><img decoding=\"async\" loading=\"lazy\" class=\"pp-insert-all size-full aligncenter\" src=\"http:\/\/vereinigung-professioneller-kinderfotografen.de\/blog2\/wp-content\/uploads\/2013\/08\/Kinderfotografie_am_See.jpg\" alt=\"\" width=\"1200\" height=\"1200\" \/><img decoding=\"async\" loading=\"lazy\" class=\"pp-insert-all size-full aligncenter\" src=\"http:\/\/vereinigung-professioneller-kinderfotografen.de\/blog2\/wp-content\/uploads\/2013\/08\/Kinderfotos_am_Maschsee_.jpg\" alt=\"\" width=\"1200\" height=\"1200\" \/><\/p>\n","protected":false},"excerpt":{"rendered":"<p>Diese drei Geschwister habe ich mit ihrer Mama zum Shooting an den Maschsee begleitet. In perfekter Sonnenuntergangsstimmung hatten wir eine Menge Spa\u00df auf dem Steg und sp\u00e4ter im Wasser. Die sch\u00f6nsten Kinderfotos entstehen wenn die Kinder Spa\u00df haben und welches Kind kann schon einem wundersch\u00f6nen See im Sommer widerstehen?<\/p>\n","protected":false},"author":2,"featured_media":1553,"comment_status":"closed","ping_status":"closed","sticky":false,"template":"","format":"standard","meta":{"pp_embeds":""},"categories":[383],"tags":[61,59,58,45,44,60],"acf":[],"_links":{"self":[{"href":"https:\/\/vereinigung-professioneller-kinderfotografen.de\/blog2\/wp-json\/wp\/v2\/posts\/1550"}],"collection":[{"href":"https:\/\/vereinigung-professioneller-kinderfotografen.de\/blog2\/wp-json\/wp\/v2\/posts"}],"about":[{"href":"https:\/\/vereinigung-professioneller-kinderfotografen.de\/blog2\/wp-json\/wp\/v2\/types\/post"}],"author":[{"embeddable":true,"href":"https:\/\/vereinigung-professioneller-kinderfotografen.de\/blog2\/wp-json\/wp\/v2\/users\/2"}],"replies":[{"embeddable":true,"href":"https:\/\/vereinigung-professioneller-kinderfotografen.de\/blog2\/wp-json\/wp\/v2\/comments?post=1550"}],"version-history":[{"count":6,"href":"https:\/\/vereinigung-professioneller-kinderfotografen.de\/blog2\/wp-json\/wp\/v2\/posts\/1550\/revisions"}],"predecessor-version":[{"id":3568,"href":"https:\/\/vereinigung-professioneller-kinderfotografen.de\/blog2\/wp-json\/wp\/v2\/posts\/1550\/revisions\/3568"}],"wp:featuredmedia":[{"embeddable":true,"href":"https:\/\/vereinigung-professioneller-kinderfotografen.de\/blog2\/wp-json\/wp\/v2\/media\/1553"}],"wp:attachment":[{"href":"https:\/\/vereinigung-professioneller-kinderfotografen.de\/blog2\/wp-json\/wp\/v2\/media?parent=1550"}],"wp:term":[{"taxonomy":"category","embeddable":true,"href":"https:\/\/vereinigung-professioneller-kinderfotografen.de\/blog2\/wp-json\/wp\/v2\/categories?post=1550"},{"taxonomy":"post_tag","embeddable":true,"href":"https:\/\/vereinigung-professioneller-kinderfotografen.de\/blog2\/wp-json\/wp\/v2\/tags?post=1550"}],"curies":[{"name":"wp","href":"https:\/\/api.w.org\/{rel}","templated":true}]}}