{"id":15297,"date":"2020-01-29T10:00:47","date_gmt":"2020-01-29T08:00:47","guid":{"rendered":"https:\/\/vereinigung-professioneller-kinderfotografen.de\/blog2\/?p=15297"},"modified":"2020-01-21T16:03:30","modified_gmt":"2020-01-21T14:03:30","slug":"babyfotoshooting-bei-julia-sidorenkova-fotostudio-frankfurt","status":"publish","type":"post","link":"https:\/\/vereinigung-professioneller-kinderfotografen.de\/blog2\/babyfotoshooting-bei-julia-sidorenkova-fotostudio-frankfurt\/","title":{"rendered":"Babyfotoshooting bei Julia Sidorenkova | Fotostudio Frankfurt"},"content":{"rendered":"<p>Ein Fotoshooting mit dem neugeborenen Baby ist ein kleines Abenteuer f\u00fct jede Familie. Vor allem, wenn es bereits Geschwisterkinder gibt. Was f\u00fcr wundersch\u00f6ne Fotos dabei entstehen k\u00f6nnen, zeigt uns Julia Sidorenkova von <a href=\"http:\/\/www.direktpositiv.de\">Direktpositiv Fotografie<\/a>\u00a0aus Frankfurt.<\/p>\n<p><img decoding=\"async\" loading=\"lazy\" class=\"aligncenter size-large wp-image-15298\" src=\"https:\/\/vereinigung-professioneller-kinderfotografen.de\/blog2\/wp-content\/uploads\/2020\/01\/21-15297-post\/DSC5472-edit-4web-1024x683.jpg\" alt=\"\" width=\"1024\" height=\"683\" srcset=\"https:\/\/vereinigung-professioneller-kinderfotografen.de\/blog2\/wp-content\/uploads\/2020\/01\/21-15297-post\/DSC5472-edit-4web-1024x683.jpg 1024w, https:\/\/vereinigung-professioneller-kinderfotografen.de\/blog2\/wp-content\/uploads\/2020\/01\/21-15297-post\/DSC5472-edit-4web-300x200.jpg 300w, https:\/\/vereinigung-professioneller-kinderfotografen.de\/blog2\/wp-content\/uploads\/2020\/01\/21-15297-post\/DSC5472-edit-4web-768x512.jpg 768w, https:\/\/vereinigung-professioneller-kinderfotografen.de\/blog2\/wp-content\/uploads\/2020\/01\/21-15297-post\/DSC5472-edit-4web.jpg 1200w\" sizes=\"(max-width: 1024px) 100vw, 1024px\" \/><img decoding=\"async\" loading=\"lazy\" class=\"aligncenter size-large wp-image-15300\" src=\"https:\/\/vereinigung-professioneller-kinderfotografen.de\/blog2\/wp-content\/uploads\/2020\/01\/21-15297-post\/DSC5560-edit-bw-4web-1024x683.jpg\" alt=\"\" width=\"1024\" height=\"683\" srcset=\"https:\/\/vereinigung-professioneller-kinderfotografen.de\/blog2\/wp-content\/uploads\/2020\/01\/21-15297-post\/DSC5560-edit-bw-4web-1024x683.jpg 1024w, https:\/\/vereinigung-professioneller-kinderfotografen.de\/blog2\/wp-content\/uploads\/2020\/01\/21-15297-post\/DSC5560-edit-bw-4web-300x200.jpg 300w, https:\/\/vereinigung-professioneller-kinderfotografen.de\/blog2\/wp-content\/uploads\/2020\/01\/21-15297-post\/DSC5560-edit-bw-4web-768x512.jpg 768w, https:\/\/vereinigung-professioneller-kinderfotografen.de\/blog2\/wp-content\/uploads\/2020\/01\/21-15297-post\/DSC5560-edit-bw-4web.jpg 1200w\" sizes=\"(max-width: 1024px) 100vw, 1024px\" \/><img decoding=\"async\" loading=\"lazy\" class=\"aligncenter size-large wp-image-15303\" src=\"https:\/\/vereinigung-professioneller-kinderfotografen.de\/blog2\/wp-content\/uploads\/2020\/01\/21-15297-post\/DSC5644-edit-4web-1024x683.jpg\" alt=\"\" width=\"1024\" height=\"683\" srcset=\"https:\/\/vereinigung-professioneller-kinderfotografen.de\/blog2\/wp-content\/uploads\/2020\/01\/21-15297-post\/DSC5644-edit-4web-1024x683.jpg 1024w, https:\/\/vereinigung-professioneller-kinderfotografen.de\/blog2\/wp-content\/uploads\/2020\/01\/21-15297-post\/DSC5644-edit-4web-300x200.jpg 300w, https:\/\/vereinigung-professioneller-kinderfotografen.de\/blog2\/wp-content\/uploads\/2020\/01\/21-15297-post\/DSC5644-edit-4web-768x512.jpg 768w, https:\/\/vereinigung-professioneller-kinderfotografen.de\/blog2\/wp-content\/uploads\/2020\/01\/21-15297-post\/DSC5644-edit-4web.jpg 1200w\" sizes=\"(max-width: 1024px) 100vw, 1024px\" \/><img decoding=\"async\" loading=\"lazy\" class=\"aligncenter size-large wp-image-15304\" src=\"https:\/\/vereinigung-professioneller-kinderfotografen.de\/blog2\/wp-content\/uploads\/2020\/01\/21-15297-post\/DSC5732-edit-bw-4web-1024x683.jpg\" alt=\"\" width=\"1024\" height=\"683\" srcset=\"https:\/\/vereinigung-professioneller-kinderfotografen.de\/blog2\/wp-content\/uploads\/2020\/01\/21-15297-post\/DSC5732-edit-bw-4web-1024x683.jpg 1024w, https:\/\/vereinigung-professioneller-kinderfotografen.de\/blog2\/wp-content\/uploads\/2020\/01\/21-15297-post\/DSC5732-edit-bw-4web-300x200.jpg 300w, https:\/\/vereinigung-professioneller-kinderfotografen.de\/blog2\/wp-content\/uploads\/2020\/01\/21-15297-post\/DSC5732-edit-bw-4web-768x512.jpg 768w, https:\/\/vereinigung-professioneller-kinderfotografen.de\/blog2\/wp-content\/uploads\/2020\/01\/21-15297-post\/DSC5732-edit-bw-4web.jpg 1200w\" sizes=\"(max-width: 1024px) 100vw, 1024px\" \/><img decoding=\"async\" loading=\"lazy\" class=\"aligncenter size-large wp-image-15299\" src=\"https:\/\/vereinigung-professioneller-kinderfotografen.de\/blog2\/wp-content\/uploads\/2020\/01\/21-15297-post\/DSC5523-edit-4web-1024x683.jpg\" alt=\"\" width=\"1024\" height=\"683\" srcset=\"https:\/\/vereinigung-professioneller-kinderfotografen.de\/blog2\/wp-content\/uploads\/2020\/01\/21-15297-post\/DSC5523-edit-4web-1024x683.jpg 1024w, https:\/\/vereinigung-professioneller-kinderfotografen.de\/blog2\/wp-content\/uploads\/2020\/01\/21-15297-post\/DSC5523-edit-4web-300x200.jpg 300w, https:\/\/vereinigung-professioneller-kinderfotografen.de\/blog2\/wp-content\/uploads\/2020\/01\/21-15297-post\/DSC5523-edit-4web-768x512.jpg 768w, https:\/\/vereinigung-professioneller-kinderfotografen.de\/blog2\/wp-content\/uploads\/2020\/01\/21-15297-post\/DSC5523-edit-4web.jpg 1200w\" sizes=\"(max-width: 1024px) 100vw, 1024px\" \/><img decoding=\"async\" loading=\"lazy\" class=\"aligncenter size-large wp-image-15302\" src=\"https:\/\/vereinigung-professioneller-kinderfotografen.de\/blog2\/wp-content\/uploads\/2020\/01\/21-15297-post\/DSC5597-edit-4web-683x1024.jpg\" alt=\"\" width=\"683\" height=\"1024\" srcset=\"https:\/\/vereinigung-professioneller-kinderfotografen.de\/blog2\/wp-content\/uploads\/2020\/01\/21-15297-post\/DSC5597-edit-4web-683x1024.jpg 683w, https:\/\/vereinigung-professioneller-kinderfotografen.de\/blog2\/wp-content\/uploads\/2020\/01\/21-15297-post\/DSC5597-edit-4web-200x300.jpg 200w, https:\/\/vereinigung-professioneller-kinderfotografen.de\/blog2\/wp-content\/uploads\/2020\/01\/21-15297-post\/DSC5597-edit-4web-768x1152.jpg 768w, https:\/\/vereinigung-professioneller-kinderfotografen.de\/blog2\/wp-content\/uploads\/2020\/01\/21-15297-post\/DSC5597-edit-4web.jpg 800w\" sizes=\"(max-width: 683px) 100vw, 683px\" \/><img decoding=\"async\" loading=\"lazy\" class=\"aligncenter size-large wp-image-15301\" src=\"https:\/\/vereinigung-professioneller-kinderfotografen.de\/blog2\/wp-content\/uploads\/2020\/01\/21-15297-post\/DSC5585-edit-4web-1024x683.jpg\" alt=\"\" width=\"1024\" height=\"683\" srcset=\"https:\/\/vereinigung-professioneller-kinderfotografen.de\/blog2\/wp-content\/uploads\/2020\/01\/21-15297-post\/DSC5585-edit-4web-1024x683.jpg 1024w, https:\/\/vereinigung-professioneller-kinderfotografen.de\/blog2\/wp-content\/uploads\/2020\/01\/21-15297-post\/DSC5585-edit-4web-300x200.jpg 300w, https:\/\/vereinigung-professioneller-kinderfotografen.de\/blog2\/wp-content\/uploads\/2020\/01\/21-15297-post\/DSC5585-edit-4web-768x512.jpg 768w, https:\/\/vereinigung-professioneller-kinderfotografen.de\/blog2\/wp-content\/uploads\/2020\/01\/21-15297-post\/DSC5585-edit-4web.jpg 1200w\" sizes=\"(max-width: 1024px) 100vw, 1024px\" \/><img decoding=\"async\" loading=\"lazy\" class=\"aligncenter size-large wp-image-15305\" src=\"https:\/\/vereinigung-professioneller-kinderfotografen.de\/blog2\/wp-content\/uploads\/2020\/01\/21-15297-post\/DSC5764-edit-4web-1024x683.jpg\" alt=\"\" width=\"1024\" height=\"683\" srcset=\"https:\/\/vereinigung-professioneller-kinderfotografen.de\/blog2\/wp-content\/uploads\/2020\/01\/21-15297-post\/DSC5764-edit-4web-1024x683.jpg 1024w, https:\/\/vereinigung-professioneller-kinderfotografen.de\/blog2\/wp-content\/uploads\/2020\/01\/21-15297-post\/DSC5764-edit-4web-300x200.jpg 300w, https:\/\/vereinigung-professioneller-kinderfotografen.de\/blog2\/wp-content\/uploads\/2020\/01\/21-15297-post\/DSC5764-edit-4web-768x512.jpg 768w, https:\/\/vereinigung-professioneller-kinderfotografen.de\/blog2\/wp-content\/uploads\/2020\/01\/21-15297-post\/DSC5764-edit-4web.jpg 1200w\" sizes=\"(max-width: 1024px) 100vw, 1024px\" \/><img decoding=\"async\" loading=\"lazy\" class=\"aligncenter size-large wp-image-15307\" src=\"https:\/\/vereinigung-professioneller-kinderfotografen.de\/blog2\/wp-content\/uploads\/2020\/01\/21-15297-post\/DSC5803-edit-4web-1024x683.jpg\" alt=\"\" width=\"1024\" height=\"683\" srcset=\"https:\/\/vereinigung-professioneller-kinderfotografen.de\/blog2\/wp-content\/uploads\/2020\/01\/21-15297-post\/DSC5803-edit-4web-1024x683.jpg 1024w, https:\/\/vereinigung-professioneller-kinderfotografen.de\/blog2\/wp-content\/uploads\/2020\/01\/21-15297-post\/DSC5803-edit-4web-300x200.jpg 300w, https:\/\/vereinigung-professioneller-kinderfotografen.de\/blog2\/wp-content\/uploads\/2020\/01\/21-15297-post\/DSC5803-edit-4web-768x512.jpg 768w, https:\/\/vereinigung-professioneller-kinderfotografen.de\/blog2\/wp-content\/uploads\/2020\/01\/21-15297-post\/DSC5803-edit-4web.jpg 1200w\" sizes=\"(max-width: 1024px) 100vw, 1024px\" \/><img decoding=\"async\" loading=\"lazy\" class=\"aligncenter size-large wp-image-15306\" src=\"https:\/\/vereinigung-professioneller-kinderfotografen.de\/blog2\/wp-content\/uploads\/2020\/01\/21-15297-post\/DSC5771-edit-bw-4web-1024x683.jpg\" alt=\"\" width=\"1024\" height=\"683\" srcset=\"https:\/\/vereinigung-professioneller-kinderfotografen.de\/blog2\/wp-content\/uploads\/2020\/01\/21-15297-post\/DSC5771-edit-bw-4web-1024x683.jpg 1024w, https:\/\/vereinigung-professioneller-kinderfotografen.de\/blog2\/wp-content\/uploads\/2020\/01\/21-15297-post\/DSC5771-edit-bw-4web-300x200.jpg 300w, https:\/\/vereinigung-professioneller-kinderfotografen.de\/blog2\/wp-content\/uploads\/2020\/01\/21-15297-post\/DSC5771-edit-bw-4web-768x512.jpg 768w, https:\/\/vereinigung-professioneller-kinderfotografen.de\/blog2\/wp-content\/uploads\/2020\/01\/21-15297-post\/DSC5771-edit-bw-4web.jpg 1200w\" sizes=\"(max-width: 1024px) 100vw, 1024px\" \/><img decoding=\"async\" loading=\"lazy\" class=\"aligncenter size-large wp-image-15308\" src=\"https:\/\/vereinigung-professioneller-kinderfotografen.de\/blog2\/wp-content\/uploads\/2020\/01\/21-15297-post\/DSC5809-edit-4web-1024x683.jpg\" alt=\"\" width=\"1024\" height=\"683\" srcset=\"https:\/\/vereinigung-professioneller-kinderfotografen.de\/blog2\/wp-content\/uploads\/2020\/01\/21-15297-post\/DSC5809-edit-4web-1024x683.jpg 1024w, https:\/\/vereinigung-professioneller-kinderfotografen.de\/blog2\/wp-content\/uploads\/2020\/01\/21-15297-post\/DSC5809-edit-4web-300x200.jpg 300w, https:\/\/vereinigung-professioneller-kinderfotografen.de\/blog2\/wp-content\/uploads\/2020\/01\/21-15297-post\/DSC5809-edit-4web-768x512.jpg 768w, https:\/\/vereinigung-professioneller-kinderfotografen.de\/blog2\/wp-content\/uploads\/2020\/01\/21-15297-post\/DSC5809-edit-4web.jpg 1200w\" sizes=\"(max-width: 1024px) 100vw, 1024px\" \/><img decoding=\"async\" loading=\"lazy\" class=\"aligncenter size-large wp-image-15309\" src=\"https:\/\/vereinigung-professioneller-kinderfotografen.de\/blog2\/wp-content\/uploads\/2020\/01\/21-15297-post\/DSC5849-edit-4web-1024x683.jpg\" alt=\"\" width=\"1024\" height=\"683\" srcset=\"https:\/\/vereinigung-professioneller-kinderfotografen.de\/blog2\/wp-content\/uploads\/2020\/01\/21-15297-post\/DSC5849-edit-4web-1024x683.jpg 1024w, https:\/\/vereinigung-professioneller-kinderfotografen.de\/blog2\/wp-content\/uploads\/2020\/01\/21-15297-post\/DSC5849-edit-4web-300x200.jpg 300w, https:\/\/vereinigung-professioneller-kinderfotografen.de\/blog2\/wp-content\/uploads\/2020\/01\/21-15297-post\/DSC5849-edit-4web-768x512.jpg 768w, https:\/\/vereinigung-professioneller-kinderfotografen.de\/blog2\/wp-content\/uploads\/2020\/01\/21-15297-post\/DSC5849-edit-4web.jpg 1200w\" sizes=\"(max-width: 1024px) 100vw, 1024px\" \/><\/p>\n","protected":false},"excerpt":{"rendered":"<p>Ein Fotoshooting mit dem neugeborenen Baby ist ein kleines Abenteuer f\u00fct jede Familie. Vor allem, wenn es bereits Geschwisterkinder gibt. Was f\u00fcr wundersch\u00f6ne Fotos dabei entstehen k\u00f6nnen, zeigt uns Julia Sidorenkova von Direktpositiv Fotografie\u00a0aus Frankfurt.<\/p>\n","protected":false},"author":2,"featured_media":0,"comment_status":"closed","ping_status":"closed","sticky":false,"template":"","format":"standard","meta":{"pp_embeds":""},"categories":[853],"tags":[1767,843,10,1154,488,11,944,1520,1521,1522,127,188,1087,942,1429,949,1523,1768,1084,1086,1769,1770,286,1524,25,1525,1526,1527,1771,1528],"acf":[],"_links":{"self":[{"href":"https:\/\/vereinigung-professioneller-kinderfotografen.de\/blog2\/wp-json\/wp\/v2\/posts\/15297"}],"collection":[{"href":"https:\/\/vereinigung-professioneller-kinderfotografen.de\/blog2\/wp-json\/wp\/v2\/posts"}],"about":[{"href":"https:\/\/vereinigung-professioneller-kinderfotografen.de\/blog2\/wp-json\/wp\/v2\/types\/post"}],"author":[{"embeddable":true,"href":"https:\/\/vereinigung-professioneller-kinderfotografen.de\/blog2\/wp-json\/wp\/v2\/users\/2"}],"replies":[{"embeddable":true,"href":"https:\/\/vereinigung-professioneller-kinderfotografen.de\/blog2\/wp-json\/wp\/v2\/comments?post=15297"}],"version-history":[{"count":1,"href":"https:\/\/vereinigung-professioneller-kinderfotografen.de\/blog2\/wp-json\/wp\/v2\/posts\/15297\/revisions"}],"predecessor-version":[{"id":15310,"href":"https:\/\/vereinigung-professioneller-kinderfotografen.de\/blog2\/wp-json\/wp\/v2\/posts\/15297\/revisions\/15310"}],"wp:attachment":[{"href":"https:\/\/vereinigung-professioneller-kinderfotografen.de\/blog2\/wp-json\/wp\/v2\/media?parent=15297"}],"wp:term":[{"taxonomy":"category","embeddable":true,"href":"https:\/\/vereinigung-professioneller-kinderfotografen.de\/blog2\/wp-json\/wp\/v2\/categories?post=15297"},{"taxonomy":"post_tag","embeddable":true,"href":"https:\/\/vereinigung-professioneller-kinderfotografen.de\/blog2\/wp-json\/wp\/v2\/tags?post=15297"}],"curies":[{"name":"wp","href":"https:\/\/api.w.org\/{rel}","templated":true}]}}