{"id":1528,"date":"2013-08-13T22:19:15","date_gmt":"2013-08-13T20:19:15","guid":{"rendered":"http:\/\/vereinigung-professioneller-kinderfotografen.de\/blog2\/?p=1528"},"modified":"2014-05-02T14:10:29","modified_gmt":"2014-05-02T12:10:29","slug":"kindheitszauber-mit-wunderbaren-kinderfotos-in-zwonitz-im-erzgebirge","status":"publish","type":"post","link":"https:\/\/vereinigung-professioneller-kinderfotografen.de\/blog2\/kindheitszauber-mit-wunderbaren-kinderfotos-in-zwonitz-im-erzgebirge\/","title":{"rendered":"&#8222;Kindheitszauber&#8220; mit wunderbaren Kinderfotos in Zw\u00f6nitz im Erzgebirge"},"content":{"rendered":"<p>Jasmin &amp; Louis hatten das gro\u00dfe Gl\u00fcck und die Ehre, beim Fotoshooting in Zw\u00f6nitz mit kleinen Katzenbabys schmusen und kuscheln zu d\u00fcrfen. Was gibt es Sch\u00f6neres f\u00fcr kleine Kinder, als so kleine s\u00fc\u00dfe Katzenbabys z\u00e4rtlich im Arm halten zu k\u00f6nnen. Die kleinen Miezen waren zum Zeitpunkt gerade 8 Wochen alt. Da ihre Mama leider bei der Futtersuche auf einer in der N\u00e4he liegenden stark befahrenen Bundesstra\u00dfe \u00fcberfahren wurde, m\u00fcssen die Kleinen nun liebevoll mit der Flasche aufgezogen werden. \ud83d\ude41\u00a0Aber sie sind wohlauf und gedeihen gut.<br \/>\nHier ein paar wundersch\u00f6ne Fotos jetzt f\u00fcr euch. \ud83d\ude42<\/p>\n<p><img decoding=\"async\" loading=\"lazy\" class=\"pp-insert-all size-full aligncenter\" src=\"http:\/\/vereinigung-professioneller-kinderfotografen.de\/blog2\/wp-content\/uploads\/2013\/08\/033.jpg\" alt=\"\" width=\"588\" height=\"882\" \/><img decoding=\"async\" loading=\"lazy\" class=\"pp-insert-all size-full aligncenter\" src=\"http:\/\/vereinigung-professioneller-kinderfotografen.de\/blog2\/wp-content\/uploads\/2013\/08\/072.jpg\" alt=\"\" width=\"856\" height=\"629\" \/><img decoding=\"async\" loading=\"lazy\" class=\"pp-insert-all size-full aligncenter\" src=\"http:\/\/vereinigung-professioneller-kinderfotografen.de\/blog2\/wp-content\/uploads\/2013\/08\/107.jpg\" alt=\"\" width=\"856\" height=\"629\" \/><img decoding=\"async\" loading=\"lazy\" class=\"pp-insert-all size-full aligncenter\" src=\"http:\/\/vereinigung-professioneller-kinderfotografen.de\/blog2\/wp-content\/uploads\/2013\/08\/112.jpg\" alt=\"\" width=\"588\" height=\"882\" \/><img decoding=\"async\" loading=\"lazy\" class=\"pp-insert-all size-full aligncenter\" src=\"http:\/\/vereinigung-professioneller-kinderfotografen.de\/blog2\/wp-content\/uploads\/2013\/08\/121.jpg\" alt=\"\" width=\"856\" height=\"629\" \/><img decoding=\"async\" loading=\"lazy\" class=\"pp-insert-all size-full aligncenter\" src=\"http:\/\/vereinigung-professioneller-kinderfotografen.de\/blog2\/wp-content\/uploads\/2013\/08\/134.jpg\" alt=\"\" width=\"856\" height=\"629\" \/><img decoding=\"async\" loading=\"lazy\" class=\"pp-insert-all size-full aligncenter\" src=\"http:\/\/vereinigung-professioneller-kinderfotografen.de\/blog2\/wp-content\/uploads\/2013\/08\/09.jpg\" alt=\"\" width=\"588\" height=\"882\" \/><img decoding=\"async\" loading=\"lazy\" class=\"pp-insert-all size-full aligncenter\" src=\"http:\/\/vereinigung-professioneller-kinderfotografen.de\/blog2\/wp-content\/uploads\/2013\/08\/39.jpg\" alt=\"\" width=\"856\" height=\"629\" \/><img decoding=\"async\" loading=\"lazy\" class=\"pp-insert-all size-full aligncenter\" src=\"http:\/\/vereinigung-professioneller-kinderfotografen.de\/blog2\/wp-content\/uploads\/2013\/08\/47.jpg\" alt=\"\" width=\"856\" height=\"629\" \/><img decoding=\"async\" loading=\"lazy\" class=\"pp-insert-all size-full aligncenter\" src=\"http:\/\/vereinigung-professioneller-kinderfotografen.de\/blog2\/wp-content\/uploads\/2013\/08\/52.jpg\" alt=\"\" width=\"856\" height=\"629\" \/><\/p>\n","protected":false},"excerpt":{"rendered":"<p>Jasmin &amp; Louis hatten das gro\u00dfe Gl\u00fcck und die Ehre, beim Fotoshooting in Zw\u00f6nitz mit kleinen Katzenbabys schmusen und kuscheln zu d\u00fcrfen. Was gibt es Sch\u00f6neres f\u00fcr kleine Kinder, als so kleine s\u00fc\u00dfe Katzenbabys z\u00e4rtlich im Arm halten zu k\u00f6nnen. Die kleinen Miezen waren zum Zeitpunkt gerade 8 Wochen alt. Da ihre Mama leider bei...<\/p>\n","protected":false},"author":2,"featured_media":0,"comment_status":"closed","ping_status":"closed","sticky":false,"template":"","format":"standard","meta":{"pp_embeds":""},"categories":[374],"tags":[46,48,53,50,52,51,45,44,55,57,56,54,36,49,47],"acf":[],"_links":{"self":[{"href":"https:\/\/vereinigung-professioneller-kinderfotografen.de\/blog2\/wp-json\/wp\/v2\/posts\/1528"}],"collection":[{"href":"https:\/\/vereinigung-professioneller-kinderfotografen.de\/blog2\/wp-json\/wp\/v2\/posts"}],"about":[{"href":"https:\/\/vereinigung-professioneller-kinderfotografen.de\/blog2\/wp-json\/wp\/v2\/types\/post"}],"author":[{"embeddable":true,"href":"https:\/\/vereinigung-professioneller-kinderfotografen.de\/blog2\/wp-json\/wp\/v2\/users\/2"}],"replies":[{"embeddable":true,"href":"https:\/\/vereinigung-professioneller-kinderfotografen.de\/blog2\/wp-json\/wp\/v2\/comments?post=1528"}],"version-history":[{"count":12,"href":"https:\/\/vereinigung-professioneller-kinderfotografen.de\/blog2\/wp-json\/wp\/v2\/posts\/1528\/revisions"}],"predecessor-version":[{"id":3557,"href":"https:\/\/vereinigung-professioneller-kinderfotografen.de\/blog2\/wp-json\/wp\/v2\/posts\/1528\/revisions\/3557"}],"wp:attachment":[{"href":"https:\/\/vereinigung-professioneller-kinderfotografen.de\/blog2\/wp-json\/wp\/v2\/media?parent=1528"}],"wp:term":[{"taxonomy":"category","embeddable":true,"href":"https:\/\/vereinigung-professioneller-kinderfotografen.de\/blog2\/wp-json\/wp\/v2\/categories?post=1528"},{"taxonomy":"post_tag","embeddable":true,"href":"https:\/\/vereinigung-professioneller-kinderfotografen.de\/blog2\/wp-json\/wp\/v2\/tags?post=1528"}],"curies":[{"name":"wp","href":"https:\/\/api.w.org\/{rel}","templated":true}]}}