{"id":14882,"date":"2020-02-17T08:23:22","date_gmt":"2020-02-17T06:23:22","guid":{"rendered":"https:\/\/vereinigung-professioneller-kinderfotografen.de\/blog2\/?p=14882"},"modified":"2019-12-17T17:30:14","modified_gmt":"2019-12-17T15:30:14","slug":"neugeborenenfotos-im-studio-bei-katja-schuenemann-fotografie-babyfotograf-nuernberg","status":"publish","type":"post","link":"https:\/\/vereinigung-professioneller-kinderfotografen.de\/blog2\/neugeborenenfotos-im-studio-bei-katja-schuenemann-fotografie-babyfotograf-nuernberg\/","title":{"rendered":"Neugeborenenfotos im Studio bei Katja Sch\u00fcnemann Fotografie  |  Babyfotograf N\u00fcrnberg"},"content":{"rendered":"<p>Eine gl\u00fcckliche frisch gebackene Familie war bei unserer Fotografin Katja Sch\u00fcnemann zu Besuch um den Zauber der ersten Lebenstage in Bildern festzuhalten.<br \/>\n<img decoding=\"async\" loading=\"lazy\" class=\"pp-insert-all size-full aligncenter\" src=\"https:\/\/vereinigung-professioneller-kinderfotografen.de\/blog2\/wp-content\/uploads\/2019\/11\/17-14882-post\/Babyfotograf_Neugeborenenfotograf_Nuernberg_032_Fuerth_Erlangen.jpg\" alt=\"\" width=\"900\" height=\"600\" \/><img decoding=\"async\" loading=\"lazy\" class=\"pp-insert-all size-full aligncenter\" src=\"https:\/\/vereinigung-professioneller-kinderfotografen.de\/blog2\/wp-content\/uploads\/2019\/11\/17-14882-post\/Babyfotograf_Neugeborenenfotograf_Nuernberg_033_Fuerth_Erlangen.jpg\" alt=\"\" width=\"900\" height=\"600\" \/><img decoding=\"async\" loading=\"lazy\" class=\"pp-insert-all size-full aligncenter\" src=\"https:\/\/vereinigung-professioneller-kinderfotografen.de\/blog2\/wp-content\/uploads\/2019\/11\/17-14882-post\/Babyfotograf_Neugeborenenfotograf_Nuernberg_034_Fuerth_Erlangen.jpg\" alt=\"\" width=\"900\" height=\"600\" \/><img decoding=\"async\" loading=\"lazy\" class=\"pp-insert-all size-full aligncenter\" src=\"https:\/\/vereinigung-professioneller-kinderfotografen.de\/blog2\/wp-content\/uploads\/2019\/11\/17-14882-post\/Babyfotograf_Neugeborenenfotograf_Nuernberg_035_Fuerth_Erlangen.jpg\" alt=\"\" width=\"900\" height=\"600\" \/><img decoding=\"async\" loading=\"lazy\" class=\"pp-insert-all size-full aligncenter\" src=\"https:\/\/vereinigung-professioneller-kinderfotografen.de\/blog2\/wp-content\/uploads\/2019\/11\/17-14882-post\/Babyfotograf_Neugeborenenfotograf_Nuernberg_036_Fuerth_Erlangen.jpg\" alt=\"\" width=\"900\" height=\"600\" \/><img decoding=\"async\" loading=\"lazy\" class=\"pp-insert-all size-full aligncenter\" src=\"https:\/\/vereinigung-professioneller-kinderfotografen.de\/blog2\/wp-content\/uploads\/2019\/11\/17-14882-post\/Babyfotograf_Neugeborenenfotograf_Nuernberg_037_Fuerth_Erlangen.jpg\" alt=\"\" width=\"400\" height=\"600\" \/><img decoding=\"async\" loading=\"lazy\" class=\"pp-insert-all size-full aligncenter\" src=\"https:\/\/vereinigung-professioneller-kinderfotografen.de\/blog2\/wp-content\/uploads\/2019\/11\/17-14882-post\/Babyfotograf_Neugeborenenfotograf_Nuernberg_038_Fuerth_Erlangen.jpg\" alt=\"\" width=\"900\" height=\"600\" \/><img decoding=\"async\" loading=\"lazy\" class=\"pp-insert-all size-full aligncenter\" src=\"https:\/\/vereinigung-professioneller-kinderfotografen.de\/blog2\/wp-content\/uploads\/2019\/11\/17-14882-post\/Babyfotograf_Neugeborenenfotograf_Nuernberg_039_Fuerth_Erlangen.jpg\" alt=\"\" width=\"900\" height=\"600\" \/><img decoding=\"async\" loading=\"lazy\" class=\"pp-insert-all size-full aligncenter\" src=\"https:\/\/vereinigung-professioneller-kinderfotografen.de\/blog2\/wp-content\/uploads\/2019\/11\/17-14882-post\/Babyfotograf_Neugeborenenfotograf_Nuernberg_040_Fuerth_Erlangen.jpg\" alt=\"\" width=\"900\" height=\"600\" \/><img decoding=\"async\" loading=\"lazy\" class=\"pp-insert-all size-full aligncenter\" src=\"https:\/\/vereinigung-professioneller-kinderfotografen.de\/blog2\/wp-content\/uploads\/2019\/11\/17-14882-post\/Babyfotograf_Neugeborenenfotograf_Nuernberg_041_Fuerth_Erlangen.jpg\" alt=\"\" width=\"900\" height=\"600\" \/><img decoding=\"async\" loading=\"lazy\" class=\"pp-insert-all size-full aligncenter\" src=\"https:\/\/vereinigung-professioneller-kinderfotografen.de\/blog2\/wp-content\/uploads\/2019\/11\/17-14882-post\/Babyfotograf_Neugeborenenfotograf_Nuernberg_042_Fuerth_Erlangen.jpg\" alt=\"\" width=\"400\" height=\"600\" \/><img decoding=\"async\" loading=\"lazy\" class=\"pp-insert-all size-full aligncenter\" src=\"https:\/\/vereinigung-professioneller-kinderfotografen.de\/blog2\/wp-content\/uploads\/2019\/11\/17-14882-post\/Babyfotograf_Neugeborenenfotograf_Nuernberg_043_Fuerth_Erlangen.jpg\" alt=\"\" width=\"900\" height=\"600\" \/><img decoding=\"async\" loading=\"lazy\" class=\"pp-insert-all size-full aligncenter\" src=\"https:\/\/vereinigung-professioneller-kinderfotografen.de\/blog2\/wp-content\/uploads\/2019\/11\/17-14882-post\/Babyfotograf_Neugeborenenfotograf_Nuernberg_044_Fuerth_Erlangen.jpg\" alt=\"\" width=\"400\" height=\"600\" \/><img decoding=\"async\" loading=\"lazy\" class=\"pp-insert-all size-full aligncenter\" src=\"https:\/\/vereinigung-professioneller-kinderfotografen.de\/blog2\/wp-content\/uploads\/2019\/11\/17-14882-post\/Babyfotograf_Neugeborenenfotograf_Nuernberg_045_Fuerth_Erlangen.jpg\" alt=\"\" width=\"900\" height=\"600\" \/><img decoding=\"async\" loading=\"lazy\" class=\"pp-insert-all size-full aligncenter\" src=\"https:\/\/vereinigung-professioneller-kinderfotografen.de\/blog2\/wp-content\/uploads\/2019\/11\/17-14882-post\/Babyfotograf_Neugeborenenfotograf_Nuernberg_046_Fuerth_Erlangen.jpg\" alt=\"\" width=\"900\" height=\"600\" \/><img decoding=\"async\" loading=\"lazy\" class=\"pp-insert-all size-full aligncenter\" src=\"https:\/\/vereinigung-professioneller-kinderfotografen.de\/blog2\/wp-content\/uploads\/2019\/11\/17-14882-post\/Babyfotograf_Neugeborenenfotograf_Nuernberg_047_Fuerth_Erlangen.jpg\" alt=\"\" width=\"900\" height=\"600\" \/><img decoding=\"async\" loading=\"lazy\" class=\"pp-insert-all size-full aligncenter\" src=\"https:\/\/vereinigung-professioneller-kinderfotografen.de\/blog2\/wp-content\/uploads\/2019\/11\/17-14882-post\/Babyfotograf_Neugeborenenfotograf_Nuernberg_048_Fuerth_Erlangen.jpg\" alt=\"\" width=\"900\" height=\"600\" \/><img decoding=\"async\" loading=\"lazy\" class=\"pp-insert-all size-full aligncenter\" src=\"https:\/\/vereinigung-professioneller-kinderfotografen.de\/blog2\/wp-content\/uploads\/2019\/11\/17-14882-post\/Babyfotograf_Neugeborenenfotograf_Nuernberg_049_Fuerth_Erlangen.jpg\" alt=\"\" width=\"900\" height=\"600\" \/><img decoding=\"async\" loading=\"lazy\" class=\"pp-insert-all size-full aligncenter\" src=\"https:\/\/vereinigung-professioneller-kinderfotografen.de\/blog2\/wp-content\/uploads\/2019\/11\/17-14882-post\/Babyfotograf_Neugeborenenfotograf_Nuernberg_050_Fuerth_Erlangen.jpg\" alt=\"\" width=\"900\" height=\"600\" \/><img decoding=\"async\" loading=\"lazy\" class=\"pp-insert-all size-full aligncenter\" src=\"https:\/\/vereinigung-professioneller-kinderfotografen.de\/blog2\/wp-content\/uploads\/2019\/11\/17-14882-post\/Babyfotograf_Neugeborenenfotograf_Nuernberg_051_Fuerth_Erlangen.jpg\" alt=\"\" width=\"900\" height=\"600\" \/><img decoding=\"async\" loading=\"lazy\" class=\"pp-insert-all size-full aligncenter\" src=\"https:\/\/vereinigung-professioneller-kinderfotografen.de\/blog2\/wp-content\/uploads\/2019\/11\/17-14882-post\/Babyfotograf_Neugeborenenfotograf_Nuernberg_052_Fuerth_Erlangen.jpg\" alt=\"\" width=\"900\" height=\"600\" \/><img decoding=\"async\" loading=\"lazy\" class=\"pp-insert-all size-full aligncenter\" src=\"https:\/\/vereinigung-professioneller-kinderfotografen.de\/blog2\/wp-content\/uploads\/2019\/11\/17-14882-post\/Babyfotograf_Neugeborenenfotograf_Nuernberg_053_Fuerth_Erlangen.jpg\" alt=\"\" width=\"400\" height=\"600\" \/><img decoding=\"async\" loading=\"lazy\" class=\"pp-insert-all size-full aligncenter\" src=\"https:\/\/vereinigung-professioneller-kinderfotografen.de\/blog2\/wp-content\/uploads\/2019\/11\/17-14882-post\/Babyfotograf_Neugeborenenfotograf_Nuernberg_054_Fuerth_Erlangen.jpg\" alt=\"\" width=\"900\" height=\"600\" \/><img decoding=\"async\" loading=\"lazy\" class=\"pp-insert-all size-full aligncenter\" src=\"https:\/\/vereinigung-professioneller-kinderfotografen.de\/blog2\/wp-content\/uploads\/2019\/11\/17-14882-post\/Babyfotograf_Neugeborenenfotograf_Nuernberg_055_Fuerth_Erlangen.jpg\" alt=\"\" width=\"900\" height=\"600\" \/><img decoding=\"async\" loading=\"lazy\" class=\"pp-insert-all size-full aligncenter\" src=\"https:\/\/vereinigung-professioneller-kinderfotografen.de\/blog2\/wp-content\/uploads\/2019\/11\/17-14882-post\/Babyfotograf_Neugeborenenfotograf_Nuernberg_056_Fuerth_Erlangen.jpg\" alt=\"\" width=\"400\" height=\"600\" \/><img decoding=\"async\" loading=\"lazy\" class=\"pp-insert-all size-full aligncenter\" src=\"https:\/\/vereinigung-professioneller-kinderfotografen.de\/blog2\/wp-content\/uploads\/2019\/11\/17-14882-post\/Babyfotograf_Neugeborenenfotograf_Nuernberg_057_Fuerth_Erlangen.jpg\" alt=\"\" width=\"900\" height=\"600\" \/><\/p>\n","protected":false},"excerpt":{"rendered":"<p>Eine gl\u00fcckliche frisch gebackene Familie war bei unserer Fotografin Katja Sch\u00fcnemann zu Besuch um den Zauber der ersten Lebenstage in Bildern festzuhalten.<\/p>\n","protected":false},"author":2,"featured_media":14900,"comment_status":"closed","ping_status":"closed","sticky":false,"template":"","format":"standard","meta":{"pp_embeds":""},"categories":[381],"tags":[679,1704,776,230,778,1705,1712,1706,1707,232,1708,1709,1710,1711,1100,779],"acf":[],"_links":{"self":[{"href":"https:\/\/vereinigung-professioneller-kinderfotografen.de\/blog2\/wp-json\/wp\/v2\/posts\/14882"}],"collection":[{"href":"https:\/\/vereinigung-professioneller-kinderfotografen.de\/blog2\/wp-json\/wp\/v2\/posts"}],"about":[{"href":"https:\/\/vereinigung-professioneller-kinderfotografen.de\/blog2\/wp-json\/wp\/v2\/types\/post"}],"author":[{"embeddable":true,"href":"https:\/\/vereinigung-professioneller-kinderfotografen.de\/blog2\/wp-json\/wp\/v2\/users\/2"}],"replies":[{"embeddable":true,"href":"https:\/\/vereinigung-professioneller-kinderfotografen.de\/blog2\/wp-json\/wp\/v2\/comments?post=14882"}],"version-history":[{"count":1,"href":"https:\/\/vereinigung-professioneller-kinderfotografen.de\/blog2\/wp-json\/wp\/v2\/posts\/14882\/revisions"}],"predecessor-version":[{"id":14909,"href":"https:\/\/vereinigung-professioneller-kinderfotografen.de\/blog2\/wp-json\/wp\/v2\/posts\/14882\/revisions\/14909"}],"wp:featuredmedia":[{"embeddable":true,"href":"https:\/\/vereinigung-professioneller-kinderfotografen.de\/blog2\/wp-json\/wp\/v2\/media\/14900"}],"wp:attachment":[{"href":"https:\/\/vereinigung-professioneller-kinderfotografen.de\/blog2\/wp-json\/wp\/v2\/media?parent=14882"}],"wp:term":[{"taxonomy":"category","embeddable":true,"href":"https:\/\/vereinigung-professioneller-kinderfotografen.de\/blog2\/wp-json\/wp\/v2\/categories?post=14882"},{"taxonomy":"post_tag","embeddable":true,"href":"https:\/\/vereinigung-professioneller-kinderfotografen.de\/blog2\/wp-json\/wp\/v2\/tags?post=14882"}],"curies":[{"name":"wp","href":"https:\/\/api.w.org\/{rel}","templated":true}]}}