{"id":1442,"date":"2013-08-21T17:07:16","date_gmt":"2013-08-21T15:07:16","guid":{"rendered":"http:\/\/vereinigung-professioneller-kinderfotografen.de\/blog2\/?p=1442"},"modified":"2014-05-02T14:13:49","modified_gmt":"2014-05-02T12:13:49","slug":"zwillingsfotografie-neugeborenenfotografie-in-muenchen","status":"publish","type":"post","link":"https:\/\/vereinigung-professioneller-kinderfotografen.de\/blog2\/zwillingsfotografie-neugeborenenfotografie-in-muenchen\/","title":{"rendered":"Zwillingsfotografie | Neugeborenenfotografie in M\u00fcnchen"},"content":{"rendered":"<p>Zwillinge sind was Wunderbares. Sie lieben es, eng zusammen zu liegen und sich zu ber\u00fchren. <strong>Sie suchen selbst\u00e4ndig<\/strong> den Kontakt zum Zwillingsbruders oder der Zwillingsschwester &#8211; \u00a0auch im Schlaf! Legt man sie getrennt voneinander in eigene Bettchen werden sie meist recht unruhig und &#8222;suchen&#8220; das Geschwisterchen.\u00a0Im wahrsten Sinne des Wortes &#8222;zwei kleine Wunder&#8220; und faszinierend zu beobachten. \ud83d\ude42<\/p>\n<p><a title=\"Kinderfotografin Martina Rinke\" href=\"http:\/\/kinderfotografin-bayern.de\/familienblog\/\" target=\"_blank\">Fotos: Martina Rinke<\/a><\/p>\n<p><img decoding=\"async\" loading=\"lazy\" class=\"pp-insert-all size-full aligncenter\" src=\"http:\/\/vereinigung-professioneller-kinderfotografen.de\/blog2\/wp-content\/uploads\/2013\/08\/Babyfotograf_Muenchen_01.jpg\" alt=\"\" width=\"900\" height=\"600\" \/><img decoding=\"async\" loading=\"lazy\" class=\"pp-insert-all size-full aligncenter\" src=\"http:\/\/vereinigung-professioneller-kinderfotografen.de\/blog2\/wp-content\/uploads\/2013\/08\/Babyfotograf_Muenchen_02.jpg\" alt=\"\" width=\"900\" height=\"599\" \/><img decoding=\"async\" loading=\"lazy\" class=\"pp-insert-all size-full aligncenter\" src=\"http:\/\/vereinigung-professioneller-kinderfotografen.de\/blog2\/wp-content\/uploads\/2013\/08\/Babyfotograf_Muenchen_03.jpg\" alt=\"\" width=\"599\" height=\"900\" \/><img decoding=\"async\" loading=\"lazy\" class=\"pp-insert-all size-full aligncenter\" title=\"Babyfotograf_Muenchen_04 (1)\" src=\"http:\/\/vereinigung-professioneller-kinderfotografen.de\/blog2\/wp-content\/uploads\/2013\/08\/Babyfotograf_Muenchen_04-1.jpg\" alt=\"\" width=\"900\" height=\"599\" \/><img decoding=\"async\" loading=\"lazy\" class=\"pp-insert-all size-full aligncenter\" src=\"http:\/\/vereinigung-professioneller-kinderfotografen.de\/blog2\/wp-content\/uploads\/2013\/08\/Babyfotograf_Muenchen_04.jpg\" alt=\"\" width=\"900\" height=\"599\" \/><img decoding=\"async\" loading=\"lazy\" class=\"pp-insert-all size-full aligncenter\" src=\"http:\/\/vereinigung-professioneller-kinderfotografen.de\/blog2\/wp-content\/uploads\/2013\/08\/Babyfotograf_Muenchen_05.jpg\" alt=\"\" width=\"599\" height=\"900\" \/><img decoding=\"async\" loading=\"lazy\" class=\"pp-insert-all size-full aligncenter\" src=\"http:\/\/vereinigung-professioneller-kinderfotografen.de\/blog2\/wp-content\/uploads\/2013\/08\/Babyfotograf_Muenchen_06.jpg\" alt=\"\" width=\"599\" height=\"900\" \/><img decoding=\"async\" loading=\"lazy\" class=\"pp-insert-all size-full aligncenter\" src=\"http:\/\/vereinigung-professioneller-kinderfotografen.de\/blog2\/wp-content\/uploads\/2013\/08\/Babyfotograf_Muenchen_07.jpg\" alt=\"\" width=\"900\" height=\"599\" \/><img decoding=\"async\" loading=\"lazy\" class=\"pp-insert-all size-full aligncenter\" src=\"http:\/\/vereinigung-professioneller-kinderfotografen.de\/blog2\/wp-content\/uploads\/2013\/08\/Babyfotograf_Muenchen_08.jpg\" alt=\"\" width=\"599\" height=\"900\" \/><img decoding=\"async\" loading=\"lazy\" class=\"pp-insert-all size-full aligncenter\" src=\"http:\/\/vereinigung-professioneller-kinderfotografen.de\/blog2\/wp-content\/uploads\/2013\/08\/Babyfotograf_Muenchen_09.jpg\" alt=\"\" width=\"900\" height=\"599\" \/><img decoding=\"async\" loading=\"lazy\" class=\"pp-insert-all size-full aligncenter\" src=\"http:\/\/vereinigung-professioneller-kinderfotografen.de\/blog2\/wp-content\/uploads\/2013\/08\/Babyfotograf_Muenchen_10.jpg\" alt=\"\" width=\"599\" height=\"900\" \/><img decoding=\"async\" loading=\"lazy\" class=\"pp-insert-all size-full aligncenter\" src=\"http:\/\/vereinigung-professioneller-kinderfotografen.de\/blog2\/wp-content\/uploads\/2013\/08\/Babyfotograf_Muenchen_11.jpg\" alt=\"\" width=\"599\" height=\"900\" \/><img decoding=\"async\" loading=\"lazy\" class=\"pp-insert-all size-full aligncenter\" src=\"http:\/\/vereinigung-professioneller-kinderfotografen.de\/blog2\/wp-content\/uploads\/2013\/08\/Babyfotograf_Muenchen_12.jpg\" alt=\"\" width=\"900\" height=\"599\" \/><img decoding=\"async\" loading=\"lazy\" class=\"pp-insert-all size-full aligncenter\" src=\"http:\/\/vereinigung-professioneller-kinderfotografen.de\/blog2\/wp-content\/uploads\/2013\/08\/Babyfotograf_Muenchen_13.jpg\" alt=\"\" width=\"599\" height=\"900\" \/><img decoding=\"async\" loading=\"lazy\" class=\"pp-insert-all size-full aligncenter\" src=\"http:\/\/vereinigung-professioneller-kinderfotografen.de\/blog2\/wp-content\/uploads\/2013\/08\/Babyfotograf_Muenchen_14.jpg\" alt=\"\" width=\"900\" height=\"599\" \/><img decoding=\"async\" loading=\"lazy\" class=\"pp-insert-all size-full aligncenter\" src=\"http:\/\/vereinigung-professioneller-kinderfotografen.de\/blog2\/wp-content\/uploads\/2013\/08\/Babyfotograf_Muenchen_15.jpg\" alt=\"\" width=\"599\" height=\"900\" \/><img decoding=\"async\" loading=\"lazy\" class=\"pp-insert-all size-full aligncenter\" src=\"http:\/\/vereinigung-professioneller-kinderfotografen.de\/blog2\/wp-content\/uploads\/2013\/08\/Babyfotograf_Muenchen_16.jpg\" alt=\"\" width=\"900\" height=\"599\" \/><\/p>\n","protected":false},"excerpt":{"rendered":"<p>Zwillinge sind was Wunderbares. Sie lieben es, eng zusammen zu liegen und sich zu ber\u00fchren. Sie suchen selbst\u00e4ndig den Kontakt zum Zwillingsbruders oder der Zwillingsschwester &#8211; \u00a0auch im Schlaf! Legt man sie getrennt voneinander in eigene Bettchen werden sie meist recht unruhig und &#8222;suchen&#8220; das Geschwisterchen.\u00a0Im wahrsten Sinne des Wortes &#8222;zwei kleine Wunder&#8220; und faszinierend...<\/p>\n","protected":false},"author":2,"featured_media":1602,"comment_status":"closed","ping_status":"closed","sticky":false,"template":"","format":"standard","meta":{"pp_embeds":""},"categories":[118],"tags":[14,73,74,72],"acf":[],"_links":{"self":[{"href":"https:\/\/vereinigung-professioneller-kinderfotografen.de\/blog2\/wp-json\/wp\/v2\/posts\/1442"}],"collection":[{"href":"https:\/\/vereinigung-professioneller-kinderfotografen.de\/blog2\/wp-json\/wp\/v2\/posts"}],"about":[{"href":"https:\/\/vereinigung-professioneller-kinderfotografen.de\/blog2\/wp-json\/wp\/v2\/types\/post"}],"author":[{"embeddable":true,"href":"https:\/\/vereinigung-professioneller-kinderfotografen.de\/blog2\/wp-json\/wp\/v2\/users\/2"}],"replies":[{"embeddable":true,"href":"https:\/\/vereinigung-professioneller-kinderfotografen.de\/blog2\/wp-json\/wp\/v2\/comments?post=1442"}],"version-history":[{"count":7,"href":"https:\/\/vereinigung-professioneller-kinderfotografen.de\/blog2\/wp-json\/wp\/v2\/posts\/1442\/revisions"}],"predecessor-version":[{"id":3560,"href":"https:\/\/vereinigung-professioneller-kinderfotografen.de\/blog2\/wp-json\/wp\/v2\/posts\/1442\/revisions\/3560"}],"wp:featuredmedia":[{"embeddable":true,"href":"https:\/\/vereinigung-professioneller-kinderfotografen.de\/blog2\/wp-json\/wp\/v2\/media\/1602"}],"wp:attachment":[{"href":"https:\/\/vereinigung-professioneller-kinderfotografen.de\/blog2\/wp-json\/wp\/v2\/media?parent=1442"}],"wp:term":[{"taxonomy":"category","embeddable":true,"href":"https:\/\/vereinigung-professioneller-kinderfotografen.de\/blog2\/wp-json\/wp\/v2\/categories?post=1442"},{"taxonomy":"post_tag","embeddable":true,"href":"https:\/\/vereinigung-professioneller-kinderfotografen.de\/blog2\/wp-json\/wp\/v2\/tags?post=1442"}],"curies":[{"name":"wp","href":"https:\/\/api.w.org\/{rel}","templated":true}]}}