{"id":14349,"date":"2019-09-15T14:13:22","date_gmt":"2019-09-15T12:13:22","guid":{"rendered":"https:\/\/vereinigung-professioneller-kinderfotografen.de\/blog2\/?p=14349"},"modified":"2019-09-15T14:13:22","modified_gmt":"2019-09-15T12:13:22","slug":"familienglueck-ana-photography-basel","status":"publish","type":"post","link":"https:\/\/vereinigung-professioneller-kinderfotografen.de\/blog2\/familienglueck-ana-photography-basel\/","title":{"rendered":"Familiengl\u00fcck | Ana Photography Basel"},"content":{"rendered":"<div>Neben den Bildern von Neugeborenen sind auch Familienbilder sehr wichtig. Das sind die sch\u00f6nsten und z\u00e4rtlichsten Momente des Lebens, die wir Fotografen f\u00fcr Euch festhalten k\u00f6nnen. Das Abenteuer Familie hat gerade erst begonnen, und der ganze Weg, so spannend und herausfordernd zugleich, liegt noch vor euch. Mit der Zeit werden diese Erinnerungen Gold wert sein.<\/div>\n<div>Heute gibt es ein wenig Familiengl\u00fcck von unserer Fotografin <a href=\"http:\/\/www.en.anastasiatarantina.com\">Anastasia Tarantina<\/a>\u00a0aus der Schweiz.<\/div>\n<div><\/div>\n<div><img decoding=\"async\" loading=\"lazy\" class=\"aligncenter size-full wp-image-14351\" src=\"https:\/\/vereinigung-professioneller-kinderfotografen.de\/blog2\/wp-content\/uploads\/2019\/09\/15-14349-post\/baby_basel.jpg\" alt=\"\" width=\"900\" height=\"600\" srcset=\"https:\/\/vereinigung-professioneller-kinderfotografen.de\/blog2\/wp-content\/uploads\/2019\/09\/15-14349-post\/baby_basel.jpg 900w, https:\/\/vereinigung-professioneller-kinderfotografen.de\/blog2\/wp-content\/uploads\/2019\/09\/15-14349-post\/baby_basel-300x200.jpg 300w, https:\/\/vereinigung-professioneller-kinderfotografen.de\/blog2\/wp-content\/uploads\/2019\/09\/15-14349-post\/baby_basel-768x512.jpg 768w\" sizes=\"(max-width: 900px) 100vw, 900px\" \/><img decoding=\"async\" loading=\"lazy\" class=\"aligncenter size-large wp-image-14352\" src=\"https:\/\/vereinigung-professioneller-kinderfotografen.de\/blog2\/wp-content\/uploads\/2019\/09\/15-14349-post\/basel_baby1.jpg\" alt=\"\" width=\"900\" height=\"600\" srcset=\"https:\/\/vereinigung-professioneller-kinderfotografen.de\/blog2\/wp-content\/uploads\/2019\/09\/15-14349-post\/basel_baby1.jpg 900w, https:\/\/vereinigung-professioneller-kinderfotografen.de\/blog2\/wp-content\/uploads\/2019\/09\/15-14349-post\/basel_baby1-300x200.jpg 300w, https:\/\/vereinigung-professioneller-kinderfotografen.de\/blog2\/wp-content\/uploads\/2019\/09\/15-14349-post\/basel_baby1-768x512.jpg 768w\" sizes=\"(max-width: 900px) 100vw, 900px\" \/><img decoding=\"async\" loading=\"lazy\" class=\"aligncenter size-large wp-image-14353\" src=\"https:\/\/vereinigung-professioneller-kinderfotografen.de\/blog2\/wp-content\/uploads\/2019\/09\/15-14349-post\/basel_newborn.jpg\" alt=\"\" width=\"900\" height=\"600\" srcset=\"https:\/\/vereinigung-professioneller-kinderfotografen.de\/blog2\/wp-content\/uploads\/2019\/09\/15-14349-post\/basel_newborn.jpg 900w, https:\/\/vereinigung-professioneller-kinderfotografen.de\/blog2\/wp-content\/uploads\/2019\/09\/15-14349-post\/basel_newborn-300x200.jpg 300w, https:\/\/vereinigung-professioneller-kinderfotografen.de\/blog2\/wp-content\/uploads\/2019\/09\/15-14349-post\/basel_newborn-768x512.jpg 768w\" sizes=\"(max-width: 900px) 100vw, 900px\" \/><img decoding=\"async\" loading=\"lazy\" class=\"aligncenter size-large wp-image-14354\" src=\"https:\/\/vereinigung-professioneller-kinderfotografen.de\/blog2\/wp-content\/uploads\/2019\/09\/15-14349-post\/basel_schweiz_baby.jpg\" alt=\"\" width=\"900\" height=\"600\" srcset=\"https:\/\/vereinigung-professioneller-kinderfotografen.de\/blog2\/wp-content\/uploads\/2019\/09\/15-14349-post\/basel_schweiz_baby.jpg 900w, https:\/\/vereinigung-professioneller-kinderfotografen.de\/blog2\/wp-content\/uploads\/2019\/09\/15-14349-post\/basel_schweiz_baby-300x200.jpg 300w, https:\/\/vereinigung-professioneller-kinderfotografen.de\/blog2\/wp-content\/uploads\/2019\/09\/15-14349-post\/basel_schweiz_baby-768x512.jpg 768w\" sizes=\"(max-width: 900px) 100vw, 900px\" \/><img decoding=\"async\" loading=\"lazy\" class=\"aligncenter size-large wp-image-14355\" src=\"https:\/\/vereinigung-professioneller-kinderfotografen.de\/blog2\/wp-content\/uploads\/2019\/09\/15-14349-post\/Family_baby1.jpg\" alt=\"\" width=\"900\" height=\"600\" srcset=\"https:\/\/vereinigung-professioneller-kinderfotografen.de\/blog2\/wp-content\/uploads\/2019\/09\/15-14349-post\/Family_baby1.jpg 900w, https:\/\/vereinigung-professioneller-kinderfotografen.de\/blog2\/wp-content\/uploads\/2019\/09\/15-14349-post\/Family_baby1-300x200.jpg 300w, https:\/\/vereinigung-professioneller-kinderfotografen.de\/blog2\/wp-content\/uploads\/2019\/09\/15-14349-post\/Family_baby1-768x512.jpg 768w\" sizes=\"(max-width: 900px) 100vw, 900px\" \/><img decoding=\"async\" loading=\"lazy\" class=\"aligncenter size-large wp-image-14356\" src=\"https:\/\/vereinigung-professioneller-kinderfotografen.de\/blog2\/wp-content\/uploads\/2019\/09\/15-14349-post\/Family_basel.jpg\" alt=\"\" width=\"900\" height=\"600\" srcset=\"https:\/\/vereinigung-professioneller-kinderfotografen.de\/blog2\/wp-content\/uploads\/2019\/09\/15-14349-post\/Family_basel.jpg 900w, https:\/\/vereinigung-professioneller-kinderfotografen.de\/blog2\/wp-content\/uploads\/2019\/09\/15-14349-post\/Family_basel-300x200.jpg 300w, https:\/\/vereinigung-professioneller-kinderfotografen.de\/blog2\/wp-content\/uploads\/2019\/09\/15-14349-post\/Family_basel-768x512.jpg 768w\" sizes=\"(max-width: 900px) 100vw, 900px\" \/><img decoding=\"async\" loading=\"lazy\" class=\"aligncenter size-large wp-image-14357\" src=\"https:\/\/vereinigung-professioneller-kinderfotografen.de\/blog2\/wp-content\/uploads\/2019\/09\/15-14349-post\/father_baby.jpg\" alt=\"\" width=\"900\" height=\"600\" srcset=\"https:\/\/vereinigung-professioneller-kinderfotografen.de\/blog2\/wp-content\/uploads\/2019\/09\/15-14349-post\/father_baby.jpg 900w, https:\/\/vereinigung-professioneller-kinderfotografen.de\/blog2\/wp-content\/uploads\/2019\/09\/15-14349-post\/father_baby-300x200.jpg 300w, https:\/\/vereinigung-professioneller-kinderfotografen.de\/blog2\/wp-content\/uploads\/2019\/09\/15-14349-post\/father_baby-768x512.jpg 768w\" sizes=\"(max-width: 900px) 100vw, 900px\" \/><img decoding=\"async\" loading=\"lazy\" class=\"aligncenter size-large wp-image-14358\" src=\"https:\/\/vereinigung-professioneller-kinderfotografen.de\/blog2\/wp-content\/uploads\/2019\/09\/15-14349-post\/geschwister_basel.jpg\" alt=\"\" width=\"900\" height=\"600\" srcset=\"https:\/\/vereinigung-professioneller-kinderfotografen.de\/blog2\/wp-content\/uploads\/2019\/09\/15-14349-post\/geschwister_basel.jpg 900w, https:\/\/vereinigung-professioneller-kinderfotografen.de\/blog2\/wp-content\/uploads\/2019\/09\/15-14349-post\/geschwister_basel-300x200.jpg 300w, https:\/\/vereinigung-professioneller-kinderfotografen.de\/blog2\/wp-content\/uploads\/2019\/09\/15-14349-post\/geschwister_basel-768x512.jpg 768w\" sizes=\"(max-width: 900px) 100vw, 900px\" \/><img decoding=\"async\" loading=\"lazy\" class=\"aligncenter size-large wp-image-14359\" src=\"https:\/\/vereinigung-professioneller-kinderfotografen.de\/blog2\/wp-content\/uploads\/2019\/09\/15-14349-post\/mama_baby_basel.jpg\" alt=\"\" width=\"900\" height=\"600\" srcset=\"https:\/\/vereinigung-professioneller-kinderfotografen.de\/blog2\/wp-content\/uploads\/2019\/09\/15-14349-post\/mama_baby_basel.jpg 900w, https:\/\/vereinigung-professioneller-kinderfotografen.de\/blog2\/wp-content\/uploads\/2019\/09\/15-14349-post\/mama_baby_basel-300x200.jpg 300w, https:\/\/vereinigung-professioneller-kinderfotografen.de\/blog2\/wp-content\/uploads\/2019\/09\/15-14349-post\/mama_baby_basel-768x512.jpg 768w\" sizes=\"(max-width: 900px) 100vw, 900px\" \/><img decoding=\"async\" loading=\"lazy\" class=\"aligncenter size-large wp-image-14360\" src=\"https:\/\/vereinigung-professioneller-kinderfotografen.de\/blog2\/wp-content\/uploads\/2019\/09\/15-14349-post\/vatter_baby.jpg\" alt=\"\" width=\"600\" height=\"900\" srcset=\"https:\/\/vereinigung-professioneller-kinderfotografen.de\/blog2\/wp-content\/uploads\/2019\/09\/15-14349-post\/vatter_baby.jpg 600w, https:\/\/vereinigung-professioneller-kinderfotografen.de\/blog2\/wp-content\/uploads\/2019\/09\/15-14349-post\/vatter_baby-200x300.jpg 200w\" sizes=\"(max-width: 600px) 100vw, 600px\" \/><\/div>\n","protected":false},"excerpt":{"rendered":"<p>Neben den Bildern von Neugeborenen sind auch Familienbilder sehr wichtig. Das sind die sch\u00f6nsten und z\u00e4rtlichsten Momente des Lebens, die wir Fotografen f\u00fcr Euch festhalten k\u00f6nnen. Das Abenteuer Familie hat gerade erst begonnen, und der ganze Weg, so spannend und herausfordernd zugleich, liegt noch vor euch. Mit der Zeit werden diese Erinnerungen Gold wert sein....<\/p>\n","protected":false},"author":2,"featured_media":14355,"comment_status":"closed","ping_status":"closed","sticky":false,"template":"","format":"standard","meta":{"pp_embeds":""},"categories":[1471],"tags":[1539,1647,1646,83,415,1173,1184,126,1552,26,15,25],"acf":[],"_links":{"self":[{"href":"https:\/\/vereinigung-professioneller-kinderfotografen.de\/blog2\/wp-json\/wp\/v2\/posts\/14349"}],"collection":[{"href":"https:\/\/vereinigung-professioneller-kinderfotografen.de\/blog2\/wp-json\/wp\/v2\/posts"}],"about":[{"href":"https:\/\/vereinigung-professioneller-kinderfotografen.de\/blog2\/wp-json\/wp\/v2\/types\/post"}],"author":[{"embeddable":true,"href":"https:\/\/vereinigung-professioneller-kinderfotografen.de\/blog2\/wp-json\/wp\/v2\/users\/2"}],"replies":[{"embeddable":true,"href":"https:\/\/vereinigung-professioneller-kinderfotografen.de\/blog2\/wp-json\/wp\/v2\/comments?post=14349"}],"version-history":[{"count":1,"href":"https:\/\/vereinigung-professioneller-kinderfotografen.de\/blog2\/wp-json\/wp\/v2\/posts\/14349\/revisions"}],"predecessor-version":[{"id":14361,"href":"https:\/\/vereinigung-professioneller-kinderfotografen.de\/blog2\/wp-json\/wp\/v2\/posts\/14349\/revisions\/14361"}],"wp:featuredmedia":[{"embeddable":true,"href":"https:\/\/vereinigung-professioneller-kinderfotografen.de\/blog2\/wp-json\/wp\/v2\/media\/14355"}],"wp:attachment":[{"href":"https:\/\/vereinigung-professioneller-kinderfotografen.de\/blog2\/wp-json\/wp\/v2\/media?parent=14349"}],"wp:term":[{"taxonomy":"category","embeddable":true,"href":"https:\/\/vereinigung-professioneller-kinderfotografen.de\/blog2\/wp-json\/wp\/v2\/categories?post=14349"},{"taxonomy":"post_tag","embeddable":true,"href":"https:\/\/vereinigung-professioneller-kinderfotografen.de\/blog2\/wp-json\/wp\/v2\/tags?post=14349"}],"curies":[{"name":"wp","href":"https:\/\/api.w.org\/{rel}","templated":true}]}}