{"id":14292,"date":"2019-09-12T08:04:02","date_gmt":"2019-09-12T06:04:02","guid":{"rendered":"https:\/\/vereinigung-professioneller-kinderfotografen.de\/blog2\/?p=14292"},"modified":"2019-08-29T22:51:57","modified_gmt":"2019-08-29T20:51:57","slug":"geschwistershooting-am-edersee-fotografie-eva-maria-schmidt","status":"publish","type":"post","link":"https:\/\/vereinigung-professioneller-kinderfotografen.de\/blog2\/geschwistershooting-am-edersee-fotografie-eva-maria-schmidt\/","title":{"rendered":"Geschwistershooting am Edersee | Fotografie Eva-Maria Schmidt"},"content":{"rendered":"<p>Zu sch\u00f6n ist es als Fotograf\/in die Familien \u00fcber einen langen Zeitraum begleiten zu d\u00fcrfen. Unsere Fotografin Eva-Maria Schmidt durfte f\u00fcr diese zwei s\u00fc\u00dfen Geschwisterkinder jetzt schon seit einigen Jahren sch\u00f6ne Kindheitserinnerungen schaffen. Dieses Jahr war auch ein Pony mit dabei, aber schaut doch selbst!<\/p>\n<p>Mehr Bilder von Fotografie Eva-Maria Schmidt auf <a href=\"https:\/\/www.facebook.com\/Fotografie-Eva-Maria-Schmidt-164623030322916\/\">Facebook<\/a> oder ihrer <a href=\"https:\/\/www.evamariaschmidt.de\/fotografie\/hochzeitszauber\/?logout=1\">Hom<\/a><a href=\"https:\/\/www.evamariaschmidt.de\/fotografie\/hochzeitszauber\/?logout=1\">epag<\/a><a href=\"https:\/\/www.evamariaschmidt.de\/fotografie\/hochzeitszauber\/?logout=1\">e!<\/a><\/p>\n<p>&nbsp;<\/p>\n<p><img decoding=\"async\" loading=\"lazy\" class=\"aligncenter size-large wp-image-14312\" src=\"https:\/\/vereinigung-professioneller-kinderfotografen.de\/blog2\/wp-content\/uploads\/2019\/09\/29-14292-post\/1-1024x683.jpg\" alt=\"\" width=\"1024\" height=\"683\" srcset=\"https:\/\/vereinigung-professioneller-kinderfotografen.de\/blog2\/wp-content\/uploads\/2019\/09\/29-14292-post\/1-1024x683.jpg 1024w, https:\/\/vereinigung-professioneller-kinderfotografen.de\/blog2\/wp-content\/uploads\/2019\/09\/29-14292-post\/1-300x200.jpg 300w, https:\/\/vereinigung-professioneller-kinderfotografen.de\/blog2\/wp-content\/uploads\/2019\/09\/29-14292-post\/1-768x512.jpg 768w\" sizes=\"(max-width: 1024px) 100vw, 1024px\" \/><img decoding=\"async\" loading=\"lazy\" class=\"aligncenter size-large wp-image-14313\" src=\"https:\/\/vereinigung-professioneller-kinderfotografen.de\/blog2\/wp-content\/uploads\/2019\/09\/29-14292-post\/2-1024x683.jpg\" alt=\"\" width=\"1024\" height=\"683\" srcset=\"https:\/\/vereinigung-professioneller-kinderfotografen.de\/blog2\/wp-content\/uploads\/2019\/09\/29-14292-post\/2-1024x683.jpg 1024w, https:\/\/vereinigung-professioneller-kinderfotografen.de\/blog2\/wp-content\/uploads\/2019\/09\/29-14292-post\/2-300x200.jpg 300w, https:\/\/vereinigung-professioneller-kinderfotografen.de\/blog2\/wp-content\/uploads\/2019\/09\/29-14292-post\/2-768x512.jpg 768w\" sizes=\"(max-width: 1024px) 100vw, 1024px\" \/><img decoding=\"async\" loading=\"lazy\" class=\"aligncenter size-large wp-image-14314\" src=\"https:\/\/vereinigung-professioneller-kinderfotografen.de\/blog2\/wp-content\/uploads\/2019\/09\/29-14292-post\/3-1024x683.jpg\" alt=\"\" width=\"1024\" height=\"683\" srcset=\"https:\/\/vereinigung-professioneller-kinderfotografen.de\/blog2\/wp-content\/uploads\/2019\/09\/29-14292-post\/3-1024x683.jpg 1024w, https:\/\/vereinigung-professioneller-kinderfotografen.de\/blog2\/wp-content\/uploads\/2019\/09\/29-14292-post\/3-300x200.jpg 300w, https:\/\/vereinigung-professioneller-kinderfotografen.de\/blog2\/wp-content\/uploads\/2019\/09\/29-14292-post\/3-768x512.jpg 768w\" sizes=\"(max-width: 1024px) 100vw, 1024px\" \/><img decoding=\"async\" loading=\"lazy\" class=\"aligncenter size-large wp-image-14315\" src=\"https:\/\/vereinigung-professioneller-kinderfotografen.de\/blog2\/wp-content\/uploads\/2019\/09\/29-14292-post\/4-683x1024.jpg\" alt=\"\" width=\"683\" height=\"1024\" srcset=\"https:\/\/vereinigung-professioneller-kinderfotografen.de\/blog2\/wp-content\/uploads\/2019\/09\/29-14292-post\/4-683x1024.jpg 683w, https:\/\/vereinigung-professioneller-kinderfotografen.de\/blog2\/wp-content\/uploads\/2019\/09\/29-14292-post\/4-200x300.jpg 200w, https:\/\/vereinigung-professioneller-kinderfotografen.de\/blog2\/wp-content\/uploads\/2019\/09\/29-14292-post\/4-768x1152.jpg 768w\" sizes=\"(max-width: 683px) 100vw, 683px\" \/><img decoding=\"async\" loading=\"lazy\" class=\"aligncenter size-large wp-image-14316\" src=\"https:\/\/vereinigung-professioneller-kinderfotografen.de\/blog2\/wp-content\/uploads\/2019\/09\/29-14292-post\/5-1024x683.jpg\" alt=\"\" width=\"1024\" height=\"683\" srcset=\"https:\/\/vereinigung-professioneller-kinderfotografen.de\/blog2\/wp-content\/uploads\/2019\/09\/29-14292-post\/5-1024x683.jpg 1024w, https:\/\/vereinigung-professioneller-kinderfotografen.de\/blog2\/wp-content\/uploads\/2019\/09\/29-14292-post\/5-300x200.jpg 300w, https:\/\/vereinigung-professioneller-kinderfotografen.de\/blog2\/wp-content\/uploads\/2019\/09\/29-14292-post\/5-768x512.jpg 768w\" sizes=\"(max-width: 1024px) 100vw, 1024px\" \/><img decoding=\"async\" loading=\"lazy\" class=\"aligncenter size-large wp-image-14317\" src=\"https:\/\/vereinigung-professioneller-kinderfotografen.de\/blog2\/wp-content\/uploads\/2019\/09\/29-14292-post\/6-1024x683.jpg\" alt=\"\" width=\"1024\" height=\"683\" srcset=\"https:\/\/vereinigung-professioneller-kinderfotografen.de\/blog2\/wp-content\/uploads\/2019\/09\/29-14292-post\/6-1024x683.jpg 1024w, https:\/\/vereinigung-professioneller-kinderfotografen.de\/blog2\/wp-content\/uploads\/2019\/09\/29-14292-post\/6-300x200.jpg 300w, https:\/\/vereinigung-professioneller-kinderfotografen.de\/blog2\/wp-content\/uploads\/2019\/09\/29-14292-post\/6-768x512.jpg 768w\" sizes=\"(max-width: 1024px) 100vw, 1024px\" \/><img decoding=\"async\" loading=\"lazy\" class=\"aligncenter size-large wp-image-14318\" src=\"https:\/\/vereinigung-professioneller-kinderfotografen.de\/blog2\/wp-content\/uploads\/2019\/09\/29-14292-post\/7-1024x683.jpg\" alt=\"\" width=\"1024\" height=\"683\" srcset=\"https:\/\/vereinigung-professioneller-kinderfotografen.de\/blog2\/wp-content\/uploads\/2019\/09\/29-14292-post\/7-1024x683.jpg 1024w, https:\/\/vereinigung-professioneller-kinderfotografen.de\/blog2\/wp-content\/uploads\/2019\/09\/29-14292-post\/7-300x200.jpg 300w, https:\/\/vereinigung-professioneller-kinderfotografen.de\/blog2\/wp-content\/uploads\/2019\/09\/29-14292-post\/7-768x512.jpg 768w\" sizes=\"(max-width: 1024px) 100vw, 1024px\" \/><img decoding=\"async\" loading=\"lazy\" class=\"aligncenter size-large wp-image-14319\" src=\"https:\/\/vereinigung-professioneller-kinderfotografen.de\/blog2\/wp-content\/uploads\/2019\/09\/29-14292-post\/8-1024x683.jpg\" alt=\"\" width=\"1024\" height=\"683\" srcset=\"https:\/\/vereinigung-professioneller-kinderfotografen.de\/blog2\/wp-content\/uploads\/2019\/09\/29-14292-post\/8-1024x683.jpg 1024w, https:\/\/vereinigung-professioneller-kinderfotografen.de\/blog2\/wp-content\/uploads\/2019\/09\/29-14292-post\/8-300x200.jpg 300w, https:\/\/vereinigung-professioneller-kinderfotografen.de\/blog2\/wp-content\/uploads\/2019\/09\/29-14292-post\/8-768x512.jpg 768w\" sizes=\"(max-width: 1024px) 100vw, 1024px\" \/><img decoding=\"async\" loading=\"lazy\" class=\"aligncenter size-large wp-image-14320\" src=\"https:\/\/vereinigung-professioneller-kinderfotografen.de\/blog2\/wp-content\/uploads\/2019\/09\/29-14292-post\/9-1024x683.jpg\" alt=\"\" width=\"1024\" height=\"683\" srcset=\"https:\/\/vereinigung-professioneller-kinderfotografen.de\/blog2\/wp-content\/uploads\/2019\/09\/29-14292-post\/9-1024x683.jpg 1024w, https:\/\/vereinigung-professioneller-kinderfotografen.de\/blog2\/wp-content\/uploads\/2019\/09\/29-14292-post\/9-300x200.jpg 300w, https:\/\/vereinigung-professioneller-kinderfotografen.de\/blog2\/wp-content\/uploads\/2019\/09\/29-14292-post\/9-768x512.jpg 768w\" sizes=\"(max-width: 1024px) 100vw, 1024px\" \/><img decoding=\"async\" loading=\"lazy\" class=\"aligncenter size-large wp-image-14321\" src=\"https:\/\/vereinigung-professioneller-kinderfotografen.de\/blog2\/wp-content\/uploads\/2019\/09\/29-14292-post\/10-1024x683.jpg\" alt=\"\" width=\"1024\" height=\"683\" srcset=\"https:\/\/vereinigung-professioneller-kinderfotografen.de\/blog2\/wp-content\/uploads\/2019\/09\/29-14292-post\/10-1024x683.jpg 1024w, https:\/\/vereinigung-professioneller-kinderfotografen.de\/blog2\/wp-content\/uploads\/2019\/09\/29-14292-post\/10-300x200.jpg 300w, https:\/\/vereinigung-professioneller-kinderfotografen.de\/blog2\/wp-content\/uploads\/2019\/09\/29-14292-post\/10-768x512.jpg 768w\" sizes=\"(max-width: 1024px) 100vw, 1024px\" \/><img decoding=\"async\" loading=\"lazy\" class=\"aligncenter size-large wp-image-14322\" src=\"https:\/\/vereinigung-professioneller-kinderfotografen.de\/blog2\/wp-content\/uploads\/2019\/09\/29-14292-post\/11-1024x683.jpg\" alt=\"\" width=\"1024\" height=\"683\" srcset=\"https:\/\/vereinigung-professioneller-kinderfotografen.de\/blog2\/wp-content\/uploads\/2019\/09\/29-14292-post\/11-1024x683.jpg 1024w, https:\/\/vereinigung-professioneller-kinderfotografen.de\/blog2\/wp-content\/uploads\/2019\/09\/29-14292-post\/11-300x200.jpg 300w, https:\/\/vereinigung-professioneller-kinderfotografen.de\/blog2\/wp-content\/uploads\/2019\/09\/29-14292-post\/11-768x512.jpg 768w\" sizes=\"(max-width: 1024px) 100vw, 1024px\" \/><img decoding=\"async\" loading=\"lazy\" class=\"aligncenter size-large wp-image-14323\" src=\"https:\/\/vereinigung-professioneller-kinderfotografen.de\/blog2\/wp-content\/uploads\/2019\/09\/29-14292-post\/12-1024x683.jpg\" alt=\"\" width=\"1024\" height=\"683\" srcset=\"https:\/\/vereinigung-professioneller-kinderfotografen.de\/blog2\/wp-content\/uploads\/2019\/09\/29-14292-post\/12-1024x683.jpg 1024w, https:\/\/vereinigung-professioneller-kinderfotografen.de\/blog2\/wp-content\/uploads\/2019\/09\/29-14292-post\/12-300x200.jpg 300w, https:\/\/vereinigung-professioneller-kinderfotografen.de\/blog2\/wp-content\/uploads\/2019\/09\/29-14292-post\/12-768x512.jpg 768w\" sizes=\"(max-width: 1024px) 100vw, 1024px\" \/><img decoding=\"async\" loading=\"lazy\" class=\"aligncenter size-large wp-image-14324\" src=\"https:\/\/vereinigung-professioneller-kinderfotografen.de\/blog2\/wp-content\/uploads\/2019\/09\/29-14292-post\/13-1024x683.jpg\" alt=\"\" width=\"1024\" height=\"683\" srcset=\"https:\/\/vereinigung-professioneller-kinderfotografen.de\/blog2\/wp-content\/uploads\/2019\/09\/29-14292-post\/13-1024x683.jpg 1024w, https:\/\/vereinigung-professioneller-kinderfotografen.de\/blog2\/wp-content\/uploads\/2019\/09\/29-14292-post\/13-300x200.jpg 300w, https:\/\/vereinigung-professioneller-kinderfotografen.de\/blog2\/wp-content\/uploads\/2019\/09\/29-14292-post\/13-768x512.jpg 768w\" sizes=\"(max-width: 1024px) 100vw, 1024px\" \/><img decoding=\"async\" loading=\"lazy\" class=\"aligncenter size-large wp-image-14325\" src=\"https:\/\/vereinigung-professioneller-kinderfotografen.de\/blog2\/wp-content\/uploads\/2019\/09\/29-14292-post\/14-683x1024.jpg\" alt=\"\" width=\"683\" height=\"1024\" srcset=\"https:\/\/vereinigung-professioneller-kinderfotografen.de\/blog2\/wp-content\/uploads\/2019\/09\/29-14292-post\/14-683x1024.jpg 683w, https:\/\/vereinigung-professioneller-kinderfotografen.de\/blog2\/wp-content\/uploads\/2019\/09\/29-14292-post\/14-200x300.jpg 200w, https:\/\/vereinigung-professioneller-kinderfotografen.de\/blog2\/wp-content\/uploads\/2019\/09\/29-14292-post\/14-768x1152.jpg 768w\" sizes=\"(max-width: 683px) 100vw, 683px\" \/><img decoding=\"async\" loading=\"lazy\" class=\"aligncenter size-large wp-image-14326\" src=\"https:\/\/vereinigung-professioneller-kinderfotografen.de\/blog2\/wp-content\/uploads\/2019\/09\/29-14292-post\/15-1024x683.jpg\" alt=\"\" width=\"1024\" height=\"683\" srcset=\"https:\/\/vereinigung-professioneller-kinderfotografen.de\/blog2\/wp-content\/uploads\/2019\/09\/29-14292-post\/15-1024x683.jpg 1024w, https:\/\/vereinigung-professioneller-kinderfotografen.de\/blog2\/wp-content\/uploads\/2019\/09\/29-14292-post\/15-300x200.jpg 300w, https:\/\/vereinigung-professioneller-kinderfotografen.de\/blog2\/wp-content\/uploads\/2019\/09\/29-14292-post\/15-768x512.jpg 768w\" sizes=\"(max-width: 1024px) 100vw, 1024px\" \/><img decoding=\"async\" loading=\"lazy\" class=\"aligncenter size-large wp-image-14327\" src=\"https:\/\/vereinigung-professioneller-kinderfotografen.de\/blog2\/wp-content\/uploads\/2019\/09\/29-14292-post\/16-1024x683.jpg\" alt=\"\" width=\"1024\" height=\"683\" srcset=\"https:\/\/vereinigung-professioneller-kinderfotografen.de\/blog2\/wp-content\/uploads\/2019\/09\/29-14292-post\/16-1024x683.jpg 1024w, https:\/\/vereinigung-professioneller-kinderfotografen.de\/blog2\/wp-content\/uploads\/2019\/09\/29-14292-post\/16-300x200.jpg 300w, https:\/\/vereinigung-professioneller-kinderfotografen.de\/blog2\/wp-content\/uploads\/2019\/09\/29-14292-post\/16-768x512.jpg 768w\" sizes=\"(max-width: 1024px) 100vw, 1024px\" \/><img decoding=\"async\" loading=\"lazy\" class=\"aligncenter size-large wp-image-14328\" src=\"https:\/\/vereinigung-professioneller-kinderfotografen.de\/blog2\/wp-content\/uploads\/2019\/09\/29-14292-post\/17-683x1024.jpg\" alt=\"\" width=\"683\" height=\"1024\" srcset=\"https:\/\/vereinigung-professioneller-kinderfotografen.de\/blog2\/wp-content\/uploads\/2019\/09\/29-14292-post\/17-683x1024.jpg 683w, https:\/\/vereinigung-professioneller-kinderfotografen.de\/blog2\/wp-content\/uploads\/2019\/09\/29-14292-post\/17-200x300.jpg 200w, https:\/\/vereinigung-professioneller-kinderfotografen.de\/blog2\/wp-content\/uploads\/2019\/09\/29-14292-post\/17-768x1152.jpg 768w\" sizes=\"(max-width: 683px) 100vw, 683px\" \/><\/p>\n<p>&nbsp;<\/p>\n","protected":false},"excerpt":{"rendered":"<p>Zu sch\u00f6n ist es als Fotograf\/in die Familien \u00fcber einen langen Zeitraum begleiten zu d\u00fcrfen. Unsere Fotografin Eva-Maria Schmidt durfte f\u00fcr diese zwei s\u00fc\u00dfen Geschwisterkinder jetzt schon seit einigen Jahren sch\u00f6ne Kindheitserinnerungen schaffen. Dieses Jahr war auch ein Pony mit dabei, aber schaut doch selbst! Mehr Bilder von Fotografie Eva-Maria Schmidt auf Facebook oder ihrer...<\/p>\n","protected":false},"author":2,"featured_media":14327,"comment_status":"closed","ping_status":"closed","sticky":false,"template":"","format":"standard","meta":{"pp_embeds":""},"categories":[898],"tags":[354,61,127,126,110,45,149,25],"acf":[],"_links":{"self":[{"href":"https:\/\/vereinigung-professioneller-kinderfotografen.de\/blog2\/wp-json\/wp\/v2\/posts\/14292"}],"collection":[{"href":"https:\/\/vereinigung-professioneller-kinderfotografen.de\/blog2\/wp-json\/wp\/v2\/posts"}],"about":[{"href":"https:\/\/vereinigung-professioneller-kinderfotografen.de\/blog2\/wp-json\/wp\/v2\/types\/post"}],"author":[{"embeddable":true,"href":"https:\/\/vereinigung-professioneller-kinderfotografen.de\/blog2\/wp-json\/wp\/v2\/users\/2"}],"replies":[{"embeddable":true,"href":"https:\/\/vereinigung-professioneller-kinderfotografen.de\/blog2\/wp-json\/wp\/v2\/comments?post=14292"}],"version-history":[{"count":3,"href":"https:\/\/vereinigung-professioneller-kinderfotografen.de\/blog2\/wp-json\/wp\/v2\/posts\/14292\/revisions"}],"predecessor-version":[{"id":14311,"href":"https:\/\/vereinigung-professioneller-kinderfotografen.de\/blog2\/wp-json\/wp\/v2\/posts\/14292\/revisions\/14311"}],"wp:featuredmedia":[{"embeddable":true,"href":"https:\/\/vereinigung-professioneller-kinderfotografen.de\/blog2\/wp-json\/wp\/v2\/media\/14327"}],"wp:attachment":[{"href":"https:\/\/vereinigung-professioneller-kinderfotografen.de\/blog2\/wp-json\/wp\/v2\/media?parent=14292"}],"wp:term":[{"taxonomy":"category","embeddable":true,"href":"https:\/\/vereinigung-professioneller-kinderfotografen.de\/blog2\/wp-json\/wp\/v2\/categories?post=14292"},{"taxonomy":"post_tag","embeddable":true,"href":"https:\/\/vereinigung-professioneller-kinderfotografen.de\/blog2\/wp-json\/wp\/v2\/tags?post=14292"}],"curies":[{"name":"wp","href":"https:\/\/api.w.org\/{rel}","templated":true}]}}