{"id":14168,"date":"2019-08-05T14:33:42","date_gmt":"2019-08-05T12:33:42","guid":{"rendered":"https:\/\/vereinigung-professioneller-kinderfotografen.de\/blog2\/?p=14168"},"modified":"2019-08-05T14:48:45","modified_gmt":"2019-08-05T12:48:45","slug":"neugeborenenbilder-ganz-pure-und-natuerlich","status":"publish","type":"post","link":"https:\/\/vereinigung-professioneller-kinderfotografen.de\/blog2\/neugeborenenbilder-ganz-pure-und-natuerlich\/","title":{"rendered":"kleines M\u00e4uschen &#8211; Neugeborenenbilder ganz pure und nat\u00fcrlich"},"content":{"rendered":"<p style=\"text-align: center\">Schaut euch nur die kleine h\u00fcbsche Dame an. Unsere Fotografin Christin Felski von Herzkind Fotografie hat sie fotografiert, als sie erst wenige Tage alt war. F\u00fcr die Eltern und sicherlich auch f\u00fcr die Kleine ein paar ganz tolle nat\u00fcrliche Erinnerungen an die Zeit des Neugeborenenzaubers.<\/p>\n<p style=\"text-align: center\">Weitere Bilder von Herzkind Fotografie findet ihr auf ihrer Website : www.herzkind-fotografie.de<\/p>\n<p style=\"text-align: center\">Besucht sie doch auch mal in ihrem Studio 16816 Neuruppin.<br \/>\n<img decoding=\"async\" loading=\"lazy\" class=\"aligncenter size-full wp-image-14183\" src=\"https:\/\/vereinigung-professioneller-kinderfotografen.de\/blog2\/wp-content\/uploads\/2019\/08\/05-14168-post\/Anja-Stantin_Lucy_024_sw_web.jpg\" alt=\"\" width=\"1000\" height=\"667\" srcset=\"https:\/\/vereinigung-professioneller-kinderfotografen.de\/blog2\/wp-content\/uploads\/2019\/08\/05-14168-post\/Anja-Stantin_Lucy_024_sw_web.jpg 1000w, https:\/\/vereinigung-professioneller-kinderfotografen.de\/blog2\/wp-content\/uploads\/2019\/08\/05-14168-post\/Anja-Stantin_Lucy_024_sw_web-300x200.jpg 300w, https:\/\/vereinigung-professioneller-kinderfotografen.de\/blog2\/wp-content\/uploads\/2019\/08\/05-14168-post\/Anja-Stantin_Lucy_024_sw_web-768x512.jpg 768w\" sizes=\"(max-width: 1000px) 100vw, 1000px\" \/><img decoding=\"async\" loading=\"lazy\" class=\"aligncenter size-full wp-image-14181\" src=\"https:\/\/vereinigung-professioneller-kinderfotografen.de\/blog2\/wp-content\/uploads\/2019\/08\/05-14168-post\/Anja-Stantin_Lucy_017_web.jpg\" alt=\"\" width=\"1000\" height=\"667\" srcset=\"https:\/\/vereinigung-professioneller-kinderfotografen.de\/blog2\/wp-content\/uploads\/2019\/08\/05-14168-post\/Anja-Stantin_Lucy_017_web.jpg 1000w, https:\/\/vereinigung-professioneller-kinderfotografen.de\/blog2\/wp-content\/uploads\/2019\/08\/05-14168-post\/Anja-Stantin_Lucy_017_web-300x200.jpg 300w, https:\/\/vereinigung-professioneller-kinderfotografen.de\/blog2\/wp-content\/uploads\/2019\/08\/05-14168-post\/Anja-Stantin_Lucy_017_web-768x512.jpg 768w\" sizes=\"(max-width: 1000px) 100vw, 1000px\" \/><\/p>\n<p><img decoding=\"async\" loading=\"lazy\" class=\"aligncenter size-full wp-image-14179\" src=\"https:\/\/vereinigung-professioneller-kinderfotografen.de\/blog2\/wp-content\/uploads\/2019\/08\/05-14168-post\/Anja-Stantin_Lucy_012_sw_web.jpg\" alt=\"\" width=\"1000\" height=\"667\" srcset=\"https:\/\/vereinigung-professioneller-kinderfotografen.de\/blog2\/wp-content\/uploads\/2019\/08\/05-14168-post\/Anja-Stantin_Lucy_012_sw_web.jpg 1000w, https:\/\/vereinigung-professioneller-kinderfotografen.de\/blog2\/wp-content\/uploads\/2019\/08\/05-14168-post\/Anja-Stantin_Lucy_012_sw_web-300x200.jpg 300w, https:\/\/vereinigung-professioneller-kinderfotografen.de\/blog2\/wp-content\/uploads\/2019\/08\/05-14168-post\/Anja-Stantin_Lucy_012_sw_web-768x512.jpg 768w\" sizes=\"(max-width: 1000px) 100vw, 1000px\" \/><img decoding=\"async\" loading=\"lazy\" class=\"aligncenter size-full wp-image-14180\" src=\"https:\/\/vereinigung-professioneller-kinderfotografen.de\/blog2\/wp-content\/uploads\/2019\/08\/05-14168-post\/Anja-Stantin_Lucy_013_web.jpg\" alt=\"\" width=\"1000\" height=\"667\" srcset=\"https:\/\/vereinigung-professioneller-kinderfotografen.de\/blog2\/wp-content\/uploads\/2019\/08\/05-14168-post\/Anja-Stantin_Lucy_013_web.jpg 1000w, https:\/\/vereinigung-professioneller-kinderfotografen.de\/blog2\/wp-content\/uploads\/2019\/08\/05-14168-post\/Anja-Stantin_Lucy_013_web-300x200.jpg 300w, https:\/\/vereinigung-professioneller-kinderfotografen.de\/blog2\/wp-content\/uploads\/2019\/08\/05-14168-post\/Anja-Stantin_Lucy_013_web-768x512.jpg 768w\" sizes=\"(max-width: 1000px) 100vw, 1000px\" \/><img decoding=\"async\" loading=\"lazy\" class=\"aligncenter size-full wp-image-14182\" src=\"https:\/\/vereinigung-professioneller-kinderfotografen.de\/blog2\/wp-content\/uploads\/2019\/08\/05-14168-post\/Anja-Stantin_Lucy_023_sw_web.jpg\" alt=\"\" width=\"1000\" height=\"667\" srcset=\"https:\/\/vereinigung-professioneller-kinderfotografen.de\/blog2\/wp-content\/uploads\/2019\/08\/05-14168-post\/Anja-Stantin_Lucy_023_sw_web.jpg 1000w, https:\/\/vereinigung-professioneller-kinderfotografen.de\/blog2\/wp-content\/uploads\/2019\/08\/05-14168-post\/Anja-Stantin_Lucy_023_sw_web-300x200.jpg 300w, https:\/\/vereinigung-professioneller-kinderfotografen.de\/blog2\/wp-content\/uploads\/2019\/08\/05-14168-post\/Anja-Stantin_Lucy_023_sw_web-768x512.jpg 768w\" sizes=\"(max-width: 1000px) 100vw, 1000px\" \/><img decoding=\"async\" loading=\"lazy\" class=\"aligncenter size-full wp-image-14177\" src=\"https:\/\/vereinigung-professioneller-kinderfotografen.de\/blog2\/wp-content\/uploads\/2019\/08\/05-14168-post\/Anja-Stantin_Lucy_009_web.jpg\" alt=\"\" width=\"1000\" height=\"667\" srcset=\"https:\/\/vereinigung-professioneller-kinderfotografen.de\/blog2\/wp-content\/uploads\/2019\/08\/05-14168-post\/Anja-Stantin_Lucy_009_web.jpg 1000w, https:\/\/vereinigung-professioneller-kinderfotografen.de\/blog2\/wp-content\/uploads\/2019\/08\/05-14168-post\/Anja-Stantin_Lucy_009_web-300x200.jpg 300w, https:\/\/vereinigung-professioneller-kinderfotografen.de\/blog2\/wp-content\/uploads\/2019\/08\/05-14168-post\/Anja-Stantin_Lucy_009_web-768x512.jpg 768w\" sizes=\"(max-width: 1000px) 100vw, 1000px\" \/><img decoding=\"async\" loading=\"lazy\" class=\"aligncenter size-full wp-image-14178\" src=\"https:\/\/vereinigung-professioneller-kinderfotografen.de\/blog2\/wp-content\/uploads\/2019\/08\/05-14168-post\/Anja-Stantin_Lucy_011_sw_web.jpg\" alt=\"\" width=\"1000\" height=\"667\" srcset=\"https:\/\/vereinigung-professioneller-kinderfotografen.de\/blog2\/wp-content\/uploads\/2019\/08\/05-14168-post\/Anja-Stantin_Lucy_011_sw_web.jpg 1000w, https:\/\/vereinigung-professioneller-kinderfotografen.de\/blog2\/wp-content\/uploads\/2019\/08\/05-14168-post\/Anja-Stantin_Lucy_011_sw_web-300x200.jpg 300w, https:\/\/vereinigung-professioneller-kinderfotografen.de\/blog2\/wp-content\/uploads\/2019\/08\/05-14168-post\/Anja-Stantin_Lucy_011_sw_web-768x512.jpg 768w\" sizes=\"(max-width: 1000px) 100vw, 1000px\" \/><\/p>\n<p><img decoding=\"async\" loading=\"lazy\" class=\"aligncenter size-full wp-image-14175\" src=\"https:\/\/vereinigung-professioneller-kinderfotografen.de\/blog2\/wp-content\/uploads\/2019\/08\/05-14168-post\/Anja-Stantin_Lucy_007_web.jpg\" alt=\"\" width=\"1000\" height=\"667\" srcset=\"https:\/\/vereinigung-professioneller-kinderfotografen.de\/blog2\/wp-content\/uploads\/2019\/08\/05-14168-post\/Anja-Stantin_Lucy_007_web.jpg 1000w, https:\/\/vereinigung-professioneller-kinderfotografen.de\/blog2\/wp-content\/uploads\/2019\/08\/05-14168-post\/Anja-Stantin_Lucy_007_web-300x200.jpg 300w, https:\/\/vereinigung-professioneller-kinderfotografen.de\/blog2\/wp-content\/uploads\/2019\/08\/05-14168-post\/Anja-Stantin_Lucy_007_web-768x512.jpg 768w\" sizes=\"(max-width: 1000px) 100vw, 1000px\" \/><img decoding=\"async\" loading=\"lazy\" class=\"aligncenter size-full wp-image-14176\" src=\"https:\/\/vereinigung-professioneller-kinderfotografen.de\/blog2\/wp-content\/uploads\/2019\/08\/05-14168-post\/Anja-Stantin_Lucy_008_web.jpg\" alt=\"\" width=\"1000\" height=\"667\" srcset=\"https:\/\/vereinigung-professioneller-kinderfotografen.de\/blog2\/wp-content\/uploads\/2019\/08\/05-14168-post\/Anja-Stantin_Lucy_008_web.jpg 1000w, https:\/\/vereinigung-professioneller-kinderfotografen.de\/blog2\/wp-content\/uploads\/2019\/08\/05-14168-post\/Anja-Stantin_Lucy_008_web-300x200.jpg 300w, https:\/\/vereinigung-professioneller-kinderfotografen.de\/blog2\/wp-content\/uploads\/2019\/08\/05-14168-post\/Anja-Stantin_Lucy_008_web-768x512.jpg 768w\" sizes=\"(max-width: 1000px) 100vw, 1000px\" \/><img decoding=\"async\" loading=\"lazy\" class=\"aligncenter size-full wp-image-14174\" src=\"https:\/\/vereinigung-professioneller-kinderfotografen.de\/blog2\/wp-content\/uploads\/2019\/08\/05-14168-post\/Anja-Stantin_Lucy_006_sw_web.jpg\" alt=\"\" width=\"1000\" height=\"667\" srcset=\"https:\/\/vereinigung-professioneller-kinderfotografen.de\/blog2\/wp-content\/uploads\/2019\/08\/05-14168-post\/Anja-Stantin_Lucy_006_sw_web.jpg 1000w, https:\/\/vereinigung-professioneller-kinderfotografen.de\/blog2\/wp-content\/uploads\/2019\/08\/05-14168-post\/Anja-Stantin_Lucy_006_sw_web-300x200.jpg 300w, https:\/\/vereinigung-professioneller-kinderfotografen.de\/blog2\/wp-content\/uploads\/2019\/08\/05-14168-post\/Anja-Stantin_Lucy_006_sw_web-768x512.jpg 768w\" sizes=\"(max-width: 1000px) 100vw, 1000px\" \/><img decoding=\"async\" loading=\"lazy\" class=\"aligncenter size-full wp-image-14172\" src=\"https:\/\/vereinigung-professioneller-kinderfotografen.de\/blog2\/wp-content\/uploads\/2019\/08\/05-14168-post\/Anja-Stantin_Lucy_004_web.jpg\" alt=\"\" width=\"1000\" height=\"667\" srcset=\"https:\/\/vereinigung-professioneller-kinderfotografen.de\/blog2\/wp-content\/uploads\/2019\/08\/05-14168-post\/Anja-Stantin_Lucy_004_web.jpg 1000w, https:\/\/vereinigung-professioneller-kinderfotografen.de\/blog2\/wp-content\/uploads\/2019\/08\/05-14168-post\/Anja-Stantin_Lucy_004_web-300x200.jpg 300w, https:\/\/vereinigung-professioneller-kinderfotografen.de\/blog2\/wp-content\/uploads\/2019\/08\/05-14168-post\/Anja-Stantin_Lucy_004_web-768x512.jpg 768w\" sizes=\"(max-width: 1000px) 100vw, 1000px\" \/><img decoding=\"async\" loading=\"lazy\" class=\"aligncenter size-full wp-image-14171\" src=\"https:\/\/vereinigung-professioneller-kinderfotografen.de\/blog2\/wp-content\/uploads\/2019\/08\/05-14168-post\/Anja-Stantin_Lucy_003_sw_web.jpg\" alt=\"\" width=\"1000\" height=\"667\" srcset=\"https:\/\/vereinigung-professioneller-kinderfotografen.de\/blog2\/wp-content\/uploads\/2019\/08\/05-14168-post\/Anja-Stantin_Lucy_003_sw_web.jpg 1000w, https:\/\/vereinigung-professioneller-kinderfotografen.de\/blog2\/wp-content\/uploads\/2019\/08\/05-14168-post\/Anja-Stantin_Lucy_003_sw_web-300x200.jpg 300w, https:\/\/vereinigung-professioneller-kinderfotografen.de\/blog2\/wp-content\/uploads\/2019\/08\/05-14168-post\/Anja-Stantin_Lucy_003_sw_web-768x512.jpg 768w\" sizes=\"(max-width: 1000px) 100vw, 1000px\" \/><img decoding=\"async\" loading=\"lazy\" class=\"aligncenter size-full wp-image-14173\" src=\"https:\/\/vereinigung-professioneller-kinderfotografen.de\/blog2\/wp-content\/uploads\/2019\/08\/05-14168-post\/Anja-Stantin_Lucy_005_web.jpg\" alt=\"\" width=\"1000\" height=\"667\" srcset=\"https:\/\/vereinigung-professioneller-kinderfotografen.de\/blog2\/wp-content\/uploads\/2019\/08\/05-14168-post\/Anja-Stantin_Lucy_005_web.jpg 1000w, https:\/\/vereinigung-professioneller-kinderfotografen.de\/blog2\/wp-content\/uploads\/2019\/08\/05-14168-post\/Anja-Stantin_Lucy_005_web-300x200.jpg 300w, https:\/\/vereinigung-professioneller-kinderfotografen.de\/blog2\/wp-content\/uploads\/2019\/08\/05-14168-post\/Anja-Stantin_Lucy_005_web-768x512.jpg 768w\" sizes=\"(max-width: 1000px) 100vw, 1000px\" \/><img decoding=\"async\" loading=\"lazy\" class=\"aligncenter size-full wp-image-14170\" src=\"https:\/\/vereinigung-professioneller-kinderfotografen.de\/blog2\/wp-content\/uploads\/2019\/08\/05-14168-post\/Anja-Stantin_Lucy_002_web.jpg\" alt=\"\" width=\"1000\" height=\"667\" srcset=\"https:\/\/vereinigung-professioneller-kinderfotografen.de\/blog2\/wp-content\/uploads\/2019\/08\/05-14168-post\/Anja-Stantin_Lucy_002_web.jpg 1000w, https:\/\/vereinigung-professioneller-kinderfotografen.de\/blog2\/wp-content\/uploads\/2019\/08\/05-14168-post\/Anja-Stantin_Lucy_002_web-300x200.jpg 300w, https:\/\/vereinigung-professioneller-kinderfotografen.de\/blog2\/wp-content\/uploads\/2019\/08\/05-14168-post\/Anja-Stantin_Lucy_002_web-768x512.jpg 768w\" sizes=\"(max-width: 1000px) 100vw, 1000px\" \/><img decoding=\"async\" loading=\"lazy\" class=\"aligncenter size-full wp-image-14169\" src=\"https:\/\/vereinigung-professioneller-kinderfotografen.de\/blog2\/wp-content\/uploads\/2019\/08\/05-14168-post\/Anja-Stantin_Lucy_001_sw_web.jpg\" alt=\"\" width=\"1000\" height=\"667\" srcset=\"https:\/\/vereinigung-professioneller-kinderfotografen.de\/blog2\/wp-content\/uploads\/2019\/08\/05-14168-post\/Anja-Stantin_Lucy_001_sw_web.jpg 1000w, https:\/\/vereinigung-professioneller-kinderfotografen.de\/blog2\/wp-content\/uploads\/2019\/08\/05-14168-post\/Anja-Stantin_Lucy_001_sw_web-300x200.jpg 300w, https:\/\/vereinigung-professioneller-kinderfotografen.de\/blog2\/wp-content\/uploads\/2019\/08\/05-14168-post\/Anja-Stantin_Lucy_001_sw_web-768x512.jpg 768w\" sizes=\"(max-width: 1000px) 100vw, 1000px\" \/><\/p>\n","protected":false},"excerpt":{"rendered":"<p>Schaut euch nur die kleine h\u00fcbsche Dame an. Unsere Fotografin Christin Felski von Herzkind Fotografie hat sie fotografiert, als sie erst wenige Tage alt war. F\u00fcr die Eltern und sicherlich auch f\u00fcr die Kleine ein paar ganz tolle nat\u00fcrliche Erinnerungen an die Zeit des Neugeborenenzaubers. Weitere Bilder von Herzkind Fotografie findet ihr auf ihrer Website...<\/p>\n","protected":false},"author":2,"featured_media":14175,"comment_status":"closed","ping_status":"closed","sticky":false,"template":"","format":"standard","meta":{"pp_embeds":""},"categories":[504],"tags":[644,12,10,410,16,6,646,19,149,15,25],"acf":[],"_links":{"self":[{"href":"https:\/\/vereinigung-professioneller-kinderfotografen.de\/blog2\/wp-json\/wp\/v2\/posts\/14168"}],"collection":[{"href":"https:\/\/vereinigung-professioneller-kinderfotografen.de\/blog2\/wp-json\/wp\/v2\/posts"}],"about":[{"href":"https:\/\/vereinigung-professioneller-kinderfotografen.de\/blog2\/wp-json\/wp\/v2\/types\/post"}],"author":[{"embeddable":true,"href":"https:\/\/vereinigung-professioneller-kinderfotografen.de\/blog2\/wp-json\/wp\/v2\/users\/2"}],"replies":[{"embeddable":true,"href":"https:\/\/vereinigung-professioneller-kinderfotografen.de\/blog2\/wp-json\/wp\/v2\/comments?post=14168"}],"version-history":[{"count":3,"href":"https:\/\/vereinigung-professioneller-kinderfotografen.de\/blog2\/wp-json\/wp\/v2\/posts\/14168\/revisions"}],"predecessor-version":[{"id":14186,"href":"https:\/\/vereinigung-professioneller-kinderfotografen.de\/blog2\/wp-json\/wp\/v2\/posts\/14168\/revisions\/14186"}],"wp:featuredmedia":[{"embeddable":true,"href":"https:\/\/vereinigung-professioneller-kinderfotografen.de\/blog2\/wp-json\/wp\/v2\/media\/14175"}],"wp:attachment":[{"href":"https:\/\/vereinigung-professioneller-kinderfotografen.de\/blog2\/wp-json\/wp\/v2\/media?parent=14168"}],"wp:term":[{"taxonomy":"category","embeddable":true,"href":"https:\/\/vereinigung-professioneller-kinderfotografen.de\/blog2\/wp-json\/wp\/v2\/categories?post=14168"},{"taxonomy":"post_tag","embeddable":true,"href":"https:\/\/vereinigung-professioneller-kinderfotografen.de\/blog2\/wp-json\/wp\/v2\/tags?post=14168"}],"curies":[{"name":"wp","href":"https:\/\/api.w.org\/{rel}","templated":true}]}}