{"id":14107,"date":"2019-07-29T18:00:29","date_gmt":"2019-07-29T16:00:29","guid":{"rendered":"https:\/\/vereinigung-professioneller-kinderfotografen.de\/blog2\/?p=14107"},"modified":"2019-07-28T18:00:19","modified_gmt":"2019-07-28T16:00:19","slug":"neugeborenenfotos-muenchen-anne-deml-photography","status":"publish","type":"post","link":"https:\/\/vereinigung-professioneller-kinderfotografen.de\/blog2\/neugeborenenfotos-muenchen-anne-deml-photography\/","title":{"rendered":"Neugeborenenfotos M\u00fcnchen &#8211; Anne Deml Photography"},"content":{"rendered":"<p>Heute m\u00f6chte ich euch die Neugeborenenfotos von Carlotta zeigen. Carlotta besuchte mich mit ihren Eltern und ihrer gro\u00dfen Schwester in meinem Fotostudio in M\u00fcnchen. Nat\u00fcrlich mache ich immer erst ein paar Familien- und Geschwisterfotos, bevor ich dann mit dem neugeborenen Baby und der Mama das Shooting weiterf\u00fchre. Carlottas Schwester war ein ganz sch\u00f6ner Wirbelwind, das st\u00f6rte Carlotta aber \u00fcberhaupt nicht. Nachdem sie sich alles angeschaut hatte, fiel sie in einen tiefen Schlaf und ich konnte wunderbare Erinnerungen f\u00fcr die liebe Familie festhalten. Aber \u00fcberzeugt euch selbst von den niedlichen Neugeborenenbildern. Ich w\u00fcrde mich freuen, wenn auch ihr mich f\u00fcr ein Neugeborenenshooting bucht.<\/p>\n<p><img decoding=\"async\" loading=\"lazy\" class=\"aligncenter size-large wp-image-14119\" src=\"https:\/\/vereinigung-professioneller-kinderfotografen.de\/blog2\/wp-content\/uploads\/2019\/07\/28-14107-post\/anne_deml_professionelle_babybilder_fotostudio_babyfotograf_muenchen_anne_deml_babyshooting_neugeborenenfotos_carlotta_10.jpg\" alt=\"\" width=\"900\" height=\"600\" srcset=\"https:\/\/vereinigung-professioneller-kinderfotografen.de\/blog2\/wp-content\/uploads\/2019\/07\/28-14107-post\/anne_deml_professionelle_babybilder_fotostudio_babyfotograf_muenchen_anne_deml_babyshooting_neugeborenenfotos_carlotta_10.jpg 900w, https:\/\/vereinigung-professioneller-kinderfotografen.de\/blog2\/wp-content\/uploads\/2019\/07\/28-14107-post\/anne_deml_professionelle_babybilder_fotostudio_babyfotograf_muenchen_anne_deml_babyshooting_neugeborenenfotos_carlotta_10-300x200.jpg 300w, https:\/\/vereinigung-professioneller-kinderfotografen.de\/blog2\/wp-content\/uploads\/2019\/07\/28-14107-post\/anne_deml_professionelle_babybilder_fotostudio_babyfotograf_muenchen_anne_deml_babyshooting_neugeborenenfotos_carlotta_10-768x512.jpg 768w\" sizes=\"(max-width: 900px) 100vw, 900px\" \/><img decoding=\"async\" loading=\"lazy\" class=\"aligncenter size-large wp-image-14110\" src=\"https:\/\/vereinigung-professioneller-kinderfotografen.de\/blog2\/wp-content\/uploads\/2019\/07\/28-14107-post\/neugeborenenfotos_muenchen_babyfotograf_anne_deml_Carlotta-01.jpg\" alt=\"\" width=\"900\" height=\"600\" srcset=\"https:\/\/vereinigung-professioneller-kinderfotografen.de\/blog2\/wp-content\/uploads\/2019\/07\/28-14107-post\/neugeborenenfotos_muenchen_babyfotograf_anne_deml_Carlotta-01.jpg 900w, https:\/\/vereinigung-professioneller-kinderfotografen.de\/blog2\/wp-content\/uploads\/2019\/07\/28-14107-post\/neugeborenenfotos_muenchen_babyfotograf_anne_deml_Carlotta-01-300x200.jpg 300w, https:\/\/vereinigung-professioneller-kinderfotografen.de\/blog2\/wp-content\/uploads\/2019\/07\/28-14107-post\/neugeborenenfotos_muenchen_babyfotograf_anne_deml_Carlotta-01-768x512.jpg 768w\" sizes=\"(max-width: 900px) 100vw, 900px\" \/><\/p>\n<p><img decoding=\"async\" loading=\"lazy\" class=\"aligncenter size-full wp-image-14109\" src=\"https:\/\/vereinigung-professioneller-kinderfotografen.de\/blog2\/wp-content\/uploads\/2019\/07\/28-14107-post\/liebevolle_neugeborenenfotografie_fotostudio_muenchen_babyfotograf_anne_deml_neugeborenenshooting_babybilder_carlotta_11.jpg\" alt=\"\" width=\"900\" height=\"600\" srcset=\"https:\/\/vereinigung-professioneller-kinderfotografen.de\/blog2\/wp-content\/uploads\/2019\/07\/28-14107-post\/liebevolle_neugeborenenfotografie_fotostudio_muenchen_babyfotograf_anne_deml_neugeborenenshooting_babybilder_carlotta_11.jpg 900w, https:\/\/vereinigung-professioneller-kinderfotografen.de\/blog2\/wp-content\/uploads\/2019\/07\/28-14107-post\/liebevolle_neugeborenenfotografie_fotostudio_muenchen_babyfotograf_anne_deml_neugeborenenshooting_babybilder_carlotta_11-300x200.jpg 300w, https:\/\/vereinigung-professioneller-kinderfotografen.de\/blog2\/wp-content\/uploads\/2019\/07\/28-14107-post\/liebevolle_neugeborenenfotografie_fotostudio_muenchen_babyfotograf_anne_deml_neugeborenenshooting_babybilder_carlotta_11-768x512.jpg 768w\" sizes=\"(max-width: 900px) 100vw, 900px\" \/><\/p>\n<p><img decoding=\"async\" loading=\"lazy\" class=\"aligncenter size-large wp-image-14111\" src=\"https:\/\/vereinigung-professioneller-kinderfotografen.de\/blog2\/wp-content\/uploads\/2019\/07\/28-14107-post\/babyfotografie_muenchen_familienfotos_fotostudio_anne_deml_neugeborene_newbornshooting_carlotta_02.jpg\" alt=\"\" width=\"600\" height=\"900\" srcset=\"https:\/\/vereinigung-professioneller-kinderfotografen.de\/blog2\/wp-content\/uploads\/2019\/07\/28-14107-post\/babyfotografie_muenchen_familienfotos_fotostudio_anne_deml_neugeborene_newbornshooting_carlotta_02.jpg 600w, https:\/\/vereinigung-professioneller-kinderfotografen.de\/blog2\/wp-content\/uploads\/2019\/07\/28-14107-post\/babyfotografie_muenchen_familienfotos_fotostudio_anne_deml_neugeborene_newbornshooting_carlotta_02-200x300.jpg 200w\" sizes=\"(max-width: 600px) 100vw, 600px\" \/><img decoding=\"async\" loading=\"lazy\" class=\"aligncenter size-large wp-image-14112\" src=\"https:\/\/vereinigung-professioneller-kinderfotografen.de\/blog2\/wp-content\/uploads\/2019\/07\/28-14107-post\/neugeborenenbilder_babyshooting_neugeborenenfotografie_muenchen_anne_deml_carlotta_03.jpg\" alt=\"\" width=\"900\" height=\"600\" srcset=\"https:\/\/vereinigung-professioneller-kinderfotografen.de\/blog2\/wp-content\/uploads\/2019\/07\/28-14107-post\/neugeborenenbilder_babyshooting_neugeborenenfotografie_muenchen_anne_deml_carlotta_03.jpg 900w, https:\/\/vereinigung-professioneller-kinderfotografen.de\/blog2\/wp-content\/uploads\/2019\/07\/28-14107-post\/neugeborenenbilder_babyshooting_neugeborenenfotografie_muenchen_anne_deml_carlotta_03-300x200.jpg 300w, https:\/\/vereinigung-professioneller-kinderfotografen.de\/blog2\/wp-content\/uploads\/2019\/07\/28-14107-post\/neugeborenenbilder_babyshooting_neugeborenenfotografie_muenchen_anne_deml_carlotta_03-768x512.jpg 768w\" sizes=\"(max-width: 900px) 100vw, 900px\" \/><img decoding=\"async\" loading=\"lazy\" class=\"aligncenter size-large wp-image-14113\" src=\"https:\/\/vereinigung-professioneller-kinderfotografen.de\/blog2\/wp-content\/uploads\/2019\/07\/28-14107-post\/suesse_babybilder_babyfotograf_babyshooting_anne_deml_fotostudio_muenchen_carlotta_04.jpg\" alt=\"\" width=\"900\" height=\"600\" srcset=\"https:\/\/vereinigung-professioneller-kinderfotografen.de\/blog2\/wp-content\/uploads\/2019\/07\/28-14107-post\/suesse_babybilder_babyfotograf_babyshooting_anne_deml_fotostudio_muenchen_carlotta_04.jpg 900w, https:\/\/vereinigung-professioneller-kinderfotografen.de\/blog2\/wp-content\/uploads\/2019\/07\/28-14107-post\/suesse_babybilder_babyfotograf_babyshooting_anne_deml_fotostudio_muenchen_carlotta_04-300x200.jpg 300w, https:\/\/vereinigung-professioneller-kinderfotografen.de\/blog2\/wp-content\/uploads\/2019\/07\/28-14107-post\/suesse_babybilder_babyfotograf_babyshooting_anne_deml_fotostudio_muenchen_carlotta_04-768x512.jpg 768w\" sizes=\"(max-width: 900px) 100vw, 900px\" \/><img decoding=\"async\" loading=\"lazy\" class=\"aligncenter size-large wp-image-14114\" src=\"https:\/\/vereinigung-professioneller-kinderfotografen.de\/blog2\/wp-content\/uploads\/2019\/07\/28-14107-post\/suesse_neugeborenenfotos_babyfotograf_babyshooting_anne_deml_fotostudio_muenchen_carlotta_05.jpg\" alt=\"\" width=\"900\" height=\"600\" srcset=\"https:\/\/vereinigung-professioneller-kinderfotografen.de\/blog2\/wp-content\/uploads\/2019\/07\/28-14107-post\/suesse_neugeborenenfotos_babyfotograf_babyshooting_anne_deml_fotostudio_muenchen_carlotta_05.jpg 900w, https:\/\/vereinigung-professioneller-kinderfotografen.de\/blog2\/wp-content\/uploads\/2019\/07\/28-14107-post\/suesse_neugeborenenfotos_babyfotograf_babyshooting_anne_deml_fotostudio_muenchen_carlotta_05-300x200.jpg 300w, https:\/\/vereinigung-professioneller-kinderfotografen.de\/blog2\/wp-content\/uploads\/2019\/07\/28-14107-post\/suesse_neugeborenenfotos_babyfotograf_babyshooting_anne_deml_fotostudio_muenchen_carlotta_05-768x512.jpg 768w\" sizes=\"(max-width: 900px) 100vw, 900px\" \/><img decoding=\"async\" loading=\"lazy\" class=\"aligncenter size-large wp-image-14115\" src=\"https:\/\/vereinigung-professioneller-kinderfotografen.de\/blog2\/wp-content\/uploads\/2019\/07\/28-14107-post\/babyfotoshooting_neugeborenenfotos_babyfotografin_fotostudio_anne_deml_muenchen_niedliche_neugeborene_carlotta_08.jpg\" alt=\"\" width=\"900\" height=\"600\" srcset=\"https:\/\/vereinigung-professioneller-kinderfotografen.de\/blog2\/wp-content\/uploads\/2019\/07\/28-14107-post\/babyfotoshooting_neugeborenenfotos_babyfotografin_fotostudio_anne_deml_muenchen_niedliche_neugeborene_carlotta_08.jpg 900w, https:\/\/vereinigung-professioneller-kinderfotografen.de\/blog2\/wp-content\/uploads\/2019\/07\/28-14107-post\/babyfotoshooting_neugeborenenfotos_babyfotografin_fotostudio_anne_deml_muenchen_niedliche_neugeborene_carlotta_08-300x200.jpg 300w, https:\/\/vereinigung-professioneller-kinderfotografen.de\/blog2\/wp-content\/uploads\/2019\/07\/28-14107-post\/babyfotoshooting_neugeborenenfotos_babyfotografin_fotostudio_anne_deml_muenchen_niedliche_neugeborene_carlotta_08-768x512.jpg 768w\" sizes=\"(max-width: 900px) 100vw, 900px\" \/><img decoding=\"async\" loading=\"lazy\" class=\"aligncenter size-large wp-image-14116\" src=\"https:\/\/vereinigung-professioneller-kinderfotografen.de\/blog2\/wp-content\/uploads\/2019\/07\/28-14107-post\/geschwisterfotos_babyfotograf_muenchen_fotostudio_anne_deml_babyfotoshooting_neugeborenenfotos_carlotta_06.jpg\" alt=\"\" width=\"900\" height=\"600\" srcset=\"https:\/\/vereinigung-professioneller-kinderfotografen.de\/blog2\/wp-content\/uploads\/2019\/07\/28-14107-post\/geschwisterfotos_babyfotograf_muenchen_fotostudio_anne_deml_babyfotoshooting_neugeborenenfotos_carlotta_06.jpg 900w, https:\/\/vereinigung-professioneller-kinderfotografen.de\/blog2\/wp-content\/uploads\/2019\/07\/28-14107-post\/geschwisterfotos_babyfotograf_muenchen_fotostudio_anne_deml_babyfotoshooting_neugeborenenfotos_carlotta_06-300x200.jpg 300w, https:\/\/vereinigung-professioneller-kinderfotografen.de\/blog2\/wp-content\/uploads\/2019\/07\/28-14107-post\/geschwisterfotos_babyfotograf_muenchen_fotostudio_anne_deml_babyfotoshooting_neugeborenenfotos_carlotta_06-768x512.jpg 768w\" sizes=\"(max-width: 900px) 100vw, 900px\" \/><img decoding=\"async\" loading=\"lazy\" class=\"aligncenter size-large wp-image-14117\" src=\"https:\/\/vereinigung-professioneller-kinderfotografen.de\/blog2\/wp-content\/uploads\/2019\/07\/28-14107-post\/newbornfotografie_neugeborenenshooting_familienbilder_babyfotografin_anne_deml_geburt_babybilder_varlotta_07.jpg\" alt=\"\" width=\"900\" height=\"600\" srcset=\"https:\/\/vereinigung-professioneller-kinderfotografen.de\/blog2\/wp-content\/uploads\/2019\/07\/28-14107-post\/newbornfotografie_neugeborenenshooting_familienbilder_babyfotografin_anne_deml_geburt_babybilder_varlotta_07.jpg 900w, https:\/\/vereinigung-professioneller-kinderfotografen.de\/blog2\/wp-content\/uploads\/2019\/07\/28-14107-post\/newbornfotografie_neugeborenenshooting_familienbilder_babyfotografin_anne_deml_geburt_babybilder_varlotta_07-300x200.jpg 300w, https:\/\/vereinigung-professioneller-kinderfotografen.de\/blog2\/wp-content\/uploads\/2019\/07\/28-14107-post\/newbornfotografie_neugeborenenshooting_familienbilder_babyfotografin_anne_deml_geburt_babybilder_varlotta_07-768x512.jpg 768w\" sizes=\"(max-width: 900px) 100vw, 900px\" \/><img decoding=\"async\" loading=\"lazy\" class=\"aligncenter size-large wp-image-14118\" src=\"https:\/\/vereinigung-professioneller-kinderfotografen.de\/blog2\/wp-content\/uploads\/2019\/07\/28-14107-post\/schlafende_neugeborene_neugeborenenshooting_newborn_anne_deml_fotostudio_babyfotograf_muenchen_carlotta_09.jpg\" alt=\"\" width=\"900\" height=\"600\" srcset=\"https:\/\/vereinigung-professioneller-kinderfotografen.de\/blog2\/wp-content\/uploads\/2019\/07\/28-14107-post\/schlafende_neugeborene_neugeborenenshooting_newborn_anne_deml_fotostudio_babyfotograf_muenchen_carlotta_09.jpg 900w, https:\/\/vereinigung-professioneller-kinderfotografen.de\/blog2\/wp-content\/uploads\/2019\/07\/28-14107-post\/schlafende_neugeborene_neugeborenenshooting_newborn_anne_deml_fotostudio_babyfotograf_muenchen_carlotta_09-300x200.jpg 300w, https:\/\/vereinigung-professioneller-kinderfotografen.de\/blog2\/wp-content\/uploads\/2019\/07\/28-14107-post\/schlafende_neugeborene_neugeborenenshooting_newborn_anne_deml_fotostudio_babyfotograf_muenchen_carlotta_09-768x512.jpg 768w\" sizes=\"(max-width: 900px) 100vw, 900px\" \/><\/p>\n","protected":false},"excerpt":{"rendered":"<p>Heute m\u00f6chte ich euch die Neugeborenenfotos von Carlotta zeigen. Carlotta besuchte mich mit ihren Eltern und ihrer gro\u00dfen Schwester in meinem Fotostudio in M\u00fcnchen. Nat\u00fcrlich mache ich immer erst ein paar Familien- und Geschwisterfotos, bevor ich dann mit dem neugeborenen Baby und der Mama das Shooting weiterf\u00fchre. Carlottas Schwester war ein ganz sch\u00f6ner Wirbelwind, das...<\/p>\n","protected":false},"author":2,"featured_media":0,"comment_status":"closed","ping_status":"closed","sticky":false,"template":"","format":"standard","meta":{"pp_embeds":""},"categories":[379],"tags":[],"acf":[],"_links":{"self":[{"href":"https:\/\/vereinigung-professioneller-kinderfotografen.de\/blog2\/wp-json\/wp\/v2\/posts\/14107"}],"collection":[{"href":"https:\/\/vereinigung-professioneller-kinderfotografen.de\/blog2\/wp-json\/wp\/v2\/posts"}],"about":[{"href":"https:\/\/vereinigung-professioneller-kinderfotografen.de\/blog2\/wp-json\/wp\/v2\/types\/post"}],"author":[{"embeddable":true,"href":"https:\/\/vereinigung-professioneller-kinderfotografen.de\/blog2\/wp-json\/wp\/v2\/users\/2"}],"replies":[{"embeddable":true,"href":"https:\/\/vereinigung-professioneller-kinderfotografen.de\/blog2\/wp-json\/wp\/v2\/comments?post=14107"}],"version-history":[{"count":3,"href":"https:\/\/vereinigung-professioneller-kinderfotografen.de\/blog2\/wp-json\/wp\/v2\/posts\/14107\/revisions"}],"predecessor-version":[{"id":14121,"href":"https:\/\/vereinigung-professioneller-kinderfotografen.de\/blog2\/wp-json\/wp\/v2\/posts\/14107\/revisions\/14121"}],"wp:attachment":[{"href":"https:\/\/vereinigung-professioneller-kinderfotografen.de\/blog2\/wp-json\/wp\/v2\/media?parent=14107"}],"wp:term":[{"taxonomy":"category","embeddable":true,"href":"https:\/\/vereinigung-professioneller-kinderfotografen.de\/blog2\/wp-json\/wp\/v2\/categories?post=14107"},{"taxonomy":"post_tag","embeddable":true,"href":"https:\/\/vereinigung-professioneller-kinderfotografen.de\/blog2\/wp-json\/wp\/v2\/tags?post=14107"}],"curies":[{"name":"wp","href":"https:\/\/api.w.org\/{rel}","templated":true}]}}