{"id":14086,"date":"2019-06-05T08:00:10","date_gmt":"2019-06-05T06:00:10","guid":{"rendered":"https:\/\/vereinigung-professioneller-kinderfotografen.de\/blog2\/?p=14086"},"modified":"2019-06-04T15:54:31","modified_gmt":"2019-06-04T13:54:31","slug":"neugeborenenfotos-von-zwillingen-andrea-rath-die-babyfotografin-der-steiermark-graz-fuerstenfeld-hartberg","status":"publish","type":"post","link":"https:\/\/vereinigung-professioneller-kinderfotografen.de\/blog2\/neugeborenenfotos-von-zwillingen-andrea-rath-die-babyfotografin-der-steiermark-graz-fuerstenfeld-hartberg\/","title":{"rendered":"Neugeborenenfotos von Zwillingen | Andrea Rath | Die Babyfotografin der Steiermark | Graz | F\u00fcrstenfeld | Hartberg |"},"content":{"rendered":"<p>Zwillinge &#8211; doppeltes Gl\u00fcck &#8211; doppelte Freude.<\/p>\n<p>Unsere Fotografin <a href=\"https:\/\/vereinigung-professioneller-kinderfotografen.de\/blog2\/8263-grosswilfersdorf-andrea-rath\/\" target=\"_blank\" rel=\"noopener\">Andrea Rath<\/a> zeigt uns heute ein Neugeborenenfotoshooting mit Zwillingen. Ihrer Meinung nach ein viel zu seltenes Ph\u00e4nomen. Denn Zwillinge sind nicht nur f\u00fcr Eltern etwas ganz Besonderes, sondern auch f\u00fcr Fotografen.<\/p>\n<p>Mehr von unserer Fotografin findet ihr auf ihrer Facebook-Seite\u00a0<a href=\"https:\/\/www.facebook.com\/andrearathfotografie\/\" target=\"_blank\" rel=\"noopener\">Andrea Rath Fotografie<\/a> oder auf Instagram unter\u00a0<a href=\"https:\/\/www.instagram.com\/andrearath_fotografie\/\" target=\"_blank\" rel=\"noopener\">andrearath_fotografie<\/a>.<\/p>\n<p>&nbsp;<\/p>\n<p><img decoding=\"async\" loading=\"lazy\" class=\"aligncenter size-full wp-image-14088\" src=\"https:\/\/vereinigung-professioneller-kinderfotografen.de\/blog2\/wp-content\/uploads\/2019\/06\/04-14086-post\/andrea_rath_01.jpg\" alt=\"\" width=\"800\" height=\"533\" srcset=\"https:\/\/vereinigung-professioneller-kinderfotografen.de\/blog2\/wp-content\/uploads\/2019\/06\/04-14086-post\/andrea_rath_01.jpg 800w, https:\/\/vereinigung-professioneller-kinderfotografen.de\/blog2\/wp-content\/uploads\/2019\/06\/04-14086-post\/andrea_rath_01-300x200.jpg 300w, https:\/\/vereinigung-professioneller-kinderfotografen.de\/blog2\/wp-content\/uploads\/2019\/06\/04-14086-post\/andrea_rath_01-768x512.jpg 768w\" sizes=\"(max-width: 800px) 100vw, 800px\" \/><img decoding=\"async\" loading=\"lazy\" class=\"aligncenter size-large wp-image-14089\" src=\"https:\/\/vereinigung-professioneller-kinderfotografen.de\/blog2\/wp-content\/uploads\/2019\/06\/04-14086-post\/andrea_rath_02.jpg\" alt=\"\" width=\"800\" height=\"533\" srcset=\"https:\/\/vereinigung-professioneller-kinderfotografen.de\/blog2\/wp-content\/uploads\/2019\/06\/04-14086-post\/andrea_rath_02.jpg 800w, https:\/\/vereinigung-professioneller-kinderfotografen.de\/blog2\/wp-content\/uploads\/2019\/06\/04-14086-post\/andrea_rath_02-300x200.jpg 300w, https:\/\/vereinigung-professioneller-kinderfotografen.de\/blog2\/wp-content\/uploads\/2019\/06\/04-14086-post\/andrea_rath_02-768x512.jpg 768w\" sizes=\"(max-width: 800px) 100vw, 800px\" \/><img decoding=\"async\" loading=\"lazy\" class=\"aligncenter size-large wp-image-14090\" src=\"https:\/\/vereinigung-professioneller-kinderfotografen.de\/blog2\/wp-content\/uploads\/2019\/06\/04-14086-post\/andrea_rath_03.jpg\" alt=\"\" width=\"800\" height=\"533\" srcset=\"https:\/\/vereinigung-professioneller-kinderfotografen.de\/blog2\/wp-content\/uploads\/2019\/06\/04-14086-post\/andrea_rath_03.jpg 800w, https:\/\/vereinigung-professioneller-kinderfotografen.de\/blog2\/wp-content\/uploads\/2019\/06\/04-14086-post\/andrea_rath_03-300x200.jpg 300w, https:\/\/vereinigung-professioneller-kinderfotografen.de\/blog2\/wp-content\/uploads\/2019\/06\/04-14086-post\/andrea_rath_03-768x512.jpg 768w\" sizes=\"(max-width: 800px) 100vw, 800px\" \/><img decoding=\"async\" loading=\"lazy\" class=\"aligncenter size-large wp-image-14091\" src=\"https:\/\/vereinigung-professioneller-kinderfotografen.de\/blog2\/wp-content\/uploads\/2019\/06\/04-14086-post\/andrea_rath_04.jpg\" alt=\"\" width=\"800\" height=\"533\" srcset=\"https:\/\/vereinigung-professioneller-kinderfotografen.de\/blog2\/wp-content\/uploads\/2019\/06\/04-14086-post\/andrea_rath_04.jpg 800w, https:\/\/vereinigung-professioneller-kinderfotografen.de\/blog2\/wp-content\/uploads\/2019\/06\/04-14086-post\/andrea_rath_04-300x200.jpg 300w, https:\/\/vereinigung-professioneller-kinderfotografen.de\/blog2\/wp-content\/uploads\/2019\/06\/04-14086-post\/andrea_rath_04-768x512.jpg 768w\" sizes=\"(max-width: 800px) 100vw, 800px\" \/><\/p>\n<p><img decoding=\"async\" loading=\"lazy\" class=\"aligncenter size-full wp-image-14097\" src=\"https:\/\/vereinigung-professioneller-kinderfotografen.de\/blog2\/wp-content\/uploads\/2019\/06\/04-14086-post\/andrea_rath_10.jpg\" alt=\"\" width=\"800\" height=\"533\" srcset=\"https:\/\/vereinigung-professioneller-kinderfotografen.de\/blog2\/wp-content\/uploads\/2019\/06\/04-14086-post\/andrea_rath_10.jpg 800w, https:\/\/vereinigung-professioneller-kinderfotografen.de\/blog2\/wp-content\/uploads\/2019\/06\/04-14086-post\/andrea_rath_10-300x200.jpg 300w, https:\/\/vereinigung-professioneller-kinderfotografen.de\/blog2\/wp-content\/uploads\/2019\/06\/04-14086-post\/andrea_rath_10-768x512.jpg 768w\" sizes=\"(max-width: 800px) 100vw, 800px\" \/><img decoding=\"async\" loading=\"lazy\" class=\"aligncenter size-full wp-image-14098\" src=\"https:\/\/vereinigung-professioneller-kinderfotografen.de\/blog2\/wp-content\/uploads\/2019\/06\/04-14086-post\/andrea_rath_11.jpg\" alt=\"\" width=\"800\" height=\"533\" srcset=\"https:\/\/vereinigung-professioneller-kinderfotografen.de\/blog2\/wp-content\/uploads\/2019\/06\/04-14086-post\/andrea_rath_11.jpg 800w, https:\/\/vereinigung-professioneller-kinderfotografen.de\/blog2\/wp-content\/uploads\/2019\/06\/04-14086-post\/andrea_rath_11-300x200.jpg 300w, https:\/\/vereinigung-professioneller-kinderfotografen.de\/blog2\/wp-content\/uploads\/2019\/06\/04-14086-post\/andrea_rath_11-768x512.jpg 768w\" sizes=\"(max-width: 800px) 100vw, 800px\" \/><img decoding=\"async\" loading=\"lazy\" class=\"aligncenter size-full wp-image-14099\" src=\"https:\/\/vereinigung-professioneller-kinderfotografen.de\/blog2\/wp-content\/uploads\/2019\/06\/04-14086-post\/andrea_rath_12.jpg\" alt=\"\" width=\"800\" height=\"533\" srcset=\"https:\/\/vereinigung-professioneller-kinderfotografen.de\/blog2\/wp-content\/uploads\/2019\/06\/04-14086-post\/andrea_rath_12.jpg 800w, https:\/\/vereinigung-professioneller-kinderfotografen.de\/blog2\/wp-content\/uploads\/2019\/06\/04-14086-post\/andrea_rath_12-300x200.jpg 300w, https:\/\/vereinigung-professioneller-kinderfotografen.de\/blog2\/wp-content\/uploads\/2019\/06\/04-14086-post\/andrea_rath_12-768x512.jpg 768w\" sizes=\"(max-width: 800px) 100vw, 800px\" \/><img decoding=\"async\" loading=\"lazy\" class=\"aligncenter size-large wp-image-14092\" src=\"https:\/\/vereinigung-professioneller-kinderfotografen.de\/blog2\/wp-content\/uploads\/2019\/06\/04-14086-post\/andrea_rath_05-683x1024.jpg\" alt=\"\" width=\"683\" height=\"1024\" srcset=\"https:\/\/vereinigung-professioneller-kinderfotografen.de\/blog2\/wp-content\/uploads\/2019\/06\/04-14086-post\/andrea_rath_05-683x1024.jpg 683w, https:\/\/vereinigung-professioneller-kinderfotografen.de\/blog2\/wp-content\/uploads\/2019\/06\/04-14086-post\/andrea_rath_05-200x300.jpg 200w, https:\/\/vereinigung-professioneller-kinderfotografen.de\/blog2\/wp-content\/uploads\/2019\/06\/04-14086-post\/andrea_rath_05-768x1152.jpg 768w, https:\/\/vereinigung-professioneller-kinderfotografen.de\/blog2\/wp-content\/uploads\/2019\/06\/04-14086-post\/andrea_rath_05.jpg 800w\" sizes=\"(max-width: 683px) 100vw, 683px\" \/><img decoding=\"async\" loading=\"lazy\" class=\"aligncenter size-large wp-image-14093\" src=\"https:\/\/vereinigung-professioneller-kinderfotografen.de\/blog2\/wp-content\/uploads\/2019\/06\/04-14086-post\/andrea_rath_06.jpg\" alt=\"\" width=\"800\" height=\"533\" srcset=\"https:\/\/vereinigung-professioneller-kinderfotografen.de\/blog2\/wp-content\/uploads\/2019\/06\/04-14086-post\/andrea_rath_06.jpg 800w, https:\/\/vereinigung-professioneller-kinderfotografen.de\/blog2\/wp-content\/uploads\/2019\/06\/04-14086-post\/andrea_rath_06-300x200.jpg 300w, https:\/\/vereinigung-professioneller-kinderfotografen.de\/blog2\/wp-content\/uploads\/2019\/06\/04-14086-post\/andrea_rath_06-768x512.jpg 768w\" sizes=\"(max-width: 800px) 100vw, 800px\" \/><img decoding=\"async\" loading=\"lazy\" class=\"aligncenter size-large wp-image-14094\" src=\"https:\/\/vereinigung-professioneller-kinderfotografen.de\/blog2\/wp-content\/uploads\/2019\/06\/04-14086-post\/andrea_rath_07.jpg\" alt=\"\" width=\"800\" height=\"533\" srcset=\"https:\/\/vereinigung-professioneller-kinderfotografen.de\/blog2\/wp-content\/uploads\/2019\/06\/04-14086-post\/andrea_rath_07.jpg 800w, https:\/\/vereinigung-professioneller-kinderfotografen.de\/blog2\/wp-content\/uploads\/2019\/06\/04-14086-post\/andrea_rath_07-300x200.jpg 300w, https:\/\/vereinigung-professioneller-kinderfotografen.de\/blog2\/wp-content\/uploads\/2019\/06\/04-14086-post\/andrea_rath_07-768x512.jpg 768w\" sizes=\"(max-width: 800px) 100vw, 800px\" \/><img decoding=\"async\" loading=\"lazy\" class=\"aligncenter size-large wp-image-14095\" src=\"https:\/\/vereinigung-professioneller-kinderfotografen.de\/blog2\/wp-content\/uploads\/2019\/06\/04-14086-post\/andrea_rath_08.jpg\" alt=\"\" width=\"800\" height=\"533\" srcset=\"https:\/\/vereinigung-professioneller-kinderfotografen.de\/blog2\/wp-content\/uploads\/2019\/06\/04-14086-post\/andrea_rath_08.jpg 800w, https:\/\/vereinigung-professioneller-kinderfotografen.de\/blog2\/wp-content\/uploads\/2019\/06\/04-14086-post\/andrea_rath_08-300x200.jpg 300w, https:\/\/vereinigung-professioneller-kinderfotografen.de\/blog2\/wp-content\/uploads\/2019\/06\/04-14086-post\/andrea_rath_08-768x512.jpg 768w\" sizes=\"(max-width: 800px) 100vw, 800px\" \/><\/p>\n<p><img decoding=\"async\" loading=\"lazy\" class=\"aligncenter size-large wp-image-14100\" src=\"https:\/\/vereinigung-professioneller-kinderfotografen.de\/blog2\/wp-content\/uploads\/2019\/06\/04-14086-post\/andrea_rath_13.jpg\" alt=\"\" width=\"800\" height=\"533\" srcset=\"https:\/\/vereinigung-professioneller-kinderfotografen.de\/blog2\/wp-content\/uploads\/2019\/06\/04-14086-post\/andrea_rath_13.jpg 800w, https:\/\/vereinigung-professioneller-kinderfotografen.de\/blog2\/wp-content\/uploads\/2019\/06\/04-14086-post\/andrea_rath_13-300x200.jpg 300w, https:\/\/vereinigung-professioneller-kinderfotografen.de\/blog2\/wp-content\/uploads\/2019\/06\/04-14086-post\/andrea_rath_13-768x512.jpg 768w\" sizes=\"(max-width: 800px) 100vw, 800px\" \/><img decoding=\"async\" loading=\"lazy\" class=\"aligncenter size-large wp-image-14101\" src=\"https:\/\/vereinigung-professioneller-kinderfotografen.de\/blog2\/wp-content\/uploads\/2019\/06\/04-14086-post\/andrea_rath_14.jpg\" alt=\"\" width=\"800\" height=\"533\" srcset=\"https:\/\/vereinigung-professioneller-kinderfotografen.de\/blog2\/wp-content\/uploads\/2019\/06\/04-14086-post\/andrea_rath_14.jpg 800w, https:\/\/vereinigung-professioneller-kinderfotografen.de\/blog2\/wp-content\/uploads\/2019\/06\/04-14086-post\/andrea_rath_14-300x200.jpg 300w, https:\/\/vereinigung-professioneller-kinderfotografen.de\/blog2\/wp-content\/uploads\/2019\/06\/04-14086-post\/andrea_rath_14-768x512.jpg 768w\" sizes=\"(max-width: 800px) 100vw, 800px\" \/><\/p>\n<p><img decoding=\"async\" loading=\"lazy\" class=\"aligncenter size-full wp-image-14096\" src=\"https:\/\/vereinigung-professioneller-kinderfotografen.de\/blog2\/wp-content\/uploads\/2019\/06\/04-14086-post\/andrea_rath_09.jpg\" alt=\"\" width=\"800\" height=\"533\" srcset=\"https:\/\/vereinigung-professioneller-kinderfotografen.de\/blog2\/wp-content\/uploads\/2019\/06\/04-14086-post\/andrea_rath_09.jpg 800w, https:\/\/vereinigung-professioneller-kinderfotografen.de\/blog2\/wp-content\/uploads\/2019\/06\/04-14086-post\/andrea_rath_09-300x200.jpg 300w, https:\/\/vereinigung-professioneller-kinderfotografen.de\/blog2\/wp-content\/uploads\/2019\/06\/04-14086-post\/andrea_rath_09-768x512.jpg 768w\" sizes=\"(max-width: 800px) 100vw, 800px\" \/><\/p>\n","protected":false},"excerpt":{"rendered":"<p>Zwillinge &#8211; doppeltes Gl\u00fcck &#8211; doppelte Freude. Unsere Fotografin Andrea Rath zeigt uns heute ein Neugeborenenfotoshooting mit Zwillingen. Ihrer Meinung nach ein viel zu seltenes Ph\u00e4nomen. Denn Zwillinge sind nicht nur f\u00fcr Eltern etwas ganz Besonderes, sondern auch f\u00fcr Fotografen. Mehr von unserer Fotografin findet ihr auf ihrer Facebook-Seite\u00a0Andrea Rath Fotografie oder auf Instagram unter\u00a0andrearath_fotografie....<\/p>\n","protected":false},"author":2,"featured_media":0,"comment_status":"closed","ping_status":"closed","sticky":false,"template":"","format":"standard","meta":{"pp_embeds":""},"categories":[1177,1],"tags":[1476,1358,1357,1356,1545,1621,1320,489,1478,1477,1620,988,1479,1622,235,1480],"acf":[],"_links":{"self":[{"href":"https:\/\/vereinigung-professioneller-kinderfotografen.de\/blog2\/wp-json\/wp\/v2\/posts\/14086"}],"collection":[{"href":"https:\/\/vereinigung-professioneller-kinderfotografen.de\/blog2\/wp-json\/wp\/v2\/posts"}],"about":[{"href":"https:\/\/vereinigung-professioneller-kinderfotografen.de\/blog2\/wp-json\/wp\/v2\/types\/post"}],"author":[{"embeddable":true,"href":"https:\/\/vereinigung-professioneller-kinderfotografen.de\/blog2\/wp-json\/wp\/v2\/users\/2"}],"replies":[{"embeddable":true,"href":"https:\/\/vereinigung-professioneller-kinderfotografen.de\/blog2\/wp-json\/wp\/v2\/comments?post=14086"}],"version-history":[{"count":3,"href":"https:\/\/vereinigung-professioneller-kinderfotografen.de\/blog2\/wp-json\/wp\/v2\/posts\/14086\/revisions"}],"predecessor-version":[{"id":14103,"href":"https:\/\/vereinigung-professioneller-kinderfotografen.de\/blog2\/wp-json\/wp\/v2\/posts\/14086\/revisions\/14103"}],"wp:attachment":[{"href":"https:\/\/vereinigung-professioneller-kinderfotografen.de\/blog2\/wp-json\/wp\/v2\/media?parent=14086"}],"wp:term":[{"taxonomy":"category","embeddable":true,"href":"https:\/\/vereinigung-professioneller-kinderfotografen.de\/blog2\/wp-json\/wp\/v2\/categories?post=14086"},{"taxonomy":"post_tag","embeddable":true,"href":"https:\/\/vereinigung-professioneller-kinderfotografen.de\/blog2\/wp-json\/wp\/v2\/tags?post=14086"}],"curies":[{"name":"wp","href":"https:\/\/api.w.org\/{rel}","templated":true}]}}