{"id":14032,"date":"2019-06-25T09:13:05","date_gmt":"2019-06-25T07:13:05","guid":{"rendered":"https:\/\/vereinigung-professioneller-kinderfotografen.de\/blog2\/?p=14032"},"modified":"2019-05-24T09:57:43","modified_gmt":"2019-05-24T07:57:43","slug":"zuckertuetenshooting-in-der-natur-bei-berlin","status":"publish","type":"post","link":"https:\/\/vereinigung-professioneller-kinderfotografen.de\/blog2\/zuckertuetenshooting-in-der-natur-bei-berlin\/","title":{"rendered":"Zuckert\u00fctenshooting in der Natur bei Berlin"},"content":{"rendered":"<h1 style=\"text-align: center\">Einschulungsfotos mit Helene und Hannes in Berlin<\/h1>\n<p style=\"text-align: center\">Im Mai sind bei unserer Fotografin Doreen Schaldach bei Potsdam immer die Fotoshootings f\u00fcr die Einladungskarten zur Einschulung.<\/p>\n<p style=\"text-align: center\">Mit wundersch\u00f6nen nostalgischen Schulutensilien zaubert Doreen wundersch\u00f6ne Kinderfotos im Stil vergangener Zeiten.<\/p>\n<p style=\"text-align: center\">Die kleinen M\u00e4use k\u00f6nnen es kaum erwarten in die Schule zu kommen.<\/p>\n<p style=\"text-align: center\">Um so mehr freuen sie sich, schon mal einen Tag lang Schule spielen zu k\u00f6nnen.<\/p>\n<p style=\"text-align: center\">Hannes und Helene waren schon oft zum Fotoshooting bei Doreen.<\/p>\n<p style=\"text-align: center\">Der kleine M\u00e4userich hat noch ein bisschen Zeit bis er die Schulbank dr\u00fccken kann.<\/p>\n<p style=\"text-align: center\">Und Willi hat die Hundeschule schon lange hinter sich \ud83d\ude09<\/p>\n<p style=\"text-align: center\">Aber Helene ist schon ganz aufgeregt und freut sich auf ihren gro\u00dfen Tag im August.<\/p>\n<p style=\"text-align: center\">Stolz zeigt sie ihre Zahnl\u00fccken und bald geht sie mit Mama und Papa ihren Ranzen kaufen.<\/p>\n<p style=\"text-align: center\">Zuckers\u00fc\u00dfe Momente wurden wieder eingefangen.<\/p>\n<p style=\"text-align: center\">Die Omas und Opas freuen sich sicher \u00fcber die Einladungskarte f\u00fcr die Schule mit sooo sch\u00f6nen Motiven.<\/p>\n<h2 style=\"text-align: center\"><a href=\"https:\/\/www.doreenschaldach.de\/\" target=\"_blank\" rel=\"noopener\"><span style=\"color: #800000\">Kinderfotos f\u00fcr Potsdam Berlin Brandenburg und drumher bei Doreen Schaldach Fotografie<\/span><\/a><\/h2>\n<p><img decoding=\"async\" loading=\"lazy\" class=\"aligncenter wp-image-14062 size-full\" src=\"https:\/\/vereinigung-professioneller-kinderfotografen.de\/blog2\/wp-content\/uploads\/2019\/05\/24-14032-post\/kinderfotograf_berlin-1.jpg\" alt=\"kinderfotograf_berlin\" width=\"873\" height=\"618\" srcset=\"https:\/\/vereinigung-professioneller-kinderfotografen.de\/blog2\/wp-content\/uploads\/2019\/05\/24-14032-post\/kinderfotograf_berlin-1.jpg 873w, https:\/\/vereinigung-professioneller-kinderfotografen.de\/blog2\/wp-content\/uploads\/2019\/05\/24-14032-post\/kinderfotograf_berlin-1-300x212.jpg 300w, https:\/\/vereinigung-professioneller-kinderfotografen.de\/blog2\/wp-content\/uploads\/2019\/05\/24-14032-post\/kinderfotograf_berlin-1-768x544.jpg 768w\" sizes=\"(max-width: 873px) 100vw, 873px\" \/><\/p>\n<p><img decoding=\"async\" loading=\"lazy\" class=\"aligncenter wp-image-14056 size-full\" src=\"https:\/\/vereinigung-professioneller-kinderfotografen.de\/blog2\/wp-content\/uploads\/2019\/05\/24-14032-post\/fotograf-kinder-berlin-1.jpg\" alt=\"fotograf kinder berlin\" width=\"873\" height=\"618\" srcset=\"https:\/\/vereinigung-professioneller-kinderfotografen.de\/blog2\/wp-content\/uploads\/2019\/05\/24-14032-post\/fotograf-kinder-berlin-1.jpg 873w, https:\/\/vereinigung-professioneller-kinderfotografen.de\/blog2\/wp-content\/uploads\/2019\/05\/24-14032-post\/fotograf-kinder-berlin-1-300x212.jpg 300w, https:\/\/vereinigung-professioneller-kinderfotografen.de\/blog2\/wp-content\/uploads\/2019\/05\/24-14032-post\/fotograf-kinder-berlin-1-768x544.jpg 768w\" sizes=\"(max-width: 873px) 100vw, 873px\" \/><img decoding=\"async\" loading=\"lazy\" class=\"aligncenter wp-image-14055 size-full\" src=\"https:\/\/vereinigung-professioneller-kinderfotografen.de\/blog2\/wp-content\/uploads\/2019\/05\/24-14032-post\/Fotograf-einschulung-berlin-kinderfotos-berlin-1.jpg\" alt=\"Fotograf einschulung berlin, kinderfotos berlin\" width=\"873\" height=\"618\" srcset=\"https:\/\/vereinigung-professioneller-kinderfotografen.de\/blog2\/wp-content\/uploads\/2019\/05\/24-14032-post\/Fotograf-einschulung-berlin-kinderfotos-berlin-1.jpg 873w, https:\/\/vereinigung-professioneller-kinderfotografen.de\/blog2\/wp-content\/uploads\/2019\/05\/24-14032-post\/Fotograf-einschulung-berlin-kinderfotos-berlin-1-300x212.jpg 300w, https:\/\/vereinigung-professioneller-kinderfotografen.de\/blog2\/wp-content\/uploads\/2019\/05\/24-14032-post\/Fotograf-einschulung-berlin-kinderfotos-berlin-1-768x544.jpg 768w\" sizes=\"(max-width: 873px) 100vw, 873px\" \/><img decoding=\"async\" loading=\"lazy\" class=\"aligncenter wp-image-14054 size-full\" src=\"https:\/\/vereinigung-professioneller-kinderfotografen.de\/blog2\/wp-content\/uploads\/2019\/05\/24-14032-post\/Familienfotos-berlin-1.jpg\" alt=\"Familienfotos berlin\" width=\"873\" height=\"618\" srcset=\"https:\/\/vereinigung-professioneller-kinderfotografen.de\/blog2\/wp-content\/uploads\/2019\/05\/24-14032-post\/Familienfotos-berlin-1.jpg 873w, https:\/\/vereinigung-professioneller-kinderfotografen.de\/blog2\/wp-content\/uploads\/2019\/05\/24-14032-post\/Familienfotos-berlin-1-300x212.jpg 300w, https:\/\/vereinigung-professioneller-kinderfotografen.de\/blog2\/wp-content\/uploads\/2019\/05\/24-14032-post\/Familienfotos-berlin-1-768x544.jpg 768w\" sizes=\"(max-width: 873px) 100vw, 873px\" \/><img decoding=\"async\" loading=\"lazy\" class=\"aligncenter wp-image-14052 size-full\" src=\"https:\/\/vereinigung-professioneller-kinderfotografen.de\/blog2\/wp-content\/uploads\/2019\/05\/24-14032-post\/babyfotos-berlin-1.jpg\" alt=\"babyfotos berlin\" width=\"873\" height=\"618\" srcset=\"https:\/\/vereinigung-professioneller-kinderfotografen.de\/blog2\/wp-content\/uploads\/2019\/05\/24-14032-post\/babyfotos-berlin-1.jpg 873w, https:\/\/vereinigung-professioneller-kinderfotografen.de\/blog2\/wp-content\/uploads\/2019\/05\/24-14032-post\/babyfotos-berlin-1-300x212.jpg 300w, https:\/\/vereinigung-professioneller-kinderfotografen.de\/blog2\/wp-content\/uploads\/2019\/05\/24-14032-post\/babyfotos-berlin-1-768x544.jpg 768w\" sizes=\"(max-width: 873px) 100vw, 873px\" \/><img decoding=\"async\" loading=\"lazy\" class=\"aligncenter wp-image-14058 size-full\" src=\"https:\/\/vereinigung-professioneller-kinderfotografen.de\/blog2\/wp-content\/uploads\/2019\/05\/24-14032-post\/geschwisterbilder-berlin-kinderfotograf-berlin-1.jpg\" alt=\"geschwisterbilder berlin, kinderfotograf berlin\" width=\"873\" height=\"618\" srcset=\"https:\/\/vereinigung-professioneller-kinderfotografen.de\/blog2\/wp-content\/uploads\/2019\/05\/24-14032-post\/geschwisterbilder-berlin-kinderfotograf-berlin-1.jpg 873w, https:\/\/vereinigung-professioneller-kinderfotografen.de\/blog2\/wp-content\/uploads\/2019\/05\/24-14032-post\/geschwisterbilder-berlin-kinderfotograf-berlin-1-300x212.jpg 300w, https:\/\/vereinigung-professioneller-kinderfotografen.de\/blog2\/wp-content\/uploads\/2019\/05\/24-14032-post\/geschwisterbilder-berlin-kinderfotograf-berlin-1-768x544.jpg 768w\" sizes=\"(max-width: 873px) 100vw, 873px\" \/><img decoding=\"async\" loading=\"lazy\" class=\"aligncenter wp-image-14057 size-full\" src=\"https:\/\/vereinigung-professioneller-kinderfotografen.de\/blog2\/wp-content\/uploads\/2019\/05\/24-14032-post\/fotoshooting-kinder-berlin-1.jpg\" alt=\"fotoshooting kinder berlin\" width=\"873\" height=\"618\" srcset=\"https:\/\/vereinigung-professioneller-kinderfotografen.de\/blog2\/wp-content\/uploads\/2019\/05\/24-14032-post\/fotoshooting-kinder-berlin-1.jpg 873w, https:\/\/vereinigung-professioneller-kinderfotografen.de\/blog2\/wp-content\/uploads\/2019\/05\/24-14032-post\/fotoshooting-kinder-berlin-1-300x212.jpg 300w, https:\/\/vereinigung-professioneller-kinderfotografen.de\/blog2\/wp-content\/uploads\/2019\/05\/24-14032-post\/fotoshooting-kinder-berlin-1-768x544.jpg 768w\" sizes=\"(max-width: 873px) 100vw, 873px\" \/><img decoding=\"async\" loading=\"lazy\" class=\"aligncenter wp-image-14067 size-full\" src=\"https:\/\/vereinigung-professioneller-kinderfotografen.de\/blog2\/wp-content\/uploads\/2019\/05\/24-14032-post\/babyfotograf-berlin-2.jpg\" alt=\"babyfotograf berlin\" width=\"873\" height=\"618\" srcset=\"https:\/\/vereinigung-professioneller-kinderfotografen.de\/blog2\/wp-content\/uploads\/2019\/05\/24-14032-post\/babyfotograf-berlin-2.jpg 873w, https:\/\/vereinigung-professioneller-kinderfotografen.de\/blog2\/wp-content\/uploads\/2019\/05\/24-14032-post\/babyfotograf-berlin-2-300x212.jpg 300w, https:\/\/vereinigung-professioneller-kinderfotografen.de\/blog2\/wp-content\/uploads\/2019\/05\/24-14032-post\/babyfotograf-berlin-2-768x544.jpg 768w\" sizes=\"(max-width: 873px) 100vw, 873px\" \/><img decoding=\"async\" loading=\"lazy\" class=\"aligncenter wp-image-14065 size-full\" src=\"https:\/\/vereinigung-professioneller-kinderfotografen.de\/blog2\/wp-content\/uploads\/2019\/05\/24-14032-post\/schulfotograf-berlin-1.jpg\" alt=\"schulfotograf berlin\" width=\"873\" height=\"618\" srcset=\"https:\/\/vereinigung-professioneller-kinderfotografen.de\/blog2\/wp-content\/uploads\/2019\/05\/24-14032-post\/schulfotograf-berlin-1.jpg 873w, https:\/\/vereinigung-professioneller-kinderfotografen.de\/blog2\/wp-content\/uploads\/2019\/05\/24-14032-post\/schulfotograf-berlin-1-300x212.jpg 300w, https:\/\/vereinigung-professioneller-kinderfotografen.de\/blog2\/wp-content\/uploads\/2019\/05\/24-14032-post\/schulfotograf-berlin-1-768x544.jpg 768w\" sizes=\"(max-width: 873px) 100vw, 873px\" \/><img decoding=\"async\" loading=\"lazy\" class=\"aligncenter wp-image-14064 size-full\" src=\"https:\/\/vereinigung-professioneller-kinderfotografen.de\/blog2\/wp-content\/uploads\/2019\/05\/24-14032-post\/kinderfotos-potsdam-1.jpg\" alt=\"kinderfotos potsdam\" width=\"873\" height=\"618\" srcset=\"https:\/\/vereinigung-professioneller-kinderfotografen.de\/blog2\/wp-content\/uploads\/2019\/05\/24-14032-post\/kinderfotos-potsdam-1.jpg 873w, https:\/\/vereinigung-professioneller-kinderfotografen.de\/blog2\/wp-content\/uploads\/2019\/05\/24-14032-post\/kinderfotos-potsdam-1-300x212.jpg 300w, https:\/\/vereinigung-professioneller-kinderfotografen.de\/blog2\/wp-content\/uploads\/2019\/05\/24-14032-post\/kinderfotos-potsdam-1-768x544.jpg 768w\" sizes=\"(max-width: 873px) 100vw, 873px\" \/><img decoding=\"async\" loading=\"lazy\" class=\"aligncenter wp-image-14063 size-full\" src=\"https:\/\/vereinigung-professioneller-kinderfotografen.de\/blog2\/wp-content\/uploads\/2019\/05\/24-14032-post\/kinderfotos-berlin-1.jpg\" alt=\"kinderfotos berlin\" width=\"873\" height=\"618\" srcset=\"https:\/\/vereinigung-professioneller-kinderfotografen.de\/blog2\/wp-content\/uploads\/2019\/05\/24-14032-post\/kinderfotos-berlin-1.jpg 873w, https:\/\/vereinigung-professioneller-kinderfotografen.de\/blog2\/wp-content\/uploads\/2019\/05\/24-14032-post\/kinderfotos-berlin-1-300x212.jpg 300w, https:\/\/vereinigung-professioneller-kinderfotografen.de\/blog2\/wp-content\/uploads\/2019\/05\/24-14032-post\/kinderfotos-berlin-1-768x544.jpg 768w\" sizes=\"(max-width: 873px) 100vw, 873px\" \/><img decoding=\"async\" loading=\"lazy\" class=\"aligncenter wp-image-14061 size-full\" src=\"https:\/\/vereinigung-professioneller-kinderfotografen.de\/blog2\/wp-content\/uploads\/2019\/05\/24-14032-post\/kinderfotograf-potsdam-1.jpg\" alt=\"kinderfotograf potsdam\" width=\"873\" height=\"618\" srcset=\"https:\/\/vereinigung-professioneller-kinderfotografen.de\/blog2\/wp-content\/uploads\/2019\/05\/24-14032-post\/kinderfotograf-potsdam-1.jpg 873w, https:\/\/vereinigung-professioneller-kinderfotografen.de\/blog2\/wp-content\/uploads\/2019\/05\/24-14032-post\/kinderfotograf-potsdam-1-300x212.jpg 300w, https:\/\/vereinigung-professioneller-kinderfotografen.de\/blog2\/wp-content\/uploads\/2019\/05\/24-14032-post\/kinderfotograf-potsdam-1-768x544.jpg 768w\" sizes=\"(max-width: 873px) 100vw, 873px\" \/><img decoding=\"async\" loading=\"lazy\" class=\"aligncenter wp-image-14060 size-full\" src=\"https:\/\/vereinigung-professioneller-kinderfotografen.de\/blog2\/wp-content\/uploads\/2019\/05\/24-14032-post\/kinderfotograf-berlin-1.jpg\" alt=\"kinderfotograf berlin\" width=\"873\" height=\"618\" srcset=\"https:\/\/vereinigung-professioneller-kinderfotografen.de\/blog2\/wp-content\/uploads\/2019\/05\/24-14032-post\/kinderfotograf-berlin-1.jpg 873w, https:\/\/vereinigung-professioneller-kinderfotografen.de\/blog2\/wp-content\/uploads\/2019\/05\/24-14032-post\/kinderfotograf-berlin-1-300x212.jpg 300w, https:\/\/vereinigung-professioneller-kinderfotografen.de\/blog2\/wp-content\/uploads\/2019\/05\/24-14032-post\/kinderfotograf-berlin-1-768x544.jpg 768w\" sizes=\"(max-width: 873px) 100vw, 873px\" \/><img decoding=\"async\" loading=\"lazy\" class=\"aligncenter wp-image-14059 size-full\" src=\"https:\/\/vereinigung-professioneller-kinderfotografen.de\/blog2\/wp-content\/uploads\/2019\/05\/24-14032-post\/kinderbilder-berlin-1.jpg\" alt=\"kinderbilder berlin\" width=\"873\" height=\"618\" srcset=\"https:\/\/vereinigung-professioneller-kinderfotografen.de\/blog2\/wp-content\/uploads\/2019\/05\/24-14032-post\/kinderbilder-berlin-1.jpg 873w, https:\/\/vereinigung-professioneller-kinderfotografen.de\/blog2\/wp-content\/uploads\/2019\/05\/24-14032-post\/kinderbilder-berlin-1-300x212.jpg 300w, https:\/\/vereinigung-professioneller-kinderfotografen.de\/blog2\/wp-content\/uploads\/2019\/05\/24-14032-post\/kinderbilder-berlin-1-768x544.jpg 768w\" sizes=\"(max-width: 873px) 100vw, 873px\" \/><img decoding=\"async\" loading=\"lazy\" class=\"aligncenter wp-image-14037 size-full\" src=\"https:\/\/vereinigung-professioneller-kinderfotografen.de\/blog2\/wp-content\/uploads\/2019\/05\/24-14032-post\/einschulungsfotos-berlin.jpg\" alt=\"einschulungsfotos berlin\" width=\"888\" height=\"483\" srcset=\"https:\/\/vereinigung-professioneller-kinderfotografen.de\/blog2\/wp-content\/uploads\/2019\/05\/24-14032-post\/einschulungsfotos-berlin.jpg 888w, https:\/\/vereinigung-professioneller-kinderfotografen.de\/blog2\/wp-content\/uploads\/2019\/05\/24-14032-post\/einschulungsfotos-berlin-300x163.jpg 300w, https:\/\/vereinigung-professioneller-kinderfotografen.de\/blog2\/wp-content\/uploads\/2019\/05\/24-14032-post\/einschulungsfotos-berlin-768x418.jpg 768w\" sizes=\"(max-width: 888px) 100vw, 888px\" \/><\/p>\n<p>&nbsp;<\/p>\n","protected":false},"excerpt":{"rendered":"<p>Einschulungsfotos mit Helene und Hannes in Berlin Im Mai sind bei unserer Fotografin Doreen Schaldach bei Potsdam immer die Fotoshootings f\u00fcr die Einladungskarten zur Einschulung. Mit wundersch\u00f6nen nostalgischen Schulutensilien zaubert Doreen wundersch\u00f6ne Kinderfotos im Stil vergangener Zeiten. Die kleinen M\u00e4use k\u00f6nnen es kaum erwarten in die Schule zu kommen. Um so mehr freuen sie sich,...<\/p>\n","protected":false},"author":2,"featured_media":0,"comment_status":"closed","ping_status":"closed","sticky":false,"template":"","format":"standard","meta":{"pp_embeds":""},"categories":[373],"tags":[138,1618,1617,1615,6,1616,7,1619,8,1151,448,1611,1612,1613,1614],"acf":[],"_links":{"self":[{"href":"https:\/\/vereinigung-professioneller-kinderfotografen.de\/blog2\/wp-json\/wp\/v2\/posts\/14032"}],"collection":[{"href":"https:\/\/vereinigung-professioneller-kinderfotografen.de\/blog2\/wp-json\/wp\/v2\/posts"}],"about":[{"href":"https:\/\/vereinigung-professioneller-kinderfotografen.de\/blog2\/wp-json\/wp\/v2\/types\/post"}],"author":[{"embeddable":true,"href":"https:\/\/vereinigung-professioneller-kinderfotografen.de\/blog2\/wp-json\/wp\/v2\/users\/2"}],"replies":[{"embeddable":true,"href":"https:\/\/vereinigung-professioneller-kinderfotografen.de\/blog2\/wp-json\/wp\/v2\/comments?post=14032"}],"version-history":[{"count":5,"href":"https:\/\/vereinigung-professioneller-kinderfotografen.de\/blog2\/wp-json\/wp\/v2\/posts\/14032\/revisions"}],"predecessor-version":[{"id":14068,"href":"https:\/\/vereinigung-professioneller-kinderfotografen.de\/blog2\/wp-json\/wp\/v2\/posts\/14032\/revisions\/14068"}],"wp:attachment":[{"href":"https:\/\/vereinigung-professioneller-kinderfotografen.de\/blog2\/wp-json\/wp\/v2\/media?parent=14032"}],"wp:term":[{"taxonomy":"category","embeddable":true,"href":"https:\/\/vereinigung-professioneller-kinderfotografen.de\/blog2\/wp-json\/wp\/v2\/categories?post=14032"},{"taxonomy":"post_tag","embeddable":true,"href":"https:\/\/vereinigung-professioneller-kinderfotografen.de\/blog2\/wp-json\/wp\/v2\/tags?post=14032"}],"curies":[{"name":"wp","href":"https:\/\/api.w.org\/{rel}","templated":true}]}}