{"id":13914,"date":"2019-07-31T16:00:31","date_gmt":"2019-07-31T14:00:31","guid":{"rendered":"https:\/\/vereinigung-professioneller-kinderfotografen.de\/blog2\/?p=13914"},"modified":"2019-04-04T12:45:13","modified_gmt":"2019-04-04T10:45:13","slug":"tortenshooting-zum-ersten-kindergeburtstag-die-cake-smash-session-in-berlin-jana-salzmann","status":"publish","type":"post","link":"https:\/\/vereinigung-professioneller-kinderfotografen.de\/blog2\/tortenshooting-zum-ersten-kindergeburtstag-die-cake-smash-session-in-berlin-jana-salzmann\/","title":{"rendered":"Tortenshooting zum ersten Kindergeburtstag- die cake smash session in Berlin | Jana Salzmann"},"content":{"rendered":"<h4 style=\"text-align: center\">Die s\u00fc\u00dfe Mathilda ist nun so gro\u00df! Der erste Geburtstag wird nat\u00fcrlich mit einem cake smash shooting festgehalten.<\/h4>\n<p style=\"text-align: center\">Ich liebe die cakesmash Shootings, den diese Shootings sind mit vielen tollen Ereignissen verbunden. Die ersten Z\u00e4hnchen, die ersten Laufversuche, die Neugier der Kinder und nat\u00fcrlich viel Freude und Lachen.<\/p>\n<p style=\"text-align: center\">F\u00fcr das Fotoshooting mit der Mathilda, wollten wir etwas vintagehaftes, edles machen. Mit viel Spitze, Rosen und nat\u00fcrlich der passenden Torte.<\/p>\n<p style=\"text-align: center\">Da muss ich immer wieder meiner Konditorin danken, die mir alle die wundervollen Werke gezaubert hat.<\/p>\n<p style=\"text-align: center\">Schaut euch die entstandenen Bildchen an, ich liebe sie!<\/p>\n<p style=\"text-align: center\">weitere Informationen zu der Fotografin: <a href=\"https:\/\/jana-salzmann.de\">Jana Salzmann<\/a><\/p>\n<p style=\"text-align: center\"><img decoding=\"async\" loading=\"lazy\" class=\"aligncenter size-full wp-image-13924\" src=\"https:\/\/vereinigung-professioneller-kinderfotografen.de\/blog2\/wp-content\/uploads\/2019\/04\/04-13914-post\/kinderfotograf-berlin-babyfotograf-fotoshooting-baby-kinder-e1554373195346.png\" alt=\"babyfotograf-berlin\" width=\"657\" height=\"920\" \/><\/p>\n<p style=\"text-align: center\"><img decoding=\"async\" loading=\"lazy\" class=\"aligncenter size-full wp-image-13923\" src=\"https:\/\/vereinigung-professioneller-kinderfotografen.de\/blog2\/wp-content\/uploads\/2019\/04\/04-13914-post\/kinderfotograf-berlin-babyfotograf-fotoshooting-baby-kinder-vintage-rosen-spitze-weiss-e1554373267773.png\" alt=\"kinderfotoshooting-berlin\" width=\"920\" height=\"657\" \/><\/p>\n<p style=\"text-align: center\"><img decoding=\"async\" loading=\"lazy\" class=\"aligncenter size-full wp-image-13922\" src=\"https:\/\/vereinigung-professioneller-kinderfotografen.de\/blog2\/wp-content\/uploads\/2019\/04\/04-13914-post\/kinderfotograf-berlin-babyfotograf-fotoshooting-baby-kinder-vintage-beige-e1554373293334.png\" alt=\"kinderportrait-berlin\" width=\"920\" height=\"644\" \/><\/p>\n<p style=\"text-align: center\"><img decoding=\"async\" loading=\"lazy\" class=\"aligncenter size-full wp-image-13915\" src=\"https:\/\/vereinigung-professioneller-kinderfotografen.de\/blog2\/wp-content\/uploads\/2019\/04\/04-13914-post\/kinderfotograf-berlin-babyfotograf-fotoshooting-baby-kinder-cake-cakesmash-tortenshooting-e1554373356692.png\" alt=\"tortenshooting-berlin\" width=\"657\" height=\"920\" \/><\/p>\n<p><img decoding=\"async\" loading=\"lazy\" class=\"aligncenter size-full wp-image-13917\" src=\"https:\/\/vereinigung-professioneller-kinderfotografen.de\/blog2\/wp-content\/uploads\/2019\/04\/04-13914-post\/kinderfotograf-berlin-babyfotograf-fotoshooting-baby-kinder-cakesnash-tortenshooting-cake-smash-e1554373772743.png\" alt=\"tortenshooting-berlin\" width=\"920\" height=\"657\" \/><\/p>\n<p><img decoding=\"async\" loading=\"lazy\" class=\"aligncenter size-full wp-image-13916\" src=\"https:\/\/vereinigung-professioneller-kinderfotografen.de\/blog2\/wp-content\/uploads\/2019\/04\/04-13914-post\/kinderfotograf-berlin-babyfotograf-fotoshooting-baby-kinder-cakesmash-tortensession-cake-smash-e1554373405236.png\" alt=\"tortenshooting-berlin\" width=\"736\" height=\"920\" \/><\/p>\n<p><img decoding=\"async\" loading=\"lazy\" class=\"aligncenter size-full wp-image-13920\" src=\"https:\/\/vereinigung-professioneller-kinderfotografen.de\/blog2\/wp-content\/uploads\/2019\/04\/04-13914-post\/kinderfotograf-berlin-babyfotograf-fotoshooting-baby-kinder-tortenshooting-cakesmash-cake-smash-e1554373592585.png\" alt=\"babyfotosberlin\" width=\"920\" height=\"657\" \/><\/p>\n<p><img decoding=\"async\" loading=\"lazy\" class=\"aligncenter size-full wp-image-13921\" src=\"https:\/\/vereinigung-professioneller-kinderfotografen.de\/blog2\/wp-content\/uploads\/2019\/04\/04-13914-post\/kinderfotograf-berlin-babyfotograf-fotoshooting-baby-kinder-tortenshooting-cakesmash-geburtstagsshooting-e1554373637129.png\" alt=\"tortenshooting-berlin\" width=\"920\" height=\"736\" \/><\/p>\n<p><img decoding=\"async\" loading=\"lazy\" class=\"aligncenter size-full wp-image-13918\" src=\"https:\/\/vereinigung-professioneller-kinderfotografen.de\/blog2\/wp-content\/uploads\/2019\/04\/04-13914-post\/kinderfotograf-berlin-babyfotograf-fotoshooting-baby-kinder-one-geburtstagshooting-e1554373729413.png\" alt=\"baby-badewanne\" width=\"657\" height=\"920\" \/><\/p>\n<p><img decoding=\"async\" loading=\"lazy\" class=\"aligncenter size-full wp-image-13925\" src=\"https:\/\/vereinigung-professioneller-kinderfotografen.de\/blog2\/wp-content\/uploads\/2019\/04\/04-13914-post\/collage-kindergeburtstag-girl-maedchen-tortenshooting-shooting-vintage-torte-cakesmash-cake-smash-fotograf-berlin-Kopie-e1554373903191.png\" alt=\"cake smash\" width=\"920\" height=\"920\" \/><\/p>\n<p style=\"text-align: center\">\n","protected":false},"excerpt":{"rendered":"<p>Die s\u00fc\u00dfe Mathilda ist nun so gro\u00df! Der erste Geburtstag wird nat\u00fcrlich mit einem cake smash shooting festgehalten. Ich liebe die cakesmash Shootings, den diese Shootings sind mit vielen tollen Ereignissen verbunden. Die ersten Z\u00e4hnchen, die ersten Laufversuche, die Neugier der Kinder und nat\u00fcrlich viel Freude und Lachen. F\u00fcr das Fotoshooting mit der Mathilda, wollten...<\/p>\n","protected":false},"author":2,"featured_media":13917,"comment_status":"closed","ping_status":"closed","sticky":false,"template":"","format":"standard","meta":{"pp_embeds":""},"categories":[889],"tags":[10,299,1601,1600,1602,1605,1603,1604,1598,1599],"acf":[],"_links":{"self":[{"href":"https:\/\/vereinigung-professioneller-kinderfotografen.de\/blog2\/wp-json\/wp\/v2\/posts\/13914"}],"collection":[{"href":"https:\/\/vereinigung-professioneller-kinderfotografen.de\/blog2\/wp-json\/wp\/v2\/posts"}],"about":[{"href":"https:\/\/vereinigung-professioneller-kinderfotografen.de\/blog2\/wp-json\/wp\/v2\/types\/post"}],"author":[{"embeddable":true,"href":"https:\/\/vereinigung-professioneller-kinderfotografen.de\/blog2\/wp-json\/wp\/v2\/users\/2"}],"replies":[{"embeddable":true,"href":"https:\/\/vereinigung-professioneller-kinderfotografen.de\/blog2\/wp-json\/wp\/v2\/comments?post=13914"}],"version-history":[{"count":3,"href":"https:\/\/vereinigung-professioneller-kinderfotografen.de\/blog2\/wp-json\/wp\/v2\/posts\/13914\/revisions"}],"predecessor-version":[{"id":13929,"href":"https:\/\/vereinigung-professioneller-kinderfotografen.de\/blog2\/wp-json\/wp\/v2\/posts\/13914\/revisions\/13929"}],"wp:featuredmedia":[{"embeddable":true,"href":"https:\/\/vereinigung-professioneller-kinderfotografen.de\/blog2\/wp-json\/wp\/v2\/media\/13917"}],"wp:attachment":[{"href":"https:\/\/vereinigung-professioneller-kinderfotografen.de\/blog2\/wp-json\/wp\/v2\/media?parent=13914"}],"wp:term":[{"taxonomy":"category","embeddable":true,"href":"https:\/\/vereinigung-professioneller-kinderfotografen.de\/blog2\/wp-json\/wp\/v2\/categories?post=13914"},{"taxonomy":"post_tag","embeddable":true,"href":"https:\/\/vereinigung-professioneller-kinderfotografen.de\/blog2\/wp-json\/wp\/v2\/tags?post=13914"}],"curies":[{"name":"wp","href":"https:\/\/api.w.org\/{rel}","templated":true}]}}