{"id":13901,"date":"2019-05-31T18:00:55","date_gmt":"2019-05-31T16:00:55","guid":{"rendered":"https:\/\/vereinigung-professioneller-kinderfotografen.de\/blog2\/?p=13901"},"modified":"2019-04-04T12:38:50","modified_gmt":"2019-04-04T10:38:50","slug":"neugeborenenfotoshooting-mit-zwillingen-jana-salzmann","status":"publish","type":"post","link":"https:\/\/vereinigung-professioneller-kinderfotografen.de\/blog2\/neugeborenenfotoshooting-mit-zwillingen-jana-salzmann\/","title":{"rendered":"Neugeborenenfotoshooting mit Zwillingen | Jana Salzmann"},"content":{"rendered":"<h4 style=\"text-align: center\">Die Mama der beiden M\u00e4use war bereits zum Babybauch Shooting bei unseren Fotografin <a href=\"https:\/\/jana-salzmann.de\">Jana Salzmann aus Berlin<\/a> .<\/h4>\n<h4 style=\"text-align: center\">Nun sind die Zwerge da!<\/h4>\n<p style=\"text-align: center\">Neben den M\u00e4dchenfarben, w\u00fcnschte sich die Mama, dass es auf den Bildern etwas fr\u00fchlingshaft und blumig wird.<\/p>\n<p style=\"text-align: center\">Au\u00dferdem sollten die Kinder viel gemeinsam fotografiert werden. Und nat\u00fcrlich sollte jedes M\u00e4dchen auch Fotos ganz allen von sich als Erinnerung bekommen.<\/p>\n<p><img decoding=\"async\" loading=\"lazy\" class=\"aligncenter size-full wp-image-13909\" src=\"https:\/\/vereinigung-professioneller-kinderfotografen.de\/blog2\/wp-content\/uploads\/2019\/04\/04-13901-post\/zwillinge-baum-maedchen-twins-geschwister-familienbaumblumen-fotograf-berlin-e1554371855496.png\" alt=\"babyfotograf-berin\" width=\"920\" height=\"614\" \/><\/p>\n<p style=\"text-align: center\"><img decoding=\"async\" loading=\"lazy\" class=\"aligncenter size-full wp-image-13911\" src=\"https:\/\/vereinigung-professioneller-kinderfotografen.de\/blog2\/wp-content\/uploads\/2019\/04\/04-13901-post\/zwillinge-berlin-twins-neugeborenenfotoshooting-berlin-e1554372055268.png\" alt=\"Zwillinge-berlin\" width=\"920\" height=\"657\" \/><\/p>\n<p style=\"text-align: center\"><img decoding=\"async\" loading=\"lazy\" class=\"aligncenter size-full wp-image-13904\" src=\"https:\/\/vereinigung-professioneller-kinderfotografen.de\/blog2\/wp-content\/uploads\/2019\/04\/04-13901-post\/babyfotografin-berlin-neugeborenenfotoshooting-korb-e1554372093685.png\" alt=\"babyfotograf-berlin\" width=\"920\" height=\"657\" \/><\/p>\n<p style=\"text-align: center\"><img decoding=\"async\" loading=\"lazy\" class=\"aligncenter size-full wp-image-13907\" src=\"https:\/\/vereinigung-professioneller-kinderfotografen.de\/blog2\/wp-content\/uploads\/2019\/04\/04-13901-post\/newborn-fotograf-berlin-neugeborenenfotoshooting-berlin-e1554372164357.png\" alt=\"neugeborenenfotograf-berlin\" width=\"920\" height=\"657\" \/><\/p>\n<p style=\"text-align: center\"><img decoding=\"async\" loading=\"lazy\" class=\"aligncenter size-full wp-image-13910\" src=\"https:\/\/vereinigung-professioneller-kinderfotografen.de\/blog2\/wp-content\/uploads\/2019\/04\/04-13901-post\/zwillinge-berlin-fotograf-babyfotograf-e1554372197733.png\" alt=\"zwillinge-berlin\" width=\"736\" height=\"920\" \/><\/p>\n<p style=\"text-align: center\">\u00a0<img decoding=\"async\" loading=\"lazy\" class=\"aligncenter size-full wp-image-13912\" src=\"https:\/\/vereinigung-professioneller-kinderfotografen.de\/blog2\/wp-content\/uploads\/2019\/04\/04-13901-post\/zwillinge-twins-geschwisetr-familienfotograf-babyfotograf-berlin-e1554372254832.png\" alt=\"zwillinge-berlin\" width=\"920\" height=\"657\" \/><\/p>\n<p><img decoding=\"async\" loading=\"lazy\" class=\"aligncenter size-full wp-image-13902\" src=\"https:\/\/vereinigung-professioneller-kinderfotografen.de\/blog2\/wp-content\/uploads\/2019\/04\/04-13901-post\/babyfotograf-berlin-kinderfotograf-neugeborenenfotograf-e1554372304364.png\" alt=\"babyfotograf-berlin\" width=\"920\" height=\"657\" \/><\/p>\n<p><img decoding=\"async\" loading=\"lazy\" class=\"aligncenter size-full wp-image-13906\" src=\"https:\/\/vereinigung-professioneller-kinderfotografen.de\/blog2\/wp-content\/uploads\/2019\/04\/04-13901-post\/mama-bilder-shooling-zwillinge-fotograf-fotoshooting-berlin-jana-salzmann-e1554372395360.png\" alt=\"mama-baby-berlin\" width=\"920\" height=\"657\" \/><\/p>\n<p>&nbsp;<\/p>\n<p style=\"text-align: center\">\n","protected":false},"excerpt":{"rendered":"<p>Die Mama der beiden M\u00e4use war bereits zum Babybauch Shooting bei unseren Fotografin Jana Salzmann aus Berlin . Nun sind die Zwerge da! Neben den M\u00e4dchenfarben, w\u00fcnschte sich die Mama, dass es auf den Bildern etwas fr\u00fchlingshaft und blumig wird. Au\u00dferdem sollten die Kinder viel gemeinsam fotografiert werden. Und nat\u00fcrlich sollte jedes M\u00e4dchen auch Fotos...<\/p>\n","protected":false},"author":2,"featured_media":13909,"comment_status":"closed","ping_status":"closed","sticky":false,"template":"","format":"standard","meta":{"pp_embeds":""},"categories":[889],"tags":[130,12,10,871,299,189,220,1065,1597,44,1373,238,239,1524,772,1598,235],"acf":[],"_links":{"self":[{"href":"https:\/\/vereinigung-professioneller-kinderfotografen.de\/blog2\/wp-json\/wp\/v2\/posts\/13901"}],"collection":[{"href":"https:\/\/vereinigung-professioneller-kinderfotografen.de\/blog2\/wp-json\/wp\/v2\/posts"}],"about":[{"href":"https:\/\/vereinigung-professioneller-kinderfotografen.de\/blog2\/wp-json\/wp\/v2\/types\/post"}],"author":[{"embeddable":true,"href":"https:\/\/vereinigung-professioneller-kinderfotografen.de\/blog2\/wp-json\/wp\/v2\/users\/2"}],"replies":[{"embeddable":true,"href":"https:\/\/vereinigung-professioneller-kinderfotografen.de\/blog2\/wp-json\/wp\/v2\/comments?post=13901"}],"version-history":[{"count":3,"href":"https:\/\/vereinigung-professioneller-kinderfotografen.de\/blog2\/wp-json\/wp\/v2\/posts\/13901\/revisions"}],"predecessor-version":[{"id":13927,"href":"https:\/\/vereinigung-professioneller-kinderfotografen.de\/blog2\/wp-json\/wp\/v2\/posts\/13901\/revisions\/13927"}],"wp:featuredmedia":[{"embeddable":true,"href":"https:\/\/vereinigung-professioneller-kinderfotografen.de\/blog2\/wp-json\/wp\/v2\/media\/13909"}],"wp:attachment":[{"href":"https:\/\/vereinigung-professioneller-kinderfotografen.de\/blog2\/wp-json\/wp\/v2\/media?parent=13901"}],"wp:term":[{"taxonomy":"category","embeddable":true,"href":"https:\/\/vereinigung-professioneller-kinderfotografen.de\/blog2\/wp-json\/wp\/v2\/categories?post=13901"},{"taxonomy":"post_tag","embeddable":true,"href":"https:\/\/vereinigung-professioneller-kinderfotografen.de\/blog2\/wp-json\/wp\/v2\/tags?post=13901"}],"curies":[{"name":"wp","href":"https:\/\/api.w.org\/{rel}","templated":true}]}}