{"id":13886,"date":"2019-08-11T10:09:58","date_gmt":"2019-08-11T08:09:58","guid":{"rendered":"https:\/\/vereinigung-professioneller-kinderfotografen.de\/blog2\/?p=13886"},"modified":"2019-04-04T12:13:01","modified_gmt":"2019-04-04T10:13:01","slug":"neugeborenenbilder-in-nidda-frankfurt","status":"publish","type":"post","link":"https:\/\/vereinigung-professioneller-kinderfotografen.de\/blog2\/neugeborenenbilder-in-nidda-frankfurt\/","title":{"rendered":"Neugeborenenbilder in Nidda |\u00a0Frankfurt"},"content":{"rendered":"<p>Vor einigen Wochen durfte ich diesen s\u00fc\u00dfen Erdenb\u00fcrger bei mir im Studio begr\u00fc\u00dfen.<\/p>\n<p>Neben den Babybildern, war es den Eltern sehr wichtig, dass wir auch einige Geschwisterbilder und ein Paar Familienfotos machen.<\/p>\n<p>Die beiden s\u00fc\u00dfen M\u00e4use haben es mir sehr leicht gemacht, super lieb und brav haben die beiden gepost. Schaut selbst \u2026\u2026.<\/p>\n<p><img decoding=\"async\" loading=\"lazy\" class=\"aligncenter size-full wp-image-13887\" src=\"https:\/\/vereinigung-professioneller-kinderfotografen.de\/blog2\/wp-content\/uploads\/2019\/04\/04-13886-post\/babyfotograf-frankfurt.jpg\" alt=\"\" width=\"920\" height=\"613\" srcset=\"https:\/\/vereinigung-professioneller-kinderfotografen.de\/blog2\/wp-content\/uploads\/2019\/04\/04-13886-post\/babyfotograf-frankfurt.jpg 920w, https:\/\/vereinigung-professioneller-kinderfotografen.de\/blog2\/wp-content\/uploads\/2019\/04\/04-13886-post\/babyfotograf-frankfurt-300x200.jpg 300w, https:\/\/vereinigung-professioneller-kinderfotografen.de\/blog2\/wp-content\/uploads\/2019\/04\/04-13886-post\/babyfotograf-frankfurt-768x512.jpg 768w\" sizes=\"(max-width: 920px) 100vw, 920px\" \/><img decoding=\"async\" loading=\"lazy\" class=\"aligncenter size-full wp-image-13888\" src=\"https:\/\/vereinigung-professioneller-kinderfotografen.de\/blog2\/wp-content\/uploads\/2019\/04\/04-13886-post\/babyshooting-hessen.jpg\" alt=\"\" width=\"920\" height=\"613\" srcset=\"https:\/\/vereinigung-professioneller-kinderfotografen.de\/blog2\/wp-content\/uploads\/2019\/04\/04-13886-post\/babyshooting-hessen.jpg 920w, https:\/\/vereinigung-professioneller-kinderfotografen.de\/blog2\/wp-content\/uploads\/2019\/04\/04-13886-post\/babyshooting-hessen-300x200.jpg 300w, https:\/\/vereinigung-professioneller-kinderfotografen.de\/blog2\/wp-content\/uploads\/2019\/04\/04-13886-post\/babyshooting-hessen-768x512.jpg 768w\" sizes=\"(max-width: 920px) 100vw, 920px\" \/><img decoding=\"async\" loading=\"lazy\" class=\"aligncenter size-full wp-image-13889\" src=\"https:\/\/vereinigung-professioneller-kinderfotografen.de\/blog2\/wp-content\/uploads\/2019\/04\/04-13886-post\/babyshooting-nidda.jpg\" alt=\"\" width=\"920\" height=\"613\" srcset=\"https:\/\/vereinigung-professioneller-kinderfotografen.de\/blog2\/wp-content\/uploads\/2019\/04\/04-13886-post\/babyshooting-nidda.jpg 920w, https:\/\/vereinigung-professioneller-kinderfotografen.de\/blog2\/wp-content\/uploads\/2019\/04\/04-13886-post\/babyshooting-nidda-300x200.jpg 300w, https:\/\/vereinigung-professioneller-kinderfotografen.de\/blog2\/wp-content\/uploads\/2019\/04\/04-13886-post\/babyshooting-nidda-768x512.jpg 768w\" sizes=\"(max-width: 920px) 100vw, 920px\" \/><img decoding=\"async\" loading=\"lazy\" class=\"aligncenter size-full wp-image-13890\" src=\"https:\/\/vereinigung-professioneller-kinderfotografen.de\/blog2\/wp-content\/uploads\/2019\/04\/04-13886-post\/besondere-babybilder.jpg\" alt=\"\" width=\"920\" height=\"613\" srcset=\"https:\/\/vereinigung-professioneller-kinderfotografen.de\/blog2\/wp-content\/uploads\/2019\/04\/04-13886-post\/besondere-babybilder.jpg 920w, https:\/\/vereinigung-professioneller-kinderfotografen.de\/blog2\/wp-content\/uploads\/2019\/04\/04-13886-post\/besondere-babybilder-300x200.jpg 300w, https:\/\/vereinigung-professioneller-kinderfotografen.de\/blog2\/wp-content\/uploads\/2019\/04\/04-13886-post\/besondere-babybilder-768x512.jpg 768w\" sizes=\"(max-width: 920px) 100vw, 920px\" \/><img decoding=\"async\" loading=\"lazy\" class=\"aligncenter size-full wp-image-13891\" src=\"https:\/\/vereinigung-professioneller-kinderfotografen.de\/blog2\/wp-content\/uploads\/2019\/04\/04-13886-post\/besondere-newbornbilder-hessen.jpg\" alt=\"\" width=\"920\" height=\"613\" srcset=\"https:\/\/vereinigung-professioneller-kinderfotografen.de\/blog2\/wp-content\/uploads\/2019\/04\/04-13886-post\/besondere-newbornbilder-hessen.jpg 920w, https:\/\/vereinigung-professioneller-kinderfotografen.de\/blog2\/wp-content\/uploads\/2019\/04\/04-13886-post\/besondere-newbornbilder-hessen-300x200.jpg 300w, https:\/\/vereinigung-professioneller-kinderfotografen.de\/blog2\/wp-content\/uploads\/2019\/04\/04-13886-post\/besondere-newbornbilder-hessen-768x512.jpg 768w\" sizes=\"(max-width: 920px) 100vw, 920px\" \/><img decoding=\"async\" loading=\"lazy\" class=\"aligncenter size-full wp-image-13892\" src=\"https:\/\/vereinigung-professioneller-kinderfotografen.de\/blog2\/wp-content\/uploads\/2019\/04\/04-13886-post\/familienfotograf-nidda.jpg\" alt=\"\" width=\"920\" height=\"613\" srcset=\"https:\/\/vereinigung-professioneller-kinderfotografen.de\/blog2\/wp-content\/uploads\/2019\/04\/04-13886-post\/familienfotograf-nidda.jpg 920w, https:\/\/vereinigung-professioneller-kinderfotografen.de\/blog2\/wp-content\/uploads\/2019\/04\/04-13886-post\/familienfotograf-nidda-300x200.jpg 300w, https:\/\/vereinigung-professioneller-kinderfotografen.de\/blog2\/wp-content\/uploads\/2019\/04\/04-13886-post\/familienfotograf-nidda-768x512.jpg 768w\" sizes=\"(max-width: 920px) 100vw, 920px\" \/><img decoding=\"async\" loading=\"lazy\" class=\"aligncenter size-full wp-image-13893\" src=\"https:\/\/vereinigung-professioneller-kinderfotografen.de\/blog2\/wp-content\/uploads\/2019\/04\/04-13886-post\/fotograf-frankfurt.jpg\" alt=\"\" width=\"920\" height=\"613\" srcset=\"https:\/\/vereinigung-professioneller-kinderfotografen.de\/blog2\/wp-content\/uploads\/2019\/04\/04-13886-post\/fotograf-frankfurt.jpg 920w, https:\/\/vereinigung-professioneller-kinderfotografen.de\/blog2\/wp-content\/uploads\/2019\/04\/04-13886-post\/fotograf-frankfurt-300x200.jpg 300w, https:\/\/vereinigung-professioneller-kinderfotografen.de\/blog2\/wp-content\/uploads\/2019\/04\/04-13886-post\/fotograf-frankfurt-768x512.jpg 768w\" sizes=\"(max-width: 920px) 100vw, 920px\" \/><img decoding=\"async\" loading=\"lazy\" class=\"aligncenter size-full wp-image-13894\" src=\"https:\/\/vereinigung-professioneller-kinderfotografen.de\/blog2\/wp-content\/uploads\/2019\/04\/04-13886-post\/geschwisterbilder-nidda.jpg\" alt=\"\" width=\"920\" height=\"613\" srcset=\"https:\/\/vereinigung-professioneller-kinderfotografen.de\/blog2\/wp-content\/uploads\/2019\/04\/04-13886-post\/geschwisterbilder-nidda.jpg 920w, https:\/\/vereinigung-professioneller-kinderfotografen.de\/blog2\/wp-content\/uploads\/2019\/04\/04-13886-post\/geschwisterbilder-nidda-300x200.jpg 300w, https:\/\/vereinigung-professioneller-kinderfotografen.de\/blog2\/wp-content\/uploads\/2019\/04\/04-13886-post\/geschwisterbilder-nidda-768x512.jpg 768w\" sizes=\"(max-width: 920px) 100vw, 920px\" \/><img decoding=\"async\" loading=\"lazy\" class=\"aligncenter size-full wp-image-13895\" src=\"https:\/\/vereinigung-professioneller-kinderfotografen.de\/blog2\/wp-content\/uploads\/2019\/04\/04-13886-post\/kinderfotograf-nidda.jpg\" alt=\"\" width=\"920\" height=\"613\" srcset=\"https:\/\/vereinigung-professioneller-kinderfotografen.de\/blog2\/wp-content\/uploads\/2019\/04\/04-13886-post\/kinderfotograf-nidda.jpg 920w, https:\/\/vereinigung-professioneller-kinderfotografen.de\/blog2\/wp-content\/uploads\/2019\/04\/04-13886-post\/kinderfotograf-nidda-300x200.jpg 300w, https:\/\/vereinigung-professioneller-kinderfotografen.de\/blog2\/wp-content\/uploads\/2019\/04\/04-13886-post\/kinderfotograf-nidda-768x512.jpg 768w\" sizes=\"(max-width: 920px) 100vw, 920px\" \/><img decoding=\"async\" loading=\"lazy\" class=\"aligncenter size-full wp-image-13896\" src=\"https:\/\/vereinigung-professioneller-kinderfotografen.de\/blog2\/wp-content\/uploads\/2019\/04\/04-13886-post\/neugeborenenfotograf-nidda.jpg\" alt=\"\" width=\"920\" height=\"1380\" srcset=\"https:\/\/vereinigung-professioneller-kinderfotografen.de\/blog2\/wp-content\/uploads\/2019\/04\/04-13886-post\/neugeborenenfotograf-nidda.jpg 920w, https:\/\/vereinigung-professioneller-kinderfotografen.de\/blog2\/wp-content\/uploads\/2019\/04\/04-13886-post\/neugeborenenfotograf-nidda-200x300.jpg 200w, https:\/\/vereinigung-professioneller-kinderfotografen.de\/blog2\/wp-content\/uploads\/2019\/04\/04-13886-post\/neugeborenenfotograf-nidda-768x1152.jpg 768w, https:\/\/vereinigung-professioneller-kinderfotografen.de\/blog2\/wp-content\/uploads\/2019\/04\/04-13886-post\/neugeborenenfotograf-nidda-683x1024.jpg 683w\" sizes=\"(max-width: 920px) 100vw, 920px\" \/><img decoding=\"async\" loading=\"lazy\" class=\"aligncenter size-full wp-image-13897\" src=\"https:\/\/vereinigung-professioneller-kinderfotografen.de\/blog2\/wp-content\/uploads\/2019\/04\/04-13886-post\/neugeborenenshooting-giessen.jpg\" alt=\"\" width=\"920\" height=\"613\" srcset=\"https:\/\/vereinigung-professioneller-kinderfotografen.de\/blog2\/wp-content\/uploads\/2019\/04\/04-13886-post\/neugeborenenshooting-giessen.jpg 920w, https:\/\/vereinigung-professioneller-kinderfotografen.de\/blog2\/wp-content\/uploads\/2019\/04\/04-13886-post\/neugeborenenshooting-giessen-300x200.jpg 300w, https:\/\/vereinigung-professioneller-kinderfotografen.de\/blog2\/wp-content\/uploads\/2019\/04\/04-13886-post\/neugeborenenshooting-giessen-768x512.jpg 768w\" sizes=\"(max-width: 920px) 100vw, 920px\" \/><img decoding=\"async\" loading=\"lazy\" class=\"aligncenter size-full wp-image-13898\" src=\"https:\/\/vereinigung-professioneller-kinderfotografen.de\/blog2\/wp-content\/uploads\/2019\/04\/04-13886-post\/neugeborenenshooting-in-giessen.jpg\" alt=\"\" width=\"920\" height=\"613\" srcset=\"https:\/\/vereinigung-professioneller-kinderfotografen.de\/blog2\/wp-content\/uploads\/2019\/04\/04-13886-post\/neugeborenenshooting-in-giessen.jpg 920w, https:\/\/vereinigung-professioneller-kinderfotografen.de\/blog2\/wp-content\/uploads\/2019\/04\/04-13886-post\/neugeborenenshooting-in-giessen-300x200.jpg 300w, https:\/\/vereinigung-professioneller-kinderfotografen.de\/blog2\/wp-content\/uploads\/2019\/04\/04-13886-post\/neugeborenenshooting-in-giessen-768x512.jpg 768w\" sizes=\"(max-width: 920px) 100vw, 920px\" \/><img decoding=\"async\" loading=\"lazy\" class=\"aligncenter size-full wp-image-13899\" src=\"https:\/\/vereinigung-professioneller-kinderfotografen.de\/blog2\/wp-content\/uploads\/2019\/04\/04-13886-post\/newbornshooting-nidda.jpg\" alt=\"\" width=\"920\" height=\"613\" srcset=\"https:\/\/vereinigung-professioneller-kinderfotografen.de\/blog2\/wp-content\/uploads\/2019\/04\/04-13886-post\/newbornshooting-nidda.jpg 920w, https:\/\/vereinigung-professioneller-kinderfotografen.de\/blog2\/wp-content\/uploads\/2019\/04\/04-13886-post\/newbornshooting-nidda-300x200.jpg 300w, https:\/\/vereinigung-professioneller-kinderfotografen.de\/blog2\/wp-content\/uploads\/2019\/04\/04-13886-post\/newbornshooting-nidda-768x512.jpg 768w\" sizes=\"(max-width: 920px) 100vw, 920px\" \/><\/p>\n","protected":false},"excerpt":{"rendered":"<p>Vor einigen Wochen durfte ich diesen s\u00fc\u00dfen Erdenb\u00fcrger bei mir im Studio begr\u00fc\u00dfen. Neben den Babybildern, war es den Eltern sehr wichtig, dass wir auch einige Geschwisterbilder und ein Paar Familienfotos machen. Die beiden s\u00fc\u00dfen M\u00e4use haben es mir sehr leicht gemacht, super lieb und brav haben die beiden gepost. Schaut selbst \u2026\u2026.<\/p>\n","protected":false},"author":2,"featured_media":0,"comment_status":"closed","ping_status":"closed","sticky":false,"template":"","format":"standard","meta":{"pp_embeds":""},"categories":[887],"tags":[1593,1595,1594,1330,1086,1074,1596,1339],"acf":[],"_links":{"self":[{"href":"https:\/\/vereinigung-professioneller-kinderfotografen.de\/blog2\/wp-json\/wp\/v2\/posts\/13886"}],"collection":[{"href":"https:\/\/vereinigung-professioneller-kinderfotografen.de\/blog2\/wp-json\/wp\/v2\/posts"}],"about":[{"href":"https:\/\/vereinigung-professioneller-kinderfotografen.de\/blog2\/wp-json\/wp\/v2\/types\/post"}],"author":[{"embeddable":true,"href":"https:\/\/vereinigung-professioneller-kinderfotografen.de\/blog2\/wp-json\/wp\/v2\/users\/2"}],"replies":[{"embeddable":true,"href":"https:\/\/vereinigung-professioneller-kinderfotografen.de\/blog2\/wp-json\/wp\/v2\/comments?post=13886"}],"version-history":[{"count":1,"href":"https:\/\/vereinigung-professioneller-kinderfotografen.de\/blog2\/wp-json\/wp\/v2\/posts\/13886\/revisions"}],"predecessor-version":[{"id":13900,"href":"https:\/\/vereinigung-professioneller-kinderfotografen.de\/blog2\/wp-json\/wp\/v2\/posts\/13886\/revisions\/13900"}],"wp:attachment":[{"href":"https:\/\/vereinigung-professioneller-kinderfotografen.de\/blog2\/wp-json\/wp\/v2\/media?parent=13886"}],"wp:term":[{"taxonomy":"category","embeddable":true,"href":"https:\/\/vereinigung-professioneller-kinderfotografen.de\/blog2\/wp-json\/wp\/v2\/categories?post=13886"},{"taxonomy":"post_tag","embeddable":true,"href":"https:\/\/vereinigung-professioneller-kinderfotografen.de\/blog2\/wp-json\/wp\/v2\/tags?post=13886"}],"curies":[{"name":"wp","href":"https:\/\/api.w.org\/{rel}","templated":true}]}}