{"id":13871,"date":"2019-06-11T10:05:56","date_gmt":"2019-06-11T08:05:56","guid":{"rendered":"https:\/\/vereinigung-professioneller-kinderfotografen.de\/blog2\/?p=13871"},"modified":"2019-04-04T12:12:51","modified_gmt":"2019-04-04T10:12:51","slug":"neugeborenenshooting-in-nidda-frankfurt","status":"publish","type":"post","link":"https:\/\/vereinigung-professioneller-kinderfotografen.de\/blog2\/neugeborenenshooting-in-nidda-frankfurt\/","title":{"rendered":"Neugeborenenshooting in Nidda | Frankfurt"},"content":{"rendered":"<p>Dieses h\u00fcbsche Baby kam wie auch die meisten Babies in den ersten zwei Wochen nach der Geburt zu mir. Der s\u00fc\u00dfe Zwerg musste sich noch etwas von der Geburt erholen und war deswegen noch sooo verschlafen und m\u00fcde. Das ist f\u00fcr mich optimal, denn wenn die M\u00e4use so friedlich schlafen, kann ich viele wundersch\u00f6ne Erinnerungen schaffen. Ich habe nat\u00fcrlich nicht nur den kleinen Schatz fotografiert, sonder auch ein paar Familienfotos und Geschwisterfotos gemacht.<img decoding=\"async\" loading=\"lazy\" class=\"aligncenter size-full wp-image-13872\" src=\"https:\/\/vereinigung-professioneller-kinderfotografen.de\/blog2\/wp-content\/uploads\/2019\/04\/04-13871-post\/babyfotograf-in-frankfurt.jpg\" alt=\"\" width=\"920\" height=\"613\" srcset=\"https:\/\/vereinigung-professioneller-kinderfotografen.de\/blog2\/wp-content\/uploads\/2019\/04\/04-13871-post\/babyfotograf-in-frankfurt.jpg 920w, https:\/\/vereinigung-professioneller-kinderfotografen.de\/blog2\/wp-content\/uploads\/2019\/04\/04-13871-post\/babyfotograf-in-frankfurt-300x200.jpg 300w, https:\/\/vereinigung-professioneller-kinderfotografen.de\/blog2\/wp-content\/uploads\/2019\/04\/04-13871-post\/babyfotograf-in-frankfurt-768x512.jpg 768w\" sizes=\"(max-width: 920px) 100vw, 920px\" \/><img decoding=\"async\" loading=\"lazy\" class=\"aligncenter size-full wp-image-13883\" src=\"https:\/\/vereinigung-professioneller-kinderfotografen.de\/blog2\/wp-content\/uploads\/2019\/04\/04-13871-post\/newbornshooting-hungen-nidda.jpg\" alt=\"\" width=\"920\" height=\"613\" srcset=\"https:\/\/vereinigung-professioneller-kinderfotografen.de\/blog2\/wp-content\/uploads\/2019\/04\/04-13871-post\/newbornshooting-hungen-nidda.jpg 920w, https:\/\/vereinigung-professioneller-kinderfotografen.de\/blog2\/wp-content\/uploads\/2019\/04\/04-13871-post\/newbornshooting-hungen-nidda-300x200.jpg 300w, https:\/\/vereinigung-professioneller-kinderfotografen.de\/blog2\/wp-content\/uploads\/2019\/04\/04-13871-post\/newbornshooting-hungen-nidda-768x512.jpg 768w\" sizes=\"(max-width: 920px) 100vw, 920px\" \/><img decoding=\"async\" loading=\"lazy\" class=\"aligncenter size-full wp-image-13882\" src=\"https:\/\/vereinigung-professioneller-kinderfotografen.de\/blog2\/wp-content\/uploads\/2019\/04\/04-13871-post\/newbornshooting-giessen-hessen.jpg\" alt=\"\" width=\"920\" height=\"613\" srcset=\"https:\/\/vereinigung-professioneller-kinderfotografen.de\/blog2\/wp-content\/uploads\/2019\/04\/04-13871-post\/newbornshooting-giessen-hessen.jpg 920w, https:\/\/vereinigung-professioneller-kinderfotografen.de\/blog2\/wp-content\/uploads\/2019\/04\/04-13871-post\/newbornshooting-giessen-hessen-300x200.jpg 300w, https:\/\/vereinigung-professioneller-kinderfotografen.de\/blog2\/wp-content\/uploads\/2019\/04\/04-13871-post\/newbornshooting-giessen-hessen-768x512.jpg 768w\" sizes=\"(max-width: 920px) 100vw, 920px\" \/><img decoding=\"async\" loading=\"lazy\" class=\"aligncenter size-full wp-image-13881\" src=\"https:\/\/vereinigung-professioneller-kinderfotografen.de\/blog2\/wp-content\/uploads\/2019\/04\/04-13871-post\/neugeborenenfotograf-in-nidda.jpg\" alt=\"\" width=\"920\" height=\"613\" srcset=\"https:\/\/vereinigung-professioneller-kinderfotografen.de\/blog2\/wp-content\/uploads\/2019\/04\/04-13871-post\/neugeborenenfotograf-in-nidda.jpg 920w, https:\/\/vereinigung-professioneller-kinderfotografen.de\/blog2\/wp-content\/uploads\/2019\/04\/04-13871-post\/neugeborenenfotograf-in-nidda-300x200.jpg 300w, https:\/\/vereinigung-professioneller-kinderfotografen.de\/blog2\/wp-content\/uploads\/2019\/04\/04-13871-post\/neugeborenenfotograf-in-nidda-768x512.jpg 768w\" sizes=\"(max-width: 920px) 100vw, 920px\" \/><img decoding=\"async\" loading=\"lazy\" class=\"aligncenter size-full wp-image-13879\" src=\"https:\/\/vereinigung-professioneller-kinderfotografen.de\/blog2\/wp-content\/uploads\/2019\/04\/04-13871-post\/kinderfotograf-in-friedberg.jpg\" alt=\"\" width=\"920\" height=\"613\" srcset=\"https:\/\/vereinigung-professioneller-kinderfotografen.de\/blog2\/wp-content\/uploads\/2019\/04\/04-13871-post\/kinderfotograf-in-friedberg.jpg 920w, https:\/\/vereinigung-professioneller-kinderfotografen.de\/blog2\/wp-content\/uploads\/2019\/04\/04-13871-post\/kinderfotograf-in-friedberg-300x200.jpg 300w, https:\/\/vereinigung-professioneller-kinderfotografen.de\/blog2\/wp-content\/uploads\/2019\/04\/04-13871-post\/kinderfotograf-in-friedberg-768x512.jpg 768w\" sizes=\"(max-width: 920px) 100vw, 920px\" \/><img decoding=\"async\" loading=\"lazy\" class=\"aligncenter size-full wp-image-13878\" src=\"https:\/\/vereinigung-professioneller-kinderfotografen.de\/blog2\/wp-content\/uploads\/2019\/04\/04-13871-post\/kinderfotograf-friedberg.jpg\" alt=\"\" width=\"920\" height=\"613\" srcset=\"https:\/\/vereinigung-professioneller-kinderfotografen.de\/blog2\/wp-content\/uploads\/2019\/04\/04-13871-post\/kinderfotograf-friedberg.jpg 920w, https:\/\/vereinigung-professioneller-kinderfotografen.de\/blog2\/wp-content\/uploads\/2019\/04\/04-13871-post\/kinderfotograf-friedberg-300x200.jpg 300w, https:\/\/vereinigung-professioneller-kinderfotografen.de\/blog2\/wp-content\/uploads\/2019\/04\/04-13871-post\/kinderfotograf-friedberg-768x512.jpg 768w\" sizes=\"(max-width: 920px) 100vw, 920px\" \/><img decoding=\"async\" loading=\"lazy\" class=\"aligncenter size-full wp-image-13877\" src=\"https:\/\/vereinigung-professioneller-kinderfotografen.de\/blog2\/wp-content\/uploads\/2019\/04\/04-13871-post\/katharina-herzen-fotograf-nidda.jpg\" alt=\"\" width=\"920\" height=\"613\" srcset=\"https:\/\/vereinigung-professioneller-kinderfotografen.de\/blog2\/wp-content\/uploads\/2019\/04\/04-13871-post\/katharina-herzen-fotograf-nidda.jpg 920w, https:\/\/vereinigung-professioneller-kinderfotografen.de\/blog2\/wp-content\/uploads\/2019\/04\/04-13871-post\/katharina-herzen-fotograf-nidda-300x200.jpg 300w, https:\/\/vereinigung-professioneller-kinderfotografen.de\/blog2\/wp-content\/uploads\/2019\/04\/04-13871-post\/katharina-herzen-fotograf-nidda-768x512.jpg 768w\" sizes=\"(max-width: 920px) 100vw, 920px\" \/><img decoding=\"async\" loading=\"lazy\" class=\"aligncenter size-full wp-image-13876\" src=\"https:\/\/vereinigung-professioneller-kinderfotografen.de\/blog2\/wp-content\/uploads\/2019\/04\/04-13871-post\/familienshooting-nidda-hessen.jpg\" alt=\"\" width=\"920\" height=\"613\" srcset=\"https:\/\/vereinigung-professioneller-kinderfotografen.de\/blog2\/wp-content\/uploads\/2019\/04\/04-13871-post\/familienshooting-nidda-hessen.jpg 920w, https:\/\/vereinigung-professioneller-kinderfotografen.de\/blog2\/wp-content\/uploads\/2019\/04\/04-13871-post\/familienshooting-nidda-hessen-300x200.jpg 300w, https:\/\/vereinigung-professioneller-kinderfotografen.de\/blog2\/wp-content\/uploads\/2019\/04\/04-13871-post\/familienshooting-nidda-hessen-768x512.jpg 768w\" sizes=\"(max-width: 920px) 100vw, 920px\" \/><img decoding=\"async\" loading=\"lazy\" class=\"aligncenter size-full wp-image-13875\" src=\"https:\/\/vereinigung-professioneller-kinderfotografen.de\/blog2\/wp-content\/uploads\/2019\/04\/04-13871-post\/exklusive-bilder-in-frankfurt.jpg\" alt=\"\" width=\"920\" height=\"1380\" srcset=\"https:\/\/vereinigung-professioneller-kinderfotografen.de\/blog2\/wp-content\/uploads\/2019\/04\/04-13871-post\/exklusive-bilder-in-frankfurt.jpg 920w, https:\/\/vereinigung-professioneller-kinderfotografen.de\/blog2\/wp-content\/uploads\/2019\/04\/04-13871-post\/exklusive-bilder-in-frankfurt-200x300.jpg 200w, https:\/\/vereinigung-professioneller-kinderfotografen.de\/blog2\/wp-content\/uploads\/2019\/04\/04-13871-post\/exklusive-bilder-in-frankfurt-768x1152.jpg 768w, https:\/\/vereinigung-professioneller-kinderfotografen.de\/blog2\/wp-content\/uploads\/2019\/04\/04-13871-post\/exklusive-bilder-in-frankfurt-683x1024.jpg 683w\" sizes=\"(max-width: 920px) 100vw, 920px\" \/><img decoding=\"async\" loading=\"lazy\" class=\"aligncenter size-full wp-image-13874\" src=\"https:\/\/vereinigung-professioneller-kinderfotografen.de\/blog2\/wp-content\/uploads\/2019\/04\/04-13871-post\/babyshooting-nidda.jpg\" alt=\"\" width=\"920\" height=\"1380\" srcset=\"https:\/\/vereinigung-professioneller-kinderfotografen.de\/blog2\/wp-content\/uploads\/2019\/04\/04-13871-post\/babyshooting-nidda.jpg 920w, https:\/\/vereinigung-professioneller-kinderfotografen.de\/blog2\/wp-content\/uploads\/2019\/04\/04-13871-post\/babyshooting-nidda-200x300.jpg 200w, https:\/\/vereinigung-professioneller-kinderfotografen.de\/blog2\/wp-content\/uploads\/2019\/04\/04-13871-post\/babyshooting-nidda-768x1152.jpg 768w, https:\/\/vereinigung-professioneller-kinderfotografen.de\/blog2\/wp-content\/uploads\/2019\/04\/04-13871-post\/babyshooting-nidda-683x1024.jpg 683w\" sizes=\"(max-width: 920px) 100vw, 920px\" \/><img decoding=\"async\" loading=\"lazy\" class=\"aligncenter size-full wp-image-13873\" src=\"https:\/\/vereinigung-professioneller-kinderfotografen.de\/blog2\/wp-content\/uploads\/2019\/04\/04-13871-post\/babyshooting-in-nidda.jpg\" alt=\"\" width=\"920\" height=\"613\" srcset=\"https:\/\/vereinigung-professioneller-kinderfotografen.de\/blog2\/wp-content\/uploads\/2019\/04\/04-13871-post\/babyshooting-in-nidda.jpg 920w, https:\/\/vereinigung-professioneller-kinderfotografen.de\/blog2\/wp-content\/uploads\/2019\/04\/04-13871-post\/babyshooting-in-nidda-300x200.jpg 300w, https:\/\/vereinigung-professioneller-kinderfotografen.de\/blog2\/wp-content\/uploads\/2019\/04\/04-13871-post\/babyshooting-in-nidda-768x512.jpg 768w\" sizes=\"(max-width: 920px) 100vw, 920px\" \/><\/p>\n","protected":false},"excerpt":{"rendered":"<p>Dieses h\u00fcbsche Baby kam wie auch die meisten Babies in den ersten zwei Wochen nach der Geburt zu mir. Der s\u00fc\u00dfe Zwerg musste sich noch etwas von der Geburt erholen und war deswegen noch sooo verschlafen und m\u00fcde. Das ist f\u00fcr mich optimal, denn wenn die M\u00e4use so friedlich schlafen, kann ich viele wundersch\u00f6ne Erinnerungen...<\/p>\n","protected":false},"author":2,"featured_media":0,"comment_status":"closed","ping_status":"closed","sticky":false,"template":"","format":"standard","meta":{"pp_embeds":""},"categories":[887],"tags":[12,1592,1590,1330,1591,1246,1339],"acf":[],"_links":{"self":[{"href":"https:\/\/vereinigung-professioneller-kinderfotografen.de\/blog2\/wp-json\/wp\/v2\/posts\/13871"}],"collection":[{"href":"https:\/\/vereinigung-professioneller-kinderfotografen.de\/blog2\/wp-json\/wp\/v2\/posts"}],"about":[{"href":"https:\/\/vereinigung-professioneller-kinderfotografen.de\/blog2\/wp-json\/wp\/v2\/types\/post"}],"author":[{"embeddable":true,"href":"https:\/\/vereinigung-professioneller-kinderfotografen.de\/blog2\/wp-json\/wp\/v2\/users\/2"}],"replies":[{"embeddable":true,"href":"https:\/\/vereinigung-professioneller-kinderfotografen.de\/blog2\/wp-json\/wp\/v2\/comments?post=13871"}],"version-history":[{"count":1,"href":"https:\/\/vereinigung-professioneller-kinderfotografen.de\/blog2\/wp-json\/wp\/v2\/posts\/13871\/revisions"}],"predecessor-version":[{"id":13884,"href":"https:\/\/vereinigung-professioneller-kinderfotografen.de\/blog2\/wp-json\/wp\/v2\/posts\/13871\/revisions\/13884"}],"wp:attachment":[{"href":"https:\/\/vereinigung-professioneller-kinderfotografen.de\/blog2\/wp-json\/wp\/v2\/media?parent=13871"}],"wp:term":[{"taxonomy":"category","embeddable":true,"href":"https:\/\/vereinigung-professioneller-kinderfotografen.de\/blog2\/wp-json\/wp\/v2\/categories?post=13871"},{"taxonomy":"post_tag","embeddable":true,"href":"https:\/\/vereinigung-professioneller-kinderfotografen.de\/blog2\/wp-json\/wp\/v2\/tags?post=13871"}],"curies":[{"name":"wp","href":"https:\/\/api.w.org\/{rel}","templated":true}]}}