{"id":12650,"date":"2018-11-12T22:05:27","date_gmt":"2018-11-12T20:05:27","guid":{"rendered":"https:\/\/vereinigung-professioneller-kinderfotografen.de\/blog2\/?p=12650"},"modified":"2018-11-12T23:05:16","modified_gmt":"2018-11-12T21:05:16","slug":"familienshooting-am-edersee-fotografie-eva-maria-schmidt","status":"publish","type":"post","link":"https:\/\/vereinigung-professioneller-kinderfotografen.de\/blog2\/familienshooting-am-edersee-fotografie-eva-maria-schmidt\/","title":{"rendered":"Familienshooting am Edersee ~ Fotografie Eva-Maria Schmidt"},"content":{"rendered":"<p>Ein Familienshooting im Sp\u00e4tsommer am Edersee&#8230; So viel sch\u00f6ne Natur ~ wie gemacht f\u00fcr Familienherzensbilder&#8230; Schaut doch mal rein!<\/p>\n<p>Mehr Bildervon Fotografie Eva-Maria Schmidt auf <a href=\"https:\/\/www.facebook.com\/Fotografie-Eva-Maria-Schmidt-164623030322916\/\">Facebook<\/a> oder ihrer <a href=\"https:\/\/www.evamariaschmidt.de\/fotografie\/hochzeitszauber\/?logout=1\">Hom<\/a><a href=\"https:\/\/www.evamariaschmidt.de\/fotografie\/hochzeitszauber\/?logout=1\">epag<\/a><a href=\"https:\/\/www.evamariaschmidt.de\/fotografie\/hochzeitszauber\/?logout=1\">e!<\/a><\/p>\n<p>&nbsp;<\/p>\n<p><img decoding=\"async\" loading=\"lazy\" class=\"aligncenter size-full wp-image-12651\" src=\"https:\/\/vereinigung-professioneller-kinderfotografen.de\/blog2\/wp-content\/uploads\/2018\/11\/12-12650-post\/Fam.-Hille-1.jpg\" alt=\"\" width=\"1800\" height=\"1200\" srcset=\"https:\/\/vereinigung-professioneller-kinderfotografen.de\/blog2\/wp-content\/uploads\/2018\/11\/12-12650-post\/Fam.-Hille-1.jpg 1800w, https:\/\/vereinigung-professioneller-kinderfotografen.de\/blog2\/wp-content\/uploads\/2018\/11\/12-12650-post\/Fam.-Hille-1-300x200.jpg 300w, https:\/\/vereinigung-professioneller-kinderfotografen.de\/blog2\/wp-content\/uploads\/2018\/11\/12-12650-post\/Fam.-Hille-1-768x512.jpg 768w, https:\/\/vereinigung-professioneller-kinderfotografen.de\/blog2\/wp-content\/uploads\/2018\/11\/12-12650-post\/Fam.-Hille-1-1024x683.jpg 1024w\" sizes=\"(max-width: 1800px) 100vw, 1800px\" \/><img decoding=\"async\" loading=\"lazy\" class=\"aligncenter size-full wp-image-12652\" src=\"https:\/\/vereinigung-professioneller-kinderfotografen.de\/blog2\/wp-content\/uploads\/2018\/11\/12-12650-post\/Fam.-Hille-20.jpg\" alt=\"\" width=\"1200\" height=\"1800\" srcset=\"https:\/\/vereinigung-professioneller-kinderfotografen.de\/blog2\/wp-content\/uploads\/2018\/11\/12-12650-post\/Fam.-Hille-20.jpg 1200w, https:\/\/vereinigung-professioneller-kinderfotografen.de\/blog2\/wp-content\/uploads\/2018\/11\/12-12650-post\/Fam.-Hille-20-200x300.jpg 200w, https:\/\/vereinigung-professioneller-kinderfotografen.de\/blog2\/wp-content\/uploads\/2018\/11\/12-12650-post\/Fam.-Hille-20-768x1152.jpg 768w, https:\/\/vereinigung-professioneller-kinderfotografen.de\/blog2\/wp-content\/uploads\/2018\/11\/12-12650-post\/Fam.-Hille-20-683x1024.jpg 683w\" sizes=\"(max-width: 1200px) 100vw, 1200px\" \/><img decoding=\"async\" loading=\"lazy\" class=\"aligncenter size-full wp-image-12653\" src=\"https:\/\/vereinigung-professioneller-kinderfotografen.de\/blog2\/wp-content\/uploads\/2018\/11\/12-12650-post\/Fam.-Hille-26.jpg\" alt=\"\" width=\"1800\" height=\"1200\" srcset=\"https:\/\/vereinigung-professioneller-kinderfotografen.de\/blog2\/wp-content\/uploads\/2018\/11\/12-12650-post\/Fam.-Hille-26.jpg 1800w, https:\/\/vereinigung-professioneller-kinderfotografen.de\/blog2\/wp-content\/uploads\/2018\/11\/12-12650-post\/Fam.-Hille-26-300x200.jpg 300w, https:\/\/vereinigung-professioneller-kinderfotografen.de\/blog2\/wp-content\/uploads\/2018\/11\/12-12650-post\/Fam.-Hille-26-768x512.jpg 768w, https:\/\/vereinigung-professioneller-kinderfotografen.de\/blog2\/wp-content\/uploads\/2018\/11\/12-12650-post\/Fam.-Hille-26-1024x683.jpg 1024w\" sizes=\"(max-width: 1800px) 100vw, 1800px\" \/><img decoding=\"async\" loading=\"lazy\" class=\"aligncenter size-full wp-image-12654\" src=\"https:\/\/vereinigung-professioneller-kinderfotografen.de\/blog2\/wp-content\/uploads\/2018\/11\/12-12650-post\/Fam.-Hille-28.jpg\" alt=\"\" width=\"1800\" height=\"1200\" srcset=\"https:\/\/vereinigung-professioneller-kinderfotografen.de\/blog2\/wp-content\/uploads\/2018\/11\/12-12650-post\/Fam.-Hille-28.jpg 1800w, https:\/\/vereinigung-professioneller-kinderfotografen.de\/blog2\/wp-content\/uploads\/2018\/11\/12-12650-post\/Fam.-Hille-28-300x200.jpg 300w, https:\/\/vereinigung-professioneller-kinderfotografen.de\/blog2\/wp-content\/uploads\/2018\/11\/12-12650-post\/Fam.-Hille-28-768x512.jpg 768w, https:\/\/vereinigung-professioneller-kinderfotografen.de\/blog2\/wp-content\/uploads\/2018\/11\/12-12650-post\/Fam.-Hille-28-1024x683.jpg 1024w\" sizes=\"(max-width: 1800px) 100vw, 1800px\" \/><img decoding=\"async\" loading=\"lazy\" class=\"aligncenter size-full wp-image-12655\" src=\"https:\/\/vereinigung-professioneller-kinderfotografen.de\/blog2\/wp-content\/uploads\/2018\/11\/12-12650-post\/Fam.-Hille-34.jpg\" alt=\"\" width=\"1800\" height=\"1200\" srcset=\"https:\/\/vereinigung-professioneller-kinderfotografen.de\/blog2\/wp-content\/uploads\/2018\/11\/12-12650-post\/Fam.-Hille-34.jpg 1800w, https:\/\/vereinigung-professioneller-kinderfotografen.de\/blog2\/wp-content\/uploads\/2018\/11\/12-12650-post\/Fam.-Hille-34-300x200.jpg 300w, https:\/\/vereinigung-professioneller-kinderfotografen.de\/blog2\/wp-content\/uploads\/2018\/11\/12-12650-post\/Fam.-Hille-34-768x512.jpg 768w, https:\/\/vereinigung-professioneller-kinderfotografen.de\/blog2\/wp-content\/uploads\/2018\/11\/12-12650-post\/Fam.-Hille-34-1024x683.jpg 1024w\" sizes=\"(max-width: 1800px) 100vw, 1800px\" \/><img decoding=\"async\" loading=\"lazy\" class=\"aligncenter size-full wp-image-12656\" src=\"https:\/\/vereinigung-professioneller-kinderfotografen.de\/blog2\/wp-content\/uploads\/2018\/11\/12-12650-post\/Fam.-Hille-56.jpg\" alt=\"\" width=\"1800\" height=\"1200\" srcset=\"https:\/\/vereinigung-professioneller-kinderfotografen.de\/blog2\/wp-content\/uploads\/2018\/11\/12-12650-post\/Fam.-Hille-56.jpg 1800w, https:\/\/vereinigung-professioneller-kinderfotografen.de\/blog2\/wp-content\/uploads\/2018\/11\/12-12650-post\/Fam.-Hille-56-300x200.jpg 300w, https:\/\/vereinigung-professioneller-kinderfotografen.de\/blog2\/wp-content\/uploads\/2018\/11\/12-12650-post\/Fam.-Hille-56-768x512.jpg 768w, https:\/\/vereinigung-professioneller-kinderfotografen.de\/blog2\/wp-content\/uploads\/2018\/11\/12-12650-post\/Fam.-Hille-56-1024x683.jpg 1024w\" sizes=\"(max-width: 1800px) 100vw, 1800px\" \/><img decoding=\"async\" loading=\"lazy\" class=\"aligncenter size-full wp-image-12657\" src=\"https:\/\/vereinigung-professioneller-kinderfotografen.de\/blog2\/wp-content\/uploads\/2018\/11\/12-12650-post\/Fam.-Hille-74.jpg\" alt=\"\" width=\"1200\" height=\"1800\" srcset=\"https:\/\/vereinigung-professioneller-kinderfotografen.de\/blog2\/wp-content\/uploads\/2018\/11\/12-12650-post\/Fam.-Hille-74.jpg 1200w, https:\/\/vereinigung-professioneller-kinderfotografen.de\/blog2\/wp-content\/uploads\/2018\/11\/12-12650-post\/Fam.-Hille-74-200x300.jpg 200w, https:\/\/vereinigung-professioneller-kinderfotografen.de\/blog2\/wp-content\/uploads\/2018\/11\/12-12650-post\/Fam.-Hille-74-768x1152.jpg 768w, https:\/\/vereinigung-professioneller-kinderfotografen.de\/blog2\/wp-content\/uploads\/2018\/11\/12-12650-post\/Fam.-Hille-74-683x1024.jpg 683w\" sizes=\"(max-width: 1200px) 100vw, 1200px\" \/><img decoding=\"async\" loading=\"lazy\" class=\"aligncenter size-full wp-image-12658\" src=\"https:\/\/vereinigung-professioneller-kinderfotografen.de\/blog2\/wp-content\/uploads\/2018\/11\/12-12650-post\/Fam.-Hille-88.jpg\" alt=\"\" width=\"1800\" height=\"1200\" srcset=\"https:\/\/vereinigung-professioneller-kinderfotografen.de\/blog2\/wp-content\/uploads\/2018\/11\/12-12650-post\/Fam.-Hille-88.jpg 1800w, https:\/\/vereinigung-professioneller-kinderfotografen.de\/blog2\/wp-content\/uploads\/2018\/11\/12-12650-post\/Fam.-Hille-88-300x200.jpg 300w, https:\/\/vereinigung-professioneller-kinderfotografen.de\/blog2\/wp-content\/uploads\/2018\/11\/12-12650-post\/Fam.-Hille-88-768x512.jpg 768w, https:\/\/vereinigung-professioneller-kinderfotografen.de\/blog2\/wp-content\/uploads\/2018\/11\/12-12650-post\/Fam.-Hille-88-1024x683.jpg 1024w\" sizes=\"(max-width: 1800px) 100vw, 1800px\" \/><img decoding=\"async\" loading=\"lazy\" class=\"aligncenter size-full wp-image-12659\" src=\"https:\/\/vereinigung-professioneller-kinderfotografen.de\/blog2\/wp-content\/uploads\/2018\/11\/12-12650-post\/Fam.-Hille-93.jpg\" alt=\"\" width=\"1800\" height=\"1200\" srcset=\"https:\/\/vereinigung-professioneller-kinderfotografen.de\/blog2\/wp-content\/uploads\/2018\/11\/12-12650-post\/Fam.-Hille-93.jpg 1800w, https:\/\/vereinigung-professioneller-kinderfotografen.de\/blog2\/wp-content\/uploads\/2018\/11\/12-12650-post\/Fam.-Hille-93-300x200.jpg 300w, https:\/\/vereinigung-professioneller-kinderfotografen.de\/blog2\/wp-content\/uploads\/2018\/11\/12-12650-post\/Fam.-Hille-93-768x512.jpg 768w, https:\/\/vereinigung-professioneller-kinderfotografen.de\/blog2\/wp-content\/uploads\/2018\/11\/12-12650-post\/Fam.-Hille-93-1024x683.jpg 1024w\" sizes=\"(max-width: 1800px) 100vw, 1800px\" \/><img decoding=\"async\" loading=\"lazy\" class=\"aligncenter size-full wp-image-12660\" src=\"https:\/\/vereinigung-professioneller-kinderfotografen.de\/blog2\/wp-content\/uploads\/2018\/11\/12-12650-post\/Fam.-Hille-96.jpg\" alt=\"\" width=\"1800\" height=\"1200\" srcset=\"https:\/\/vereinigung-professioneller-kinderfotografen.de\/blog2\/wp-content\/uploads\/2018\/11\/12-12650-post\/Fam.-Hille-96.jpg 1800w, https:\/\/vereinigung-professioneller-kinderfotografen.de\/blog2\/wp-content\/uploads\/2018\/11\/12-12650-post\/Fam.-Hille-96-300x200.jpg 300w, https:\/\/vereinigung-professioneller-kinderfotografen.de\/blog2\/wp-content\/uploads\/2018\/11\/12-12650-post\/Fam.-Hille-96-768x512.jpg 768w, https:\/\/vereinigung-professioneller-kinderfotografen.de\/blog2\/wp-content\/uploads\/2018\/11\/12-12650-post\/Fam.-Hille-96-1024x683.jpg 1024w\" sizes=\"(max-width: 1800px) 100vw, 1800px\" \/><img decoding=\"async\" loading=\"lazy\" class=\"aligncenter size-full wp-image-12661\" src=\"https:\/\/vereinigung-professioneller-kinderfotografen.de\/blog2\/wp-content\/uploads\/2018\/11\/12-12650-post\/Fam.-Hille-97.jpg\" alt=\"\" width=\"1800\" height=\"1200\" srcset=\"https:\/\/vereinigung-professioneller-kinderfotografen.de\/blog2\/wp-content\/uploads\/2018\/11\/12-12650-post\/Fam.-Hille-97.jpg 1800w, https:\/\/vereinigung-professioneller-kinderfotografen.de\/blog2\/wp-content\/uploads\/2018\/11\/12-12650-post\/Fam.-Hille-97-300x200.jpg 300w, https:\/\/vereinigung-professioneller-kinderfotografen.de\/blog2\/wp-content\/uploads\/2018\/11\/12-12650-post\/Fam.-Hille-97-768x512.jpg 768w, https:\/\/vereinigung-professioneller-kinderfotografen.de\/blog2\/wp-content\/uploads\/2018\/11\/12-12650-post\/Fam.-Hille-97-1024x683.jpg 1024w\" sizes=\"(max-width: 1800px) 100vw, 1800px\" \/><img decoding=\"async\" loading=\"lazy\" class=\"aligncenter size-full wp-image-12662\" src=\"https:\/\/vereinigung-professioneller-kinderfotografen.de\/blog2\/wp-content\/uploads\/2018\/11\/12-12650-post\/Fam.-Hille-104.jpg\" alt=\"\" width=\"1800\" height=\"1200\" srcset=\"https:\/\/vereinigung-professioneller-kinderfotografen.de\/blog2\/wp-content\/uploads\/2018\/11\/12-12650-post\/Fam.-Hille-104.jpg 1800w, https:\/\/vereinigung-professioneller-kinderfotografen.de\/blog2\/wp-content\/uploads\/2018\/11\/12-12650-post\/Fam.-Hille-104-300x200.jpg 300w, https:\/\/vereinigung-professioneller-kinderfotografen.de\/blog2\/wp-content\/uploads\/2018\/11\/12-12650-post\/Fam.-Hille-104-768x512.jpg 768w, https:\/\/vereinigung-professioneller-kinderfotografen.de\/blog2\/wp-content\/uploads\/2018\/11\/12-12650-post\/Fam.-Hille-104-1024x683.jpg 1024w\" sizes=\"(max-width: 1800px) 100vw, 1800px\" \/><img decoding=\"async\" loading=\"lazy\" class=\"aligncenter size-full wp-image-12663\" src=\"https:\/\/vereinigung-professioneller-kinderfotografen.de\/blog2\/wp-content\/uploads\/2018\/11\/12-12650-post\/Fam.-Hille-108.jpg\" alt=\"\" width=\"1200\" height=\"1800\" srcset=\"https:\/\/vereinigung-professioneller-kinderfotografen.de\/blog2\/wp-content\/uploads\/2018\/11\/12-12650-post\/Fam.-Hille-108.jpg 1200w, https:\/\/vereinigung-professioneller-kinderfotografen.de\/blog2\/wp-content\/uploads\/2018\/11\/12-12650-post\/Fam.-Hille-108-200x300.jpg 200w, https:\/\/vereinigung-professioneller-kinderfotografen.de\/blog2\/wp-content\/uploads\/2018\/11\/12-12650-post\/Fam.-Hille-108-768x1152.jpg 768w, https:\/\/vereinigung-professioneller-kinderfotografen.de\/blog2\/wp-content\/uploads\/2018\/11\/12-12650-post\/Fam.-Hille-108-683x1024.jpg 683w\" sizes=\"(max-width: 1200px) 100vw, 1200px\" \/><img decoding=\"async\" loading=\"lazy\" class=\"aligncenter size-full wp-image-12664\" src=\"https:\/\/vereinigung-professioneller-kinderfotografen.de\/blog2\/wp-content\/uploads\/2018\/11\/12-12650-post\/Fam.-Hille-125.jpg\" alt=\"\" width=\"1800\" height=\"1200\" srcset=\"https:\/\/vereinigung-professioneller-kinderfotografen.de\/blog2\/wp-content\/uploads\/2018\/11\/12-12650-post\/Fam.-Hille-125.jpg 1800w, https:\/\/vereinigung-professioneller-kinderfotografen.de\/blog2\/wp-content\/uploads\/2018\/11\/12-12650-post\/Fam.-Hille-125-300x200.jpg 300w, https:\/\/vereinigung-professioneller-kinderfotografen.de\/blog2\/wp-content\/uploads\/2018\/11\/12-12650-post\/Fam.-Hille-125-768x512.jpg 768w, https:\/\/vereinigung-professioneller-kinderfotografen.de\/blog2\/wp-content\/uploads\/2018\/11\/12-12650-post\/Fam.-Hille-125-1024x683.jpg 1024w\" sizes=\"(max-width: 1800px) 100vw, 1800px\" \/><img decoding=\"async\" loading=\"lazy\" class=\"aligncenter size-full wp-image-12665\" src=\"https:\/\/vereinigung-professioneller-kinderfotografen.de\/blog2\/wp-content\/uploads\/2018\/11\/12-12650-post\/Fam.-Hille-127.jpg\" alt=\"\" width=\"1800\" height=\"1200\" srcset=\"https:\/\/vereinigung-professioneller-kinderfotografen.de\/blog2\/wp-content\/uploads\/2018\/11\/12-12650-post\/Fam.-Hille-127.jpg 1800w, https:\/\/vereinigung-professioneller-kinderfotografen.de\/blog2\/wp-content\/uploads\/2018\/11\/12-12650-post\/Fam.-Hille-127-300x200.jpg 300w, https:\/\/vereinigung-professioneller-kinderfotografen.de\/blog2\/wp-content\/uploads\/2018\/11\/12-12650-post\/Fam.-Hille-127-768x512.jpg 768w, https:\/\/vereinigung-professioneller-kinderfotografen.de\/blog2\/wp-content\/uploads\/2018\/11\/12-12650-post\/Fam.-Hille-127-1024x683.jpg 1024w\" sizes=\"(max-width: 1800px) 100vw, 1800px\" \/><\/p>\n","protected":false},"excerpt":{"rendered":"<p>Ein Familienshooting im Sp\u00e4tsommer am Edersee&#8230; So viel sch\u00f6ne Natur ~ wie gemacht f\u00fcr Familienherzensbilder&#8230; Schaut doch mal rein! Mehr Bildervon Fotografie Eva-Maria Schmidt auf Facebook oder ihrer Homepage! &nbsp;<\/p>\n","protected":false},"author":2,"featured_media":12659,"comment_status":"closed","ping_status":"closed","sticky":false,"template":"","format":"standard","meta":{"pp_embeds":""},"categories":[898,1],"tags":[83,61,127,110,45,19],"acf":[],"_links":{"self":[{"href":"https:\/\/vereinigung-professioneller-kinderfotografen.de\/blog2\/wp-json\/wp\/v2\/posts\/12650"}],"collection":[{"href":"https:\/\/vereinigung-professioneller-kinderfotografen.de\/blog2\/wp-json\/wp\/v2\/posts"}],"about":[{"href":"https:\/\/vereinigung-professioneller-kinderfotografen.de\/blog2\/wp-json\/wp\/v2\/types\/post"}],"author":[{"embeddable":true,"href":"https:\/\/vereinigung-professioneller-kinderfotografen.de\/blog2\/wp-json\/wp\/v2\/users\/2"}],"replies":[{"embeddable":true,"href":"https:\/\/vereinigung-professioneller-kinderfotografen.de\/blog2\/wp-json\/wp\/v2\/comments?post=12650"}],"version-history":[{"count":1,"href":"https:\/\/vereinigung-professioneller-kinderfotografen.de\/blog2\/wp-json\/wp\/v2\/posts\/12650\/revisions"}],"predecessor-version":[{"id":12666,"href":"https:\/\/vereinigung-professioneller-kinderfotografen.de\/blog2\/wp-json\/wp\/v2\/posts\/12650\/revisions\/12666"}],"wp:featuredmedia":[{"embeddable":true,"href":"https:\/\/vereinigung-professioneller-kinderfotografen.de\/blog2\/wp-json\/wp\/v2\/media\/12659"}],"wp:attachment":[{"href":"https:\/\/vereinigung-professioneller-kinderfotografen.de\/blog2\/wp-json\/wp\/v2\/media?parent=12650"}],"wp:term":[{"taxonomy":"category","embeddable":true,"href":"https:\/\/vereinigung-professioneller-kinderfotografen.de\/blog2\/wp-json\/wp\/v2\/categories?post=12650"},{"taxonomy":"post_tag","embeddable":true,"href":"https:\/\/vereinigung-professioneller-kinderfotografen.de\/blog2\/wp-json\/wp\/v2\/tags?post=12650"}],"curies":[{"name":"wp","href":"https:\/\/api.w.org\/{rel}","templated":true}]}}