{"id":10767,"date":"2018-01-11T00:10:53","date_gmt":"2018-01-10T22:10:53","guid":{"rendered":"http:\/\/vereinigung-professioneller-kinderfotografen.de\/blog2\/?p=10767"},"modified":"2018-01-10T14:30:55","modified_gmt":"2018-01-10T12:30:55","slug":"neugeborenenfotos-in-paderborn-flora-wynn-photodesign","status":"publish","type":"post","link":"https:\/\/vereinigung-professioneller-kinderfotografen.de\/blog2\/neugeborenenfotos-in-paderborn-flora-wynn-photodesign\/","title":{"rendered":"Neugeborenenfotos in Paderborn | Flora | Wynn Photodesign"},"content":{"rendered":"<p>Flora und Titus waren im Oktober bei mir im Studio zu Besuch. Sind die zwei nicht goldig? Und wer Flora hei\u00dft, braucht nat\u00fcrlich auch viele Bl\u00fcmchen mit im Set \ud83d\ude42<\/p>\n<p><img decoding=\"async\" loading=\"lazy\" class=\"aligncenter size-full wp-image-10771\" src=\"http:\/\/vereinigung-professioneller-kinderfotografen.de\/blog2\/wp-content\/uploads\/2018\/01\/10-10767-post\/neugeborenenfotograf-paderborn-flora-05.jpg\" alt=\"\" width=\"900\" height=\"600\" srcset=\"https:\/\/vereinigung-professioneller-kinderfotografen.de\/blog2\/wp-content\/uploads\/2018\/01\/10-10767-post\/neugeborenenfotograf-paderborn-flora-05.jpg 900w, https:\/\/vereinigung-professioneller-kinderfotografen.de\/blog2\/wp-content\/uploads\/2018\/01\/10-10767-post\/neugeborenenfotograf-paderborn-flora-05-300x200.jpg 300w, https:\/\/vereinigung-professioneller-kinderfotografen.de\/blog2\/wp-content\/uploads\/2018\/01\/10-10767-post\/neugeborenenfotograf-paderborn-flora-05-768x512.jpg 768w\" sizes=\"(max-width: 900px) 100vw, 900px\" \/><img decoding=\"async\" loading=\"lazy\" class=\"aligncenter size-full wp-image-10773\" src=\"http:\/\/vereinigung-professioneller-kinderfotografen.de\/blog2\/wp-content\/uploads\/2018\/01\/10-10767-post\/neugeborenenfotograf-paderborn-flora-08.jpg\" alt=\"\" width=\"900\" height=\"600\" srcset=\"https:\/\/vereinigung-professioneller-kinderfotografen.de\/blog2\/wp-content\/uploads\/2018\/01\/10-10767-post\/neugeborenenfotograf-paderborn-flora-08.jpg 900w, https:\/\/vereinigung-professioneller-kinderfotografen.de\/blog2\/wp-content\/uploads\/2018\/01\/10-10767-post\/neugeborenenfotograf-paderborn-flora-08-300x200.jpg 300w, https:\/\/vereinigung-professioneller-kinderfotografen.de\/blog2\/wp-content\/uploads\/2018\/01\/10-10767-post\/neugeborenenfotograf-paderborn-flora-08-768x512.jpg 768w\" sizes=\"(max-width: 900px) 100vw, 900px\" \/><img decoding=\"async\" loading=\"lazy\" class=\"aligncenter size-full wp-image-10783\" src=\"http:\/\/vereinigung-professioneller-kinderfotografen.de\/blog2\/wp-content\/uploads\/2018\/01\/10-10767-post\/neugeborenenfotograf-paderborn-flora-21.jpg\" alt=\"\" width=\"900\" height=\"600\" srcset=\"https:\/\/vereinigung-professioneller-kinderfotografen.de\/blog2\/wp-content\/uploads\/2018\/01\/10-10767-post\/neugeborenenfotograf-paderborn-flora-21.jpg 900w, https:\/\/vereinigung-professioneller-kinderfotografen.de\/blog2\/wp-content\/uploads\/2018\/01\/10-10767-post\/neugeborenenfotograf-paderborn-flora-21-300x200.jpg 300w, https:\/\/vereinigung-professioneller-kinderfotografen.de\/blog2\/wp-content\/uploads\/2018\/01\/10-10767-post\/neugeborenenfotograf-paderborn-flora-21-768x512.jpg 768w\" sizes=\"(max-width: 900px) 100vw, 900px\" \/><img decoding=\"async\" loading=\"lazy\" class=\"aligncenter size-full wp-image-10782\" src=\"http:\/\/vereinigung-professioneller-kinderfotografen.de\/blog2\/wp-content\/uploads\/2018\/01\/10-10767-post\/neugeborenenfotograf-paderborn-flora-20.jpg\" alt=\"\" width=\"900\" height=\"600\" srcset=\"https:\/\/vereinigung-professioneller-kinderfotografen.de\/blog2\/wp-content\/uploads\/2018\/01\/10-10767-post\/neugeborenenfotograf-paderborn-flora-20.jpg 900w, https:\/\/vereinigung-professioneller-kinderfotografen.de\/blog2\/wp-content\/uploads\/2018\/01\/10-10767-post\/neugeborenenfotograf-paderborn-flora-20-300x200.jpg 300w, https:\/\/vereinigung-professioneller-kinderfotografen.de\/blog2\/wp-content\/uploads\/2018\/01\/10-10767-post\/neugeborenenfotograf-paderborn-flora-20-768x512.jpg 768w\" sizes=\"(max-width: 900px) 100vw, 900px\" \/><img decoding=\"async\" loading=\"lazy\" class=\"aligncenter size-full wp-image-10781\" src=\"http:\/\/vereinigung-professioneller-kinderfotografen.de\/blog2\/wp-content\/uploads\/2018\/01\/10-10767-post\/neugeborenenfotograf-paderborn-flora-19.jpg\" alt=\"\" width=\"900\" height=\"600\" srcset=\"https:\/\/vereinigung-professioneller-kinderfotografen.de\/blog2\/wp-content\/uploads\/2018\/01\/10-10767-post\/neugeborenenfotograf-paderborn-flora-19.jpg 900w, https:\/\/vereinigung-professioneller-kinderfotografen.de\/blog2\/wp-content\/uploads\/2018\/01\/10-10767-post\/neugeborenenfotograf-paderborn-flora-19-300x200.jpg 300w, https:\/\/vereinigung-professioneller-kinderfotografen.de\/blog2\/wp-content\/uploads\/2018\/01\/10-10767-post\/neugeborenenfotograf-paderborn-flora-19-768x512.jpg 768w\" sizes=\"(max-width: 900px) 100vw, 900px\" \/><img decoding=\"async\" loading=\"lazy\" class=\"aligncenter size-full wp-image-10769\" src=\"http:\/\/vereinigung-professioneller-kinderfotografen.de\/blog2\/wp-content\/uploads\/2018\/01\/10-10767-post\/neugeborenenfotograf-paderborn-flora-03.jpg\" alt=\"\" width=\"900\" height=\"600\" srcset=\"https:\/\/vereinigung-professioneller-kinderfotografen.de\/blog2\/wp-content\/uploads\/2018\/01\/10-10767-post\/neugeborenenfotograf-paderborn-flora-03.jpg 900w, https:\/\/vereinigung-professioneller-kinderfotografen.de\/blog2\/wp-content\/uploads\/2018\/01\/10-10767-post\/neugeborenenfotograf-paderborn-flora-03-300x200.jpg 300w, https:\/\/vereinigung-professioneller-kinderfotografen.de\/blog2\/wp-content\/uploads\/2018\/01\/10-10767-post\/neugeborenenfotograf-paderborn-flora-03-768x512.jpg 768w\" sizes=\"(max-width: 900px) 100vw, 900px\" \/><img decoding=\"async\" loading=\"lazy\" class=\"aligncenter size-full wp-image-10772\" src=\"http:\/\/vereinigung-professioneller-kinderfotografen.de\/blog2\/wp-content\/uploads\/2018\/01\/10-10767-post\/neugeborenenfotograf-paderborn-flora-07.jpg\" alt=\"\" width=\"900\" height=\"600\" srcset=\"https:\/\/vereinigung-professioneller-kinderfotografen.de\/blog2\/wp-content\/uploads\/2018\/01\/10-10767-post\/neugeborenenfotograf-paderborn-flora-07.jpg 900w, https:\/\/vereinigung-professioneller-kinderfotografen.de\/blog2\/wp-content\/uploads\/2018\/01\/10-10767-post\/neugeborenenfotograf-paderborn-flora-07-300x200.jpg 300w, https:\/\/vereinigung-professioneller-kinderfotografen.de\/blog2\/wp-content\/uploads\/2018\/01\/10-10767-post\/neugeborenenfotograf-paderborn-flora-07-768x512.jpg 768w\" sizes=\"(max-width: 900px) 100vw, 900px\" \/><img decoding=\"async\" loading=\"lazy\" class=\"aligncenter size-full wp-image-10779\" src=\"http:\/\/vereinigung-professioneller-kinderfotografen.de\/blog2\/wp-content\/uploads\/2018\/01\/10-10767-post\/neugeborenenfotograf-paderborn-flora-17.jpg\" alt=\"\" width=\"900\" height=\"436\" srcset=\"https:\/\/vereinigung-professioneller-kinderfotografen.de\/blog2\/wp-content\/uploads\/2018\/01\/10-10767-post\/neugeborenenfotograf-paderborn-flora-17.jpg 900w, https:\/\/vereinigung-professioneller-kinderfotografen.de\/blog2\/wp-content\/uploads\/2018\/01\/10-10767-post\/neugeborenenfotograf-paderborn-flora-17-300x145.jpg 300w, https:\/\/vereinigung-professioneller-kinderfotografen.de\/blog2\/wp-content\/uploads\/2018\/01\/10-10767-post\/neugeborenenfotograf-paderborn-flora-17-768x372.jpg 768w\" sizes=\"(max-width: 900px) 100vw, 900px\" \/><img decoding=\"async\" loading=\"lazy\" class=\"aligncenter size-full wp-image-10778\" src=\"http:\/\/vereinigung-professioneller-kinderfotografen.de\/blog2\/wp-content\/uploads\/2018\/01\/10-10767-post\/neugeborenenfotograf-paderborn-flora-16.jpg\" alt=\"\" width=\"900\" height=\"600\" srcset=\"https:\/\/vereinigung-professioneller-kinderfotografen.de\/blog2\/wp-content\/uploads\/2018\/01\/10-10767-post\/neugeborenenfotograf-paderborn-flora-16.jpg 900w, https:\/\/vereinigung-professioneller-kinderfotografen.de\/blog2\/wp-content\/uploads\/2018\/01\/10-10767-post\/neugeborenenfotograf-paderborn-flora-16-300x200.jpg 300w, https:\/\/vereinigung-professioneller-kinderfotografen.de\/blog2\/wp-content\/uploads\/2018\/01\/10-10767-post\/neugeborenenfotograf-paderborn-flora-16-768x512.jpg 768w\" sizes=\"(max-width: 900px) 100vw, 900px\" \/><img decoding=\"async\" loading=\"lazy\" class=\"aligncenter size-full wp-image-10777\" src=\"http:\/\/vereinigung-professioneller-kinderfotografen.de\/blog2\/wp-content\/uploads\/2018\/01\/10-10767-post\/neugeborenenfotograf-paderborn-flora-14.jpg\" alt=\"\" width=\"900\" height=\"600\" srcset=\"https:\/\/vereinigung-professioneller-kinderfotografen.de\/blog2\/wp-content\/uploads\/2018\/01\/10-10767-post\/neugeborenenfotograf-paderborn-flora-14.jpg 900w, https:\/\/vereinigung-professioneller-kinderfotografen.de\/blog2\/wp-content\/uploads\/2018\/01\/10-10767-post\/neugeborenenfotograf-paderborn-flora-14-300x200.jpg 300w, https:\/\/vereinigung-professioneller-kinderfotografen.de\/blog2\/wp-content\/uploads\/2018\/01\/10-10767-post\/neugeborenenfotograf-paderborn-flora-14-768x512.jpg 768w\" sizes=\"(max-width: 900px) 100vw, 900px\" \/><img decoding=\"async\" loading=\"lazy\" class=\"aligncenter size-full wp-image-10776\" src=\"http:\/\/vereinigung-professioneller-kinderfotografen.de\/blog2\/wp-content\/uploads\/2018\/01\/10-10767-post\/neugeborenenfotograf-paderborn-flora-13.jpg\" alt=\"\" width=\"900\" height=\"600\" srcset=\"https:\/\/vereinigung-professioneller-kinderfotografen.de\/blog2\/wp-content\/uploads\/2018\/01\/10-10767-post\/neugeborenenfotograf-paderborn-flora-13.jpg 900w, https:\/\/vereinigung-professioneller-kinderfotografen.de\/blog2\/wp-content\/uploads\/2018\/01\/10-10767-post\/neugeborenenfotograf-paderborn-flora-13-300x200.jpg 300w, https:\/\/vereinigung-professioneller-kinderfotografen.de\/blog2\/wp-content\/uploads\/2018\/01\/10-10767-post\/neugeborenenfotograf-paderborn-flora-13-768x512.jpg 768w\" sizes=\"(max-width: 900px) 100vw, 900px\" \/><img decoding=\"async\" loading=\"lazy\" class=\"aligncenter size-full wp-image-10775\" src=\"http:\/\/vereinigung-professioneller-kinderfotografen.de\/blog2\/wp-content\/uploads\/2018\/01\/10-10767-post\/neugeborenenfotograf-paderborn-flora-10.jpg\" alt=\"\" width=\"900\" height=\"600\" srcset=\"https:\/\/vereinigung-professioneller-kinderfotografen.de\/blog2\/wp-content\/uploads\/2018\/01\/10-10767-post\/neugeborenenfotograf-paderborn-flora-10.jpg 900w, https:\/\/vereinigung-professioneller-kinderfotografen.de\/blog2\/wp-content\/uploads\/2018\/01\/10-10767-post\/neugeborenenfotograf-paderborn-flora-10-300x200.jpg 300w, https:\/\/vereinigung-professioneller-kinderfotografen.de\/blog2\/wp-content\/uploads\/2018\/01\/10-10767-post\/neugeborenenfotograf-paderborn-flora-10-768x512.jpg 768w\" sizes=\"(max-width: 900px) 100vw, 900px\" \/><img decoding=\"async\" loading=\"lazy\" class=\"aligncenter size-full wp-image-10770\" src=\"http:\/\/vereinigung-professioneller-kinderfotografen.de\/blog2\/wp-content\/uploads\/2018\/01\/10-10767-post\/neugeborenenfotograf-paderborn-flora-04.jpg\" alt=\"\" width=\"900\" height=\"466\" srcset=\"https:\/\/vereinigung-professioneller-kinderfotografen.de\/blog2\/wp-content\/uploads\/2018\/01\/10-10767-post\/neugeborenenfotograf-paderborn-flora-04.jpg 900w, https:\/\/vereinigung-professioneller-kinderfotografen.de\/blog2\/wp-content\/uploads\/2018\/01\/10-10767-post\/neugeborenenfotograf-paderborn-flora-04-300x155.jpg 300w, https:\/\/vereinigung-professioneller-kinderfotografen.de\/blog2\/wp-content\/uploads\/2018\/01\/10-10767-post\/neugeborenenfotograf-paderborn-flora-04-768x398.jpg 768w\" sizes=\"(max-width: 900px) 100vw, 900px\" \/><img decoding=\"async\" loading=\"lazy\" class=\"aligncenter size-full wp-image-10768\" src=\"http:\/\/vereinigung-professioneller-kinderfotografen.de\/blog2\/wp-content\/uploads\/2018\/01\/10-10767-post\/neugeborenenfotograf-paderborn-flora-02.jpg\" alt=\"\" width=\"900\" height=\"600\" srcset=\"https:\/\/vereinigung-professioneller-kinderfotografen.de\/blog2\/wp-content\/uploads\/2018\/01\/10-10767-post\/neugeborenenfotograf-paderborn-flora-02.jpg 900w, https:\/\/vereinigung-professioneller-kinderfotografen.de\/blog2\/wp-content\/uploads\/2018\/01\/10-10767-post\/neugeborenenfotograf-paderborn-flora-02-300x200.jpg 300w, https:\/\/vereinigung-professioneller-kinderfotografen.de\/blog2\/wp-content\/uploads\/2018\/01\/10-10767-post\/neugeborenenfotograf-paderborn-flora-02-768x512.jpg 768w\" sizes=\"(max-width: 900px) 100vw, 900px\" \/><img decoding=\"async\" loading=\"lazy\" class=\"aligncenter size-full wp-image-10774\" src=\"http:\/\/vereinigung-professioneller-kinderfotografen.de\/blog2\/wp-content\/uploads\/2018\/01\/10-10767-post\/neugeborenenfotograf-paderborn-flora-09.jpg\" alt=\"\" width=\"900\" height=\"506\" srcset=\"https:\/\/vereinigung-professioneller-kinderfotografen.de\/blog2\/wp-content\/uploads\/2018\/01\/10-10767-post\/neugeborenenfotograf-paderborn-flora-09.jpg 900w, https:\/\/vereinigung-professioneller-kinderfotografen.de\/blog2\/wp-content\/uploads\/2018\/01\/10-10767-post\/neugeborenenfotograf-paderborn-flora-09-300x169.jpg 300w, https:\/\/vereinigung-professioneller-kinderfotografen.de\/blog2\/wp-content\/uploads\/2018\/01\/10-10767-post\/neugeborenenfotograf-paderborn-flora-09-768x432.jpg 768w\" sizes=\"(max-width: 900px) 100vw, 900px\" \/><img decoding=\"async\" loading=\"lazy\" class=\"aligncenter size-full wp-image-10780\" src=\"http:\/\/vereinigung-professioneller-kinderfotografen.de\/blog2\/wp-content\/uploads\/2018\/01\/10-10767-post\/neugeborenenfotograf-paderborn-flora-18.jpg\" alt=\"\" width=\"900\" height=\"230\" srcset=\"https:\/\/vereinigung-professioneller-kinderfotografen.de\/blog2\/wp-content\/uploads\/2018\/01\/10-10767-post\/neugeborenenfotograf-paderborn-flora-18.jpg 900w, https:\/\/vereinigung-professioneller-kinderfotografen.de\/blog2\/wp-content\/uploads\/2018\/01\/10-10767-post\/neugeborenenfotograf-paderborn-flora-18-300x77.jpg 300w, https:\/\/vereinigung-professioneller-kinderfotografen.de\/blog2\/wp-content\/uploads\/2018\/01\/10-10767-post\/neugeborenenfotograf-paderborn-flora-18-768x196.jpg 768w\" sizes=\"(max-width: 900px) 100vw, 900px\" \/><\/p>\n","protected":false},"excerpt":{"rendered":"<p>Flora und Titus waren im Oktober bei mir im Studio zu Besuch. Sind die zwei nicht goldig? Und wer Flora hei\u00dft, braucht nat\u00fcrlich auch viele Bl\u00fcmchen mit im Set \ud83d\ude42<\/p>\n","protected":false},"author":2,"featured_media":0,"comment_status":"closed","ping_status":"closed","sticky":false,"template":"","format":"standard","meta":{"pp_embeds":""},"categories":[375],"tags":[12,16,26,71],"acf":[],"_links":{"self":[{"href":"https:\/\/vereinigung-professioneller-kinderfotografen.de\/blog2\/wp-json\/wp\/v2\/posts\/10767"}],"collection":[{"href":"https:\/\/vereinigung-professioneller-kinderfotografen.de\/blog2\/wp-json\/wp\/v2\/posts"}],"about":[{"href":"https:\/\/vereinigung-professioneller-kinderfotografen.de\/blog2\/wp-json\/wp\/v2\/types\/post"}],"author":[{"embeddable":true,"href":"https:\/\/vereinigung-professioneller-kinderfotografen.de\/blog2\/wp-json\/wp\/v2\/users\/2"}],"replies":[{"embeddable":true,"href":"https:\/\/vereinigung-professioneller-kinderfotografen.de\/blog2\/wp-json\/wp\/v2\/comments?post=10767"}],"version-history":[{"count":1,"href":"https:\/\/vereinigung-professioneller-kinderfotografen.de\/blog2\/wp-json\/wp\/v2\/posts\/10767\/revisions"}],"predecessor-version":[{"id":10784,"href":"https:\/\/vereinigung-professioneller-kinderfotografen.de\/blog2\/wp-json\/wp\/v2\/posts\/10767\/revisions\/10784"}],"wp:attachment":[{"href":"https:\/\/vereinigung-professioneller-kinderfotografen.de\/blog2\/wp-json\/wp\/v2\/media?parent=10767"}],"wp:term":[{"taxonomy":"category","embeddable":true,"href":"https:\/\/vereinigung-professioneller-kinderfotografen.de\/blog2\/wp-json\/wp\/v2\/categories?post=10767"},{"taxonomy":"post_tag","embeddable":true,"href":"https:\/\/vereinigung-professioneller-kinderfotografen.de\/blog2\/wp-json\/wp\/v2\/tags?post=10767"}],"curies":[{"name":"wp","href":"https:\/\/api.w.org\/{rel}","templated":true}]}}