{"id":10667,"date":"2017-12-30T18:50:55","date_gmt":"2017-12-30T16:50:55","guid":{"rendered":"http:\/\/vereinigung-professioneller-kinderfotografen.de\/blog2\/?p=10667"},"modified":"2017-12-30T18:53:04","modified_gmt":"2017-12-30T16:53:04","slug":"eine-homestory-in-braunschweig-i-lifestyle-familien-und-die-ersten-babyfotos-i-fasan-photography","status":"publish","type":"post","link":"https:\/\/vereinigung-professioneller-kinderfotografen.de\/blog2\/eine-homestory-in-braunschweig-i-lifestyle-familien-und-die-ersten-babyfotos-i-fasan-photography\/","title":{"rendered":"Eine Homestory in Braunschweig \/ Lifestyle Familien &#8211; und die Ersten Babyfotos \/ Fosan Photography"},"content":{"rendered":"<p>Heute m\u00f6chte unsere Fotografin Sandra Mette von Fosan Photography eine ganz andere Seite Ihrer Fotografie zeigen. Homestorys oder auch Lifestyle Fotografie bietet unsere Fotografin seit 2015 an. Meistens fotografiert Sandra junge Familien und Ihre Babys in Ihrem Homestudio. W\u00e4hrend im Studio eher arrangierte Bilder in einem Set mit M\u00fctzchen und Teddyb\u00e4ren entstehen, dokumentiert unsere Fotografin bei der Lifestyle Fotografie sozusagen, dass Echte Leben der Familie, ganz ungezwungen in den eigenen vier W\u00e4nden. Hierbei entstehen wundersch\u00f6ne Stillfotos, Babyfotos, Geschwisterfotos und Familienfotos und erz\u00e4hlen eine kleine Geschichte. Schaut Euch unbedingt die Geschichte dieser Familie an.<\/p>\n<p><img decoding=\"async\" loading=\"lazy\" class=\"aligncenter size-full wp-image-10668\" src=\"http:\/\/vereinigung-professioneller-kinderfotografen.de\/blog2\/wp-content\/uploads\/2017\/12\/30-10667-post\/homestory-lifestyle-babyfotos-fosanphotography-braunschweig-1.jpg\" alt=\"\" width=\"667\" height=\"1000\" srcset=\"https:\/\/vereinigung-professioneller-kinderfotografen.de\/blog2\/wp-content\/uploads\/2017\/12\/30-10667-post\/homestory-lifestyle-babyfotos-fosanphotography-braunschweig-1.jpg 667w, https:\/\/vereinigung-professioneller-kinderfotografen.de\/blog2\/wp-content\/uploads\/2017\/12\/30-10667-post\/homestory-lifestyle-babyfotos-fosanphotography-braunschweig-1-200x300.jpg 200w\" sizes=\"(max-width: 667px) 100vw, 667px\" \/><img decoding=\"async\" loading=\"lazy\" class=\"aligncenter size-full wp-image-10669\" src=\"http:\/\/vereinigung-professioneller-kinderfotografen.de\/blog2\/wp-content\/uploads\/2017\/12\/30-10667-post\/homestory-lifestyle-babyfotos-fosanphotography-braunschweig-2.jpg\" alt=\"\" width=\"1000\" height=\"667\" srcset=\"https:\/\/vereinigung-professioneller-kinderfotografen.de\/blog2\/wp-content\/uploads\/2017\/12\/30-10667-post\/homestory-lifestyle-babyfotos-fosanphotography-braunschweig-2.jpg 1000w, https:\/\/vereinigung-professioneller-kinderfotografen.de\/blog2\/wp-content\/uploads\/2017\/12\/30-10667-post\/homestory-lifestyle-babyfotos-fosanphotography-braunschweig-2-300x200.jpg 300w, https:\/\/vereinigung-professioneller-kinderfotografen.de\/blog2\/wp-content\/uploads\/2017\/12\/30-10667-post\/homestory-lifestyle-babyfotos-fosanphotography-braunschweig-2-768x512.jpg 768w\" sizes=\"(max-width: 1000px) 100vw, 1000px\" \/><img decoding=\"async\" loading=\"lazy\" class=\"aligncenter size-full wp-image-10674\" src=\"http:\/\/vereinigung-professioneller-kinderfotografen.de\/blog2\/wp-content\/uploads\/2017\/12\/30-10667-post\/homestory-lifestyle-babyfotos-fosanphotography-braunschweig-7.jpg\" alt=\"\" width=\"1000\" height=\"667\" srcset=\"https:\/\/vereinigung-professioneller-kinderfotografen.de\/blog2\/wp-content\/uploads\/2017\/12\/30-10667-post\/homestory-lifestyle-babyfotos-fosanphotography-braunschweig-7.jpg 1000w, https:\/\/vereinigung-professioneller-kinderfotografen.de\/blog2\/wp-content\/uploads\/2017\/12\/30-10667-post\/homestory-lifestyle-babyfotos-fosanphotography-braunschweig-7-300x200.jpg 300w, https:\/\/vereinigung-professioneller-kinderfotografen.de\/blog2\/wp-content\/uploads\/2017\/12\/30-10667-post\/homestory-lifestyle-babyfotos-fosanphotography-braunschweig-7-768x512.jpg 768w\" sizes=\"(max-width: 1000px) 100vw, 1000px\" \/><img decoding=\"async\" loading=\"lazy\" class=\"aligncenter size-full wp-image-10675\" src=\"http:\/\/vereinigung-professioneller-kinderfotografen.de\/blog2\/wp-content\/uploads\/2017\/12\/30-10667-post\/homestory-lifestyle-babyfotos-fosanphotography-braunschweig-8.jpg\" alt=\"\" width=\"1000\" height=\"667\" srcset=\"https:\/\/vereinigung-professioneller-kinderfotografen.de\/blog2\/wp-content\/uploads\/2017\/12\/30-10667-post\/homestory-lifestyle-babyfotos-fosanphotography-braunschweig-8.jpg 1000w, https:\/\/vereinigung-professioneller-kinderfotografen.de\/blog2\/wp-content\/uploads\/2017\/12\/30-10667-post\/homestory-lifestyle-babyfotos-fosanphotography-braunschweig-8-300x200.jpg 300w, https:\/\/vereinigung-professioneller-kinderfotografen.de\/blog2\/wp-content\/uploads\/2017\/12\/30-10667-post\/homestory-lifestyle-babyfotos-fosanphotography-braunschweig-8-768x512.jpg 768w\" sizes=\"(max-width: 1000px) 100vw, 1000px\" \/><img decoding=\"async\" loading=\"lazy\" class=\"aligncenter size-full wp-image-10672\" src=\"http:\/\/vereinigung-professioneller-kinderfotografen.de\/blog2\/wp-content\/uploads\/2017\/12\/30-10667-post\/homestory-lifestyle-babyfotos-fosanphotography-braunschweig-5.jpg\" alt=\"\" width=\"1000\" height=\"667\" srcset=\"https:\/\/vereinigung-professioneller-kinderfotografen.de\/blog2\/wp-content\/uploads\/2017\/12\/30-10667-post\/homestory-lifestyle-babyfotos-fosanphotography-braunschweig-5.jpg 1000w, https:\/\/vereinigung-professioneller-kinderfotografen.de\/blog2\/wp-content\/uploads\/2017\/12\/30-10667-post\/homestory-lifestyle-babyfotos-fosanphotography-braunschweig-5-300x200.jpg 300w, https:\/\/vereinigung-professioneller-kinderfotografen.de\/blog2\/wp-content\/uploads\/2017\/12\/30-10667-post\/homestory-lifestyle-babyfotos-fosanphotography-braunschweig-5-768x512.jpg 768w\" sizes=\"(max-width: 1000px) 100vw, 1000px\" \/><img decoding=\"async\" loading=\"lazy\" class=\"aligncenter size-full wp-image-10673\" src=\"http:\/\/vereinigung-professioneller-kinderfotografen.de\/blog2\/wp-content\/uploads\/2017\/12\/30-10667-post\/homestory-lifestyle-babyfotos-fosanphotography-braunschweig-6.jpg\" alt=\"\" width=\"1000\" height=\"667\" srcset=\"https:\/\/vereinigung-professioneller-kinderfotografen.de\/blog2\/wp-content\/uploads\/2017\/12\/30-10667-post\/homestory-lifestyle-babyfotos-fosanphotography-braunschweig-6.jpg 1000w, https:\/\/vereinigung-professioneller-kinderfotografen.de\/blog2\/wp-content\/uploads\/2017\/12\/30-10667-post\/homestory-lifestyle-babyfotos-fosanphotography-braunschweig-6-300x200.jpg 300w, https:\/\/vereinigung-professioneller-kinderfotografen.de\/blog2\/wp-content\/uploads\/2017\/12\/30-10667-post\/homestory-lifestyle-babyfotos-fosanphotography-braunschweig-6-768x512.jpg 768w\" sizes=\"(max-width: 1000px) 100vw, 1000px\" \/><img decoding=\"async\" loading=\"lazy\" class=\"aligncenter size-full wp-image-10670\" src=\"http:\/\/vereinigung-professioneller-kinderfotografen.de\/blog2\/wp-content\/uploads\/2017\/12\/30-10667-post\/homestory-lifestyle-babyfotos-fosanphotography-braunschweig-3.jpg\" alt=\"\" width=\"1000\" height=\"667\" srcset=\"https:\/\/vereinigung-professioneller-kinderfotografen.de\/blog2\/wp-content\/uploads\/2017\/12\/30-10667-post\/homestory-lifestyle-babyfotos-fosanphotography-braunschweig-3.jpg 1000w, https:\/\/vereinigung-professioneller-kinderfotografen.de\/blog2\/wp-content\/uploads\/2017\/12\/30-10667-post\/homestory-lifestyle-babyfotos-fosanphotography-braunschweig-3-300x200.jpg 300w, https:\/\/vereinigung-professioneller-kinderfotografen.de\/blog2\/wp-content\/uploads\/2017\/12\/30-10667-post\/homestory-lifestyle-babyfotos-fosanphotography-braunschweig-3-768x512.jpg 768w\" sizes=\"(max-width: 1000px) 100vw, 1000px\" \/><img decoding=\"async\" loading=\"lazy\" class=\"aligncenter size-full wp-image-10671\" src=\"http:\/\/vereinigung-professioneller-kinderfotografen.de\/blog2\/wp-content\/uploads\/2017\/12\/30-10667-post\/homestory-lifestyle-babyfotos-fosanphotography-braunschweig-4.jpg\" alt=\"\" width=\"1000\" height=\"667\" srcset=\"https:\/\/vereinigung-professioneller-kinderfotografen.de\/blog2\/wp-content\/uploads\/2017\/12\/30-10667-post\/homestory-lifestyle-babyfotos-fosanphotography-braunschweig-4.jpg 1000w, https:\/\/vereinigung-professioneller-kinderfotografen.de\/blog2\/wp-content\/uploads\/2017\/12\/30-10667-post\/homestory-lifestyle-babyfotos-fosanphotography-braunschweig-4-300x200.jpg 300w, https:\/\/vereinigung-professioneller-kinderfotografen.de\/blog2\/wp-content\/uploads\/2017\/12\/30-10667-post\/homestory-lifestyle-babyfotos-fosanphotography-braunschweig-4-768x512.jpg 768w\" sizes=\"(max-width: 1000px) 100vw, 1000px\" \/><img decoding=\"async\" loading=\"lazy\" class=\"aligncenter size-full wp-image-10676\" src=\"http:\/\/vereinigung-professioneller-kinderfotografen.de\/blog2\/wp-content\/uploads\/2017\/12\/30-10667-post\/homestory-lifestyle-babyfotos-fosanphotography-braunschweig-9.jpg\" alt=\"\" width=\"667\" height=\"1000\" srcset=\"https:\/\/vereinigung-professioneller-kinderfotografen.de\/blog2\/wp-content\/uploads\/2017\/12\/30-10667-post\/homestory-lifestyle-babyfotos-fosanphotography-braunschweig-9.jpg 667w, https:\/\/vereinigung-professioneller-kinderfotografen.de\/blog2\/wp-content\/uploads\/2017\/12\/30-10667-post\/homestory-lifestyle-babyfotos-fosanphotography-braunschweig-9-200x300.jpg 200w\" sizes=\"(max-width: 667px) 100vw, 667px\" \/><img decoding=\"async\" loading=\"lazy\" class=\"aligncenter size-full wp-image-10677\" src=\"http:\/\/vereinigung-professioneller-kinderfotografen.de\/blog2\/wp-content\/uploads\/2017\/12\/30-10667-post\/homestory-lifestyle-babyfotos-fosanphotography-braunschweig-10.jpg\" alt=\"\" width=\"1000\" height=\"667\" srcset=\"https:\/\/vereinigung-professioneller-kinderfotografen.de\/blog2\/wp-content\/uploads\/2017\/12\/30-10667-post\/homestory-lifestyle-babyfotos-fosanphotography-braunschweig-10.jpg 1000w, https:\/\/vereinigung-professioneller-kinderfotografen.de\/blog2\/wp-content\/uploads\/2017\/12\/30-10667-post\/homestory-lifestyle-babyfotos-fosanphotography-braunschweig-10-300x200.jpg 300w, https:\/\/vereinigung-professioneller-kinderfotografen.de\/blog2\/wp-content\/uploads\/2017\/12\/30-10667-post\/homestory-lifestyle-babyfotos-fosanphotography-braunschweig-10-768x512.jpg 768w\" sizes=\"(max-width: 1000px) 100vw, 1000px\" \/><img decoding=\"async\" loading=\"lazy\" class=\"aligncenter size-full wp-image-10678\" src=\"http:\/\/vereinigung-professioneller-kinderfotografen.de\/blog2\/wp-content\/uploads\/2017\/12\/30-10667-post\/homestory-lifestyle-babyfotos-fosanphotography-braunschweig-11.jpg\" alt=\"\" width=\"1000\" height=\"667\" srcset=\"https:\/\/vereinigung-professioneller-kinderfotografen.de\/blog2\/wp-content\/uploads\/2017\/12\/30-10667-post\/homestory-lifestyle-babyfotos-fosanphotography-braunschweig-11.jpg 1000w, https:\/\/vereinigung-professioneller-kinderfotografen.de\/blog2\/wp-content\/uploads\/2017\/12\/30-10667-post\/homestory-lifestyle-babyfotos-fosanphotography-braunschweig-11-300x200.jpg 300w, https:\/\/vereinigung-professioneller-kinderfotografen.de\/blog2\/wp-content\/uploads\/2017\/12\/30-10667-post\/homestory-lifestyle-babyfotos-fosanphotography-braunschweig-11-768x512.jpg 768w\" sizes=\"(max-width: 1000px) 100vw, 1000px\" \/><img decoding=\"async\" loading=\"lazy\" class=\"aligncenter size-full wp-image-10684\" src=\"http:\/\/vereinigung-professioneller-kinderfotografen.de\/blog2\/wp-content\/uploads\/2017\/12\/30-10667-post\/homestory-lifestyle-babyfotos-fosanphotography-braunschweig-19.jpg\" alt=\"\" width=\"1000\" height=\"667\" srcset=\"https:\/\/vereinigung-professioneller-kinderfotografen.de\/blog2\/wp-content\/uploads\/2017\/12\/30-10667-post\/homestory-lifestyle-babyfotos-fosanphotography-braunschweig-19.jpg 1000w, https:\/\/vereinigung-professioneller-kinderfotografen.de\/blog2\/wp-content\/uploads\/2017\/12\/30-10667-post\/homestory-lifestyle-babyfotos-fosanphotography-braunschweig-19-300x200.jpg 300w, https:\/\/vereinigung-professioneller-kinderfotografen.de\/blog2\/wp-content\/uploads\/2017\/12\/30-10667-post\/homestory-lifestyle-babyfotos-fosanphotography-braunschweig-19-768x512.jpg 768w\" sizes=\"(max-width: 1000px) 100vw, 1000px\" \/><img decoding=\"async\" loading=\"lazy\" class=\"aligncenter size-full wp-image-10685\" src=\"http:\/\/vereinigung-professioneller-kinderfotografen.de\/blog2\/wp-content\/uploads\/2017\/12\/30-10667-post\/homestory-lifestyle-babyfotos-fosanphotography-braunschweig-20.jpg\" alt=\"\" width=\"1000\" height=\"667\" srcset=\"https:\/\/vereinigung-professioneller-kinderfotografen.de\/blog2\/wp-content\/uploads\/2017\/12\/30-10667-post\/homestory-lifestyle-babyfotos-fosanphotography-braunschweig-20.jpg 1000w, https:\/\/vereinigung-professioneller-kinderfotografen.de\/blog2\/wp-content\/uploads\/2017\/12\/30-10667-post\/homestory-lifestyle-babyfotos-fosanphotography-braunschweig-20-300x200.jpg 300w, https:\/\/vereinigung-professioneller-kinderfotografen.de\/blog2\/wp-content\/uploads\/2017\/12\/30-10667-post\/homestory-lifestyle-babyfotos-fosanphotography-braunschweig-20-768x512.jpg 768w\" sizes=\"(max-width: 1000px) 100vw, 1000px\" \/><img decoding=\"async\" loading=\"lazy\" class=\"aligncenter size-full wp-image-10688\" src=\"http:\/\/vereinigung-professioneller-kinderfotografen.de\/blog2\/wp-content\/uploads\/2017\/12\/30-10667-post\/homestory-lifestyle-babyfotos-fosanphotography-braunschweig-23.jpg\" alt=\"\" width=\"667\" height=\"1000\" srcset=\"https:\/\/vereinigung-professioneller-kinderfotografen.de\/blog2\/wp-content\/uploads\/2017\/12\/30-10667-post\/homestory-lifestyle-babyfotos-fosanphotography-braunschweig-23.jpg 667w, https:\/\/vereinigung-professioneller-kinderfotografen.de\/blog2\/wp-content\/uploads\/2017\/12\/30-10667-post\/homestory-lifestyle-babyfotos-fosanphotography-braunschweig-23-200x300.jpg 200w\" sizes=\"(max-width: 667px) 100vw, 667px\" \/><img decoding=\"async\" loading=\"lazy\" class=\"aligncenter size-full wp-image-10687\" src=\"http:\/\/vereinigung-professioneller-kinderfotografen.de\/blog2\/wp-content\/uploads\/2017\/12\/30-10667-post\/homestory-lifestyle-babyfotos-fosanphotography-braunschweig-22.jpg\" alt=\"\" width=\"1000\" height=\"667\" srcset=\"https:\/\/vereinigung-professioneller-kinderfotografen.de\/blog2\/wp-content\/uploads\/2017\/12\/30-10667-post\/homestory-lifestyle-babyfotos-fosanphotography-braunschweig-22.jpg 1000w, https:\/\/vereinigung-professioneller-kinderfotografen.de\/blog2\/wp-content\/uploads\/2017\/12\/30-10667-post\/homestory-lifestyle-babyfotos-fosanphotography-braunschweig-22-300x200.jpg 300w, https:\/\/vereinigung-professioneller-kinderfotografen.de\/blog2\/wp-content\/uploads\/2017\/12\/30-10667-post\/homestory-lifestyle-babyfotos-fosanphotography-braunschweig-22-768x512.jpg 768w\" sizes=\"(max-width: 1000px) 100vw, 1000px\" \/><img decoding=\"async\" loading=\"lazy\" class=\"aligncenter size-full wp-image-10690\" src=\"http:\/\/vereinigung-professioneller-kinderfotografen.de\/blog2\/wp-content\/uploads\/2017\/12\/30-10667-post\/homestory-lifestyle-babyfotos-fosanphotography-braunschweig-25.jpg\" alt=\"\" width=\"1000\" height=\"667\" srcset=\"https:\/\/vereinigung-professioneller-kinderfotografen.de\/blog2\/wp-content\/uploads\/2017\/12\/30-10667-post\/homestory-lifestyle-babyfotos-fosanphotography-braunschweig-25.jpg 1000w, https:\/\/vereinigung-professioneller-kinderfotografen.de\/blog2\/wp-content\/uploads\/2017\/12\/30-10667-post\/homestory-lifestyle-babyfotos-fosanphotography-braunschweig-25-300x200.jpg 300w, https:\/\/vereinigung-professioneller-kinderfotografen.de\/blog2\/wp-content\/uploads\/2017\/12\/30-10667-post\/homestory-lifestyle-babyfotos-fosanphotography-braunschweig-25-768x512.jpg 768w\" sizes=\"(max-width: 1000px) 100vw, 1000px\" \/><img decoding=\"async\" loading=\"lazy\" class=\"aligncenter size-full wp-image-10680\" src=\"http:\/\/vereinigung-professioneller-kinderfotografen.de\/blog2\/wp-content\/uploads\/2017\/12\/30-10667-post\/homestory-lifestyle-babyfotos-fosanphotography-braunschweig-13.jpg\" alt=\"\" width=\"667\" height=\"1000\" srcset=\"https:\/\/vereinigung-professioneller-kinderfotografen.de\/blog2\/wp-content\/uploads\/2017\/12\/30-10667-post\/homestory-lifestyle-babyfotos-fosanphotography-braunschweig-13.jpg 667w, https:\/\/vereinigung-professioneller-kinderfotografen.de\/blog2\/wp-content\/uploads\/2017\/12\/30-10667-post\/homestory-lifestyle-babyfotos-fosanphotography-braunschweig-13-200x300.jpg 200w\" sizes=\"(max-width: 667px) 100vw, 667px\" \/><img decoding=\"async\" loading=\"lazy\" class=\"aligncenter size-full wp-image-10681\" src=\"http:\/\/vereinigung-professioneller-kinderfotografen.de\/blog2\/wp-content\/uploads\/2017\/12\/30-10667-post\/homestory-lifestyle-babyfotos-fosanphotography-braunschweig-14.jpg\" alt=\"\" width=\"667\" height=\"1000\" srcset=\"https:\/\/vereinigung-professioneller-kinderfotografen.de\/blog2\/wp-content\/uploads\/2017\/12\/30-10667-post\/homestory-lifestyle-babyfotos-fosanphotography-braunschweig-14.jpg 667w, https:\/\/vereinigung-professioneller-kinderfotografen.de\/blog2\/wp-content\/uploads\/2017\/12\/30-10667-post\/homestory-lifestyle-babyfotos-fosanphotography-braunschweig-14-200x300.jpg 200w\" sizes=\"(max-width: 667px) 100vw, 667px\" \/><img decoding=\"async\" loading=\"lazy\" class=\"aligncenter size-full wp-image-10679\" src=\"http:\/\/vereinigung-professioneller-kinderfotografen.de\/blog2\/wp-content\/uploads\/2017\/12\/30-10667-post\/homestory-lifestyle-babyfotos-fosanphotography-braunschweig-12.jpg\" alt=\"\" width=\"1000\" height=\"667\" srcset=\"https:\/\/vereinigung-professioneller-kinderfotografen.de\/blog2\/wp-content\/uploads\/2017\/12\/30-10667-post\/homestory-lifestyle-babyfotos-fosanphotography-braunschweig-12.jpg 1000w, https:\/\/vereinigung-professioneller-kinderfotografen.de\/blog2\/wp-content\/uploads\/2017\/12\/30-10667-post\/homestory-lifestyle-babyfotos-fosanphotography-braunschweig-12-300x200.jpg 300w, https:\/\/vereinigung-professioneller-kinderfotografen.de\/blog2\/wp-content\/uploads\/2017\/12\/30-10667-post\/homestory-lifestyle-babyfotos-fosanphotography-braunschweig-12-768x512.jpg 768w\" sizes=\"(max-width: 1000px) 100vw, 1000px\" \/><img decoding=\"async\" loading=\"lazy\" class=\"aligncenter size-full wp-image-10686\" src=\"http:\/\/vereinigung-professioneller-kinderfotografen.de\/blog2\/wp-content\/uploads\/2017\/12\/30-10667-post\/homestory-lifestyle-babyfotos-fosanphotography-braunschweig-21.jpg\" alt=\"\" width=\"1000\" height=\"667\" srcset=\"https:\/\/vereinigung-professioneller-kinderfotografen.de\/blog2\/wp-content\/uploads\/2017\/12\/30-10667-post\/homestory-lifestyle-babyfotos-fosanphotography-braunschweig-21.jpg 1000w, https:\/\/vereinigung-professioneller-kinderfotografen.de\/blog2\/wp-content\/uploads\/2017\/12\/30-10667-post\/homestory-lifestyle-babyfotos-fosanphotography-braunschweig-21-300x200.jpg 300w, https:\/\/vereinigung-professioneller-kinderfotografen.de\/blog2\/wp-content\/uploads\/2017\/12\/30-10667-post\/homestory-lifestyle-babyfotos-fosanphotography-braunschweig-21-768x512.jpg 768w\" sizes=\"(max-width: 1000px) 100vw, 1000px\" \/><img decoding=\"async\" loading=\"lazy\" class=\"aligncenter size-full wp-image-10682\" src=\"http:\/\/vereinigung-professioneller-kinderfotografen.de\/blog2\/wp-content\/uploads\/2017\/12\/30-10667-post\/homestory-lifestyle-babyfotos-fosanphotography-braunschweig-17.jpg\" alt=\"\" width=\"1000\" height=\"667\" srcset=\"https:\/\/vereinigung-professioneller-kinderfotografen.de\/blog2\/wp-content\/uploads\/2017\/12\/30-10667-post\/homestory-lifestyle-babyfotos-fosanphotography-braunschweig-17.jpg 1000w, https:\/\/vereinigung-professioneller-kinderfotografen.de\/blog2\/wp-content\/uploads\/2017\/12\/30-10667-post\/homestory-lifestyle-babyfotos-fosanphotography-braunschweig-17-300x200.jpg 300w, https:\/\/vereinigung-professioneller-kinderfotografen.de\/blog2\/wp-content\/uploads\/2017\/12\/30-10667-post\/homestory-lifestyle-babyfotos-fosanphotography-braunschweig-17-768x512.jpg 768w\" sizes=\"(max-width: 1000px) 100vw, 1000px\" \/><img decoding=\"async\" loading=\"lazy\" class=\"aligncenter size-full wp-image-10683\" src=\"http:\/\/vereinigung-professioneller-kinderfotografen.de\/blog2\/wp-content\/uploads\/2017\/12\/30-10667-post\/homestory-lifestyle-babyfotos-fosanphotography-braunschweig-18.jpg\" alt=\"\" width=\"667\" height=\"1000\" srcset=\"https:\/\/vereinigung-professioneller-kinderfotografen.de\/blog2\/wp-content\/uploads\/2017\/12\/30-10667-post\/homestory-lifestyle-babyfotos-fosanphotography-braunschweig-18.jpg 667w, https:\/\/vereinigung-professioneller-kinderfotografen.de\/blog2\/wp-content\/uploads\/2017\/12\/30-10667-post\/homestory-lifestyle-babyfotos-fosanphotography-braunschweig-18-200x300.jpg 200w\" sizes=\"(max-width: 667px) 100vw, 667px\" \/><img decoding=\"async\" loading=\"lazy\" class=\"aligncenter size-full wp-image-10689\" src=\"http:\/\/vereinigung-professioneller-kinderfotografen.de\/blog2\/wp-content\/uploads\/2017\/12\/30-10667-post\/homestory-lifestyle-babyfotos-fosanphotography-braunschweig-24.jpg\" alt=\"\" width=\"1000\" height=\"667\" srcset=\"https:\/\/vereinigung-professioneller-kinderfotografen.de\/blog2\/wp-content\/uploads\/2017\/12\/30-10667-post\/homestory-lifestyle-babyfotos-fosanphotography-braunschweig-24.jpg 1000w, https:\/\/vereinigung-professioneller-kinderfotografen.de\/blog2\/wp-content\/uploads\/2017\/12\/30-10667-post\/homestory-lifestyle-babyfotos-fosanphotography-braunschweig-24-300x200.jpg 300w, https:\/\/vereinigung-professioneller-kinderfotografen.de\/blog2\/wp-content\/uploads\/2017\/12\/30-10667-post\/homestory-lifestyle-babyfotos-fosanphotography-braunschweig-24-768x512.jpg 768w\" sizes=\"(max-width: 1000px) 100vw, 1000px\" \/><\/p>\n","protected":false},"excerpt":{"rendered":"<p>Heute m\u00f6chte unsere Fotografin Sandra Mette von Fosan Photography eine ganz andere Seite Ihrer Fotografie zeigen. Homestorys oder auch Lifestyle Fotografie bietet unsere Fotografin seit 2015 an. Meistens fotografiert Sandra junge Familien und Ihre Babys in Ihrem Homestudio. W\u00e4hrend im Studio eher arrangierte Bilder in einem Set mit M\u00fctzchen und Teddyb\u00e4ren entstehen, dokumentiert unsere Fotografin...<\/p>\n","protected":false},"author":2,"featured_media":0,"comment_status":"closed","ping_status":"closed","sticky":false,"template":"","format":"standard","meta":{"pp_embeds":""},"categories":[900],"tags":[1230,1135,188,1132,1229,1231,409,559,1194],"acf":[],"_links":{"self":[{"href":"https:\/\/vereinigung-professioneller-kinderfotografen.de\/blog2\/wp-json\/wp\/v2\/posts\/10667"}],"collection":[{"href":"https:\/\/vereinigung-professioneller-kinderfotografen.de\/blog2\/wp-json\/wp\/v2\/posts"}],"about":[{"href":"https:\/\/vereinigung-professioneller-kinderfotografen.de\/blog2\/wp-json\/wp\/v2\/types\/post"}],"author":[{"embeddable":true,"href":"https:\/\/vereinigung-professioneller-kinderfotografen.de\/blog2\/wp-json\/wp\/v2\/users\/2"}],"replies":[{"embeddable":true,"href":"https:\/\/vereinigung-professioneller-kinderfotografen.de\/blog2\/wp-json\/wp\/v2\/comments?post=10667"}],"version-history":[{"count":6,"href":"https:\/\/vereinigung-professioneller-kinderfotografen.de\/blog2\/wp-json\/wp\/v2\/posts\/10667\/revisions"}],"predecessor-version":[{"id":10696,"href":"https:\/\/vereinigung-professioneller-kinderfotografen.de\/blog2\/wp-json\/wp\/v2\/posts\/10667\/revisions\/10696"}],"wp:attachment":[{"href":"https:\/\/vereinigung-professioneller-kinderfotografen.de\/blog2\/wp-json\/wp\/v2\/media?parent=10667"}],"wp:term":[{"taxonomy":"category","embeddable":true,"href":"https:\/\/vereinigung-professioneller-kinderfotografen.de\/blog2\/wp-json\/wp\/v2\/categories?post=10667"},{"taxonomy":"post_tag","embeddable":true,"href":"https:\/\/vereinigung-professioneller-kinderfotografen.de\/blog2\/wp-json\/wp\/v2\/tags?post=10667"}],"curies":[{"name":"wp","href":"https:\/\/api.w.org\/{rel}","templated":true}]}}