{"id":10655,"date":"2017-12-26T20:10:10","date_gmt":"2017-12-26T18:10:10","guid":{"rendered":"http:\/\/vereinigung-professioneller-kinderfotografen.de\/blog2\/?p=10655"},"modified":"2017-12-26T12:01:10","modified_gmt":"2017-12-26T10:01:10","slug":"klinggloeckchenklingelingeling-frohe-weihnachten-aus-hamburg","status":"publish","type":"post","link":"https:\/\/vereinigung-professioneller-kinderfotografen.de\/blog2\/klinggloeckchenklingelingeling-frohe-weihnachten-aus-hamburg\/","title":{"rendered":"Klinggl\u00f6ckchenklingelingeling &#8211; Frohe Weihnachten aus Hamburg"},"content":{"rendered":"<p>Heute m\u00f6chten wir euch einen kleinen Ausschnitt aus der Weihnachtsminisession unserer Fotografin <a href=\"http:\/\/www.nicolebartels.de\">Nicole Bartels<\/a> aus Hamburg pr\u00e4sentieren. Mit viel Liebe zum Details hat Nicole ein wundersch\u00f6nes Set in ihrem Tageslichtatelier aufgebaut und die kleinen Models hatten viel Spa\u00df und machten gro\u00dfe, funkelnde Augen&#8230;.so wie die vielen Gl\u00fccklichen Eltern, Omis, Opis, Tanten und Onkels, die sich \u00fcber wundersch\u00f6ne Fotos unterm Tannenbaum freuen durften.<\/p>\n<p><img decoding=\"async\" loading=\"lazy\" class=\"pp-insert-all size-full aligncenter\" src=\"http:\/\/vereinigung-professioneller-kinderfotografen.de\/blog2\/wp-content\/uploads\/2017\/12\/26-10655-post\/01_171226.jpg\" alt=\"\" width=\"900\" height=\"599\" \/><img decoding=\"async\" loading=\"lazy\" class=\"pp-insert-all size-full aligncenter\" src=\"http:\/\/vereinigung-professioneller-kinderfotografen.de\/blog2\/wp-content\/uploads\/2017\/12\/26-10655-post\/02_171226.jpg\" alt=\"\" width=\"900\" height=\"599\" \/><img decoding=\"async\" loading=\"lazy\" class=\"pp-insert-all size-full aligncenter\" src=\"http:\/\/vereinigung-professioneller-kinderfotografen.de\/blog2\/wp-content\/uploads\/2017\/12\/26-10655-post\/03_171226.jpg\" alt=\"\" width=\"900\" height=\"599\" \/><img decoding=\"async\" loading=\"lazy\" class=\"pp-insert-all size-full aligncenter\" src=\"http:\/\/vereinigung-professioneller-kinderfotografen.de\/blog2\/wp-content\/uploads\/2017\/12\/26-10655-post\/04_171226.jpg\" alt=\"\" width=\"900\" height=\"599\" \/><img decoding=\"async\" loading=\"lazy\" class=\"pp-insert-all size-full aligncenter\" src=\"http:\/\/vereinigung-professioneller-kinderfotografen.de\/blog2\/wp-content\/uploads\/2017\/12\/26-10655-post\/05_171226.jpg\" alt=\"\" width=\"900\" height=\"599\" \/><img decoding=\"async\" loading=\"lazy\" class=\"pp-insert-all size-full aligncenter\" src=\"http:\/\/vereinigung-professioneller-kinderfotografen.de\/blog2\/wp-content\/uploads\/2017\/12\/26-10655-post\/06_171226.jpg\" alt=\"\" width=\"900\" height=\"599\" \/><img decoding=\"async\" loading=\"lazy\" class=\"pp-insert-all size-full aligncenter\" src=\"http:\/\/vereinigung-professioneller-kinderfotografen.de\/blog2\/wp-content\/uploads\/2017\/12\/26-10655-post\/07_171226.jpg\" alt=\"\" width=\"900\" height=\"599\" \/><img decoding=\"async\" loading=\"lazy\" class=\"pp-insert-all size-full aligncenter\" src=\"http:\/\/vereinigung-professioneller-kinderfotografen.de\/blog2\/wp-content\/uploads\/2017\/12\/26-10655-post\/08_171226.jpg\" alt=\"\" width=\"900\" height=\"599\" \/><\/p>\n","protected":false},"excerpt":{"rendered":"<p>Heute m\u00f6chten wir euch einen kleinen Ausschnitt aus der Weihnachtsminisession unserer Fotografin Nicole Bartels aus Hamburg pr\u00e4sentieren. Mit viel Liebe zum Details hat Nicole ein wundersch\u00f6nes Set in ihrem Tageslichtatelier aufgebaut und die kleinen Models hatten viel Spa\u00df und machten gro\u00dfe, funkelnde Augen&#8230;.so wie die vielen Gl\u00fccklichen Eltern, Omis, Opis, Tanten und Onkels, die sich...<\/p>\n","protected":false},"author":2,"featured_media":0,"comment_status":"closed","ping_status":"closed","sticky":false,"template":"","format":"standard","meta":{"pp_embeds":""},"categories":[387],"tags":[12,83,10,16,61,45,1211,19,1228],"acf":[],"_links":{"self":[{"href":"https:\/\/vereinigung-professioneller-kinderfotografen.de\/blog2\/wp-json\/wp\/v2\/posts\/10655"}],"collection":[{"href":"https:\/\/vereinigung-professioneller-kinderfotografen.de\/blog2\/wp-json\/wp\/v2\/posts"}],"about":[{"href":"https:\/\/vereinigung-professioneller-kinderfotografen.de\/blog2\/wp-json\/wp\/v2\/types\/post"}],"author":[{"embeddable":true,"href":"https:\/\/vereinigung-professioneller-kinderfotografen.de\/blog2\/wp-json\/wp\/v2\/users\/2"}],"replies":[{"embeddable":true,"href":"https:\/\/vereinigung-professioneller-kinderfotografen.de\/blog2\/wp-json\/wp\/v2\/comments?post=10655"}],"version-history":[{"count":2,"href":"https:\/\/vereinigung-professioneller-kinderfotografen.de\/blog2\/wp-json\/wp\/v2\/posts\/10655\/revisions"}],"predecessor-version":[{"id":10665,"href":"https:\/\/vereinigung-professioneller-kinderfotografen.de\/blog2\/wp-json\/wp\/v2\/posts\/10655\/revisions\/10665"}],"wp:attachment":[{"href":"https:\/\/vereinigung-professioneller-kinderfotografen.de\/blog2\/wp-json\/wp\/v2\/media?parent=10655"}],"wp:term":[{"taxonomy":"category","embeddable":true,"href":"https:\/\/vereinigung-professioneller-kinderfotografen.de\/blog2\/wp-json\/wp\/v2\/categories?post=10655"},{"taxonomy":"post_tag","embeddable":true,"href":"https:\/\/vereinigung-professioneller-kinderfotografen.de\/blog2\/wp-json\/wp\/v2\/tags?post=10655"}],"curies":[{"name":"wp","href":"https:\/\/api.w.org\/{rel}","templated":true}]}}