{"id":10635,"date":"2017-12-24T17:00:39","date_gmt":"2017-12-24T15:00:39","guid":{"rendered":"http:\/\/vereinigung-professioneller-kinderfotografen.de\/blog2\/?p=10635"},"modified":"2017-12-23T15:17:41","modified_gmt":"2017-12-23T13:17:41","slug":"10635-2","status":"publish","type":"post","link":"https:\/\/vereinigung-professioneller-kinderfotografen.de\/blog2\/10635-2\/","title":{"rendered":"Nat\u00fcrliche Schwangerschaftsfotos aus der Schweiz &#8211; Nina W\u00fcthrich Photography"},"content":{"rendered":"<p>Wie sch\u00f6n ist es, Erinnerungen zu haben an die Zeit bevor das Baby da war. Hier in wundersch\u00f6nen, zeitlosen Bildern festgehalten von unserer lieben Fotografin Nina W\u00fcthrich aus der Schweiz.<\/p>\n<p>Weitere Arbeiten von Nina W\u00fcthrich Photography findet ihr auf\u00a0<a href=\"https:\/\/www.instagram.com\/ninawuethrichphotography\/\">Instagram<\/a>\u00a0bei\u00a0<a href=\"https:\/\/www.facebook.com\/Nina-W%C3%BCthrich-Photography-255776971171343\/\">Facebook<\/a>\u00a0oder auf\u00a0<a href=\"https:\/\/nina-photo.ch\">www.nina-photo.ch<\/a><\/p>\n<p><img decoding=\"async\" loading=\"lazy\" class=\"aligncenter size-full wp-image-10649\" src=\"http:\/\/vereinigung-professioneller-kinderfotografen.de\/blog2\/wp-content\/uploads\/2017\/12\/23-10635-post\/Nina-Wuethrich-Photography-Schwangerschaftsfotografie-Bern-14.jpg\" alt=\"\" width=\"1200\" height=\"900\" srcset=\"https:\/\/vereinigung-professioneller-kinderfotografen.de\/blog2\/wp-content\/uploads\/2017\/12\/23-10635-post\/Nina-Wuethrich-Photography-Schwangerschaftsfotografie-Bern-14.jpg 1200w, https:\/\/vereinigung-professioneller-kinderfotografen.de\/blog2\/wp-content\/uploads\/2017\/12\/23-10635-post\/Nina-Wuethrich-Photography-Schwangerschaftsfotografie-Bern-14-300x225.jpg 300w, https:\/\/vereinigung-professioneller-kinderfotografen.de\/blog2\/wp-content\/uploads\/2017\/12\/23-10635-post\/Nina-Wuethrich-Photography-Schwangerschaftsfotografie-Bern-14-768x576.jpg 768w, https:\/\/vereinigung-professioneller-kinderfotografen.de\/blog2\/wp-content\/uploads\/2017\/12\/23-10635-post\/Nina-Wuethrich-Photography-Schwangerschaftsfotografie-Bern-14-1024x768.jpg 1024w\" sizes=\"(max-width: 1200px) 100vw, 1200px\" \/><img decoding=\"async\" loading=\"lazy\" class=\"aligncenter size-full wp-image-10648\" src=\"http:\/\/vereinigung-professioneller-kinderfotografen.de\/blog2\/wp-content\/uploads\/2017\/12\/23-10635-post\/Nina-Wuethrich-Photography-Schwangerschaftsfotografie-Bern-13.jpg\" alt=\"\" width=\"800\" height=\"1200\" srcset=\"https:\/\/vereinigung-professioneller-kinderfotografen.de\/blog2\/wp-content\/uploads\/2017\/12\/23-10635-post\/Nina-Wuethrich-Photography-Schwangerschaftsfotografie-Bern-13.jpg 800w, https:\/\/vereinigung-professioneller-kinderfotografen.de\/blog2\/wp-content\/uploads\/2017\/12\/23-10635-post\/Nina-Wuethrich-Photography-Schwangerschaftsfotografie-Bern-13-200x300.jpg 200w, https:\/\/vereinigung-professioneller-kinderfotografen.de\/blog2\/wp-content\/uploads\/2017\/12\/23-10635-post\/Nina-Wuethrich-Photography-Schwangerschaftsfotografie-Bern-13-768x1152.jpg 768w, https:\/\/vereinigung-professioneller-kinderfotografen.de\/blog2\/wp-content\/uploads\/2017\/12\/23-10635-post\/Nina-Wuethrich-Photography-Schwangerschaftsfotografie-Bern-13-683x1024.jpg 683w\" sizes=\"(max-width: 800px) 100vw, 800px\" \/><img decoding=\"async\" loading=\"lazy\" class=\"aligncenter size-full wp-image-10647\" src=\"http:\/\/vereinigung-professioneller-kinderfotografen.de\/blog2\/wp-content\/uploads\/2017\/12\/23-10635-post\/Nina-Wuethrich-Photography-Schwangerschaftsfotografie-Bern-12.jpg\" alt=\"\" width=\"800\" height=\"1200\" srcset=\"https:\/\/vereinigung-professioneller-kinderfotografen.de\/blog2\/wp-content\/uploads\/2017\/12\/23-10635-post\/Nina-Wuethrich-Photography-Schwangerschaftsfotografie-Bern-12.jpg 800w, https:\/\/vereinigung-professioneller-kinderfotografen.de\/blog2\/wp-content\/uploads\/2017\/12\/23-10635-post\/Nina-Wuethrich-Photography-Schwangerschaftsfotografie-Bern-12-200x300.jpg 200w, https:\/\/vereinigung-professioneller-kinderfotografen.de\/blog2\/wp-content\/uploads\/2017\/12\/23-10635-post\/Nina-Wuethrich-Photography-Schwangerschaftsfotografie-Bern-12-768x1152.jpg 768w, https:\/\/vereinigung-professioneller-kinderfotografen.de\/blog2\/wp-content\/uploads\/2017\/12\/23-10635-post\/Nina-Wuethrich-Photography-Schwangerschaftsfotografie-Bern-12-683x1024.jpg 683w\" sizes=\"(max-width: 800px) 100vw, 800px\" \/><img decoding=\"async\" loading=\"lazy\" class=\"aligncenter size-full wp-image-10644\" src=\"http:\/\/vereinigung-professioneller-kinderfotografen.de\/blog2\/wp-content\/uploads\/2017\/12\/23-10635-post\/Nina-Wuethrich-Photography-Schwangerschaftsfotografie-Bern-09.jpg\" alt=\"\" width=\"1200\" height=\"900\" srcset=\"https:\/\/vereinigung-professioneller-kinderfotografen.de\/blog2\/wp-content\/uploads\/2017\/12\/23-10635-post\/Nina-Wuethrich-Photography-Schwangerschaftsfotografie-Bern-09.jpg 1200w, https:\/\/vereinigung-professioneller-kinderfotografen.de\/blog2\/wp-content\/uploads\/2017\/12\/23-10635-post\/Nina-Wuethrich-Photography-Schwangerschaftsfotografie-Bern-09-300x225.jpg 300w, https:\/\/vereinigung-professioneller-kinderfotografen.de\/blog2\/wp-content\/uploads\/2017\/12\/23-10635-post\/Nina-Wuethrich-Photography-Schwangerschaftsfotografie-Bern-09-768x576.jpg 768w, https:\/\/vereinigung-professioneller-kinderfotografen.de\/blog2\/wp-content\/uploads\/2017\/12\/23-10635-post\/Nina-Wuethrich-Photography-Schwangerschaftsfotografie-Bern-09-1024x768.jpg 1024w\" sizes=\"(max-width: 1200px) 100vw, 1200px\" \/><img decoding=\"async\" loading=\"lazy\" class=\"aligncenter size-full wp-image-10645\" src=\"http:\/\/vereinigung-professioneller-kinderfotografen.de\/blog2\/wp-content\/uploads\/2017\/12\/23-10635-post\/Nina-Wuethrich-Photography-Schwangerschaftsfotografie-Bern-10.jpg\" alt=\"\" width=\"576\" height=\"864\" srcset=\"https:\/\/vereinigung-professioneller-kinderfotografen.de\/blog2\/wp-content\/uploads\/2017\/12\/23-10635-post\/Nina-Wuethrich-Photography-Schwangerschaftsfotografie-Bern-10.jpg 576w, https:\/\/vereinigung-professioneller-kinderfotografen.de\/blog2\/wp-content\/uploads\/2017\/12\/23-10635-post\/Nina-Wuethrich-Photography-Schwangerschaftsfotografie-Bern-10-200x300.jpg 200w\" sizes=\"(max-width: 576px) 100vw, 576px\" \/><img decoding=\"async\" loading=\"lazy\" class=\"aligncenter size-full wp-image-10643\" src=\"http:\/\/vereinigung-professioneller-kinderfotografen.de\/blog2\/wp-content\/uploads\/2017\/12\/23-10635-post\/Nina-Wuethrich-Photography-Schwangerschaftsfotografie-Bern-08.jpg\" alt=\"\" width=\"800\" height=\"1200\" srcset=\"https:\/\/vereinigung-professioneller-kinderfotografen.de\/blog2\/wp-content\/uploads\/2017\/12\/23-10635-post\/Nina-Wuethrich-Photography-Schwangerschaftsfotografie-Bern-08.jpg 800w, https:\/\/vereinigung-professioneller-kinderfotografen.de\/blog2\/wp-content\/uploads\/2017\/12\/23-10635-post\/Nina-Wuethrich-Photography-Schwangerschaftsfotografie-Bern-08-200x300.jpg 200w, https:\/\/vereinigung-professioneller-kinderfotografen.de\/blog2\/wp-content\/uploads\/2017\/12\/23-10635-post\/Nina-Wuethrich-Photography-Schwangerschaftsfotografie-Bern-08-768x1152.jpg 768w, https:\/\/vereinigung-professioneller-kinderfotografen.de\/blog2\/wp-content\/uploads\/2017\/12\/23-10635-post\/Nina-Wuethrich-Photography-Schwangerschaftsfotografie-Bern-08-683x1024.jpg 683w\" sizes=\"(max-width: 800px) 100vw, 800px\" \/><img decoding=\"async\" loading=\"lazy\" class=\"aligncenter size-full wp-image-10642\" src=\"http:\/\/vereinigung-professioneller-kinderfotografen.de\/blog2\/wp-content\/uploads\/2017\/12\/23-10635-post\/Nina-Wuethrich-Photography-Schwangerschaftsfotografie-Bern-07.jpg\" alt=\"\" width=\"800\" height=\"1200\" srcset=\"https:\/\/vereinigung-professioneller-kinderfotografen.de\/blog2\/wp-content\/uploads\/2017\/12\/23-10635-post\/Nina-Wuethrich-Photography-Schwangerschaftsfotografie-Bern-07.jpg 800w, https:\/\/vereinigung-professioneller-kinderfotografen.de\/blog2\/wp-content\/uploads\/2017\/12\/23-10635-post\/Nina-Wuethrich-Photography-Schwangerschaftsfotografie-Bern-07-200x300.jpg 200w, https:\/\/vereinigung-professioneller-kinderfotografen.de\/blog2\/wp-content\/uploads\/2017\/12\/23-10635-post\/Nina-Wuethrich-Photography-Schwangerschaftsfotografie-Bern-07-768x1152.jpg 768w, https:\/\/vereinigung-professioneller-kinderfotografen.de\/blog2\/wp-content\/uploads\/2017\/12\/23-10635-post\/Nina-Wuethrich-Photography-Schwangerschaftsfotografie-Bern-07-683x1024.jpg 683w\" sizes=\"(max-width: 800px) 100vw, 800px\" \/><img decoding=\"async\" loading=\"lazy\" class=\"aligncenter size-full wp-image-10646\" src=\"http:\/\/vereinigung-professioneller-kinderfotografen.de\/blog2\/wp-content\/uploads\/2017\/12\/23-10635-post\/Nina-Wuethrich-Photography-Schwangerschaftsfotografie-Bern-11.jpg\" alt=\"\" width=\"800\" height=\"1200\" srcset=\"https:\/\/vereinigung-professioneller-kinderfotografen.de\/blog2\/wp-content\/uploads\/2017\/12\/23-10635-post\/Nina-Wuethrich-Photography-Schwangerschaftsfotografie-Bern-11.jpg 800w, https:\/\/vereinigung-professioneller-kinderfotografen.de\/blog2\/wp-content\/uploads\/2017\/12\/23-10635-post\/Nina-Wuethrich-Photography-Schwangerschaftsfotografie-Bern-11-200x300.jpg 200w, https:\/\/vereinigung-professioneller-kinderfotografen.de\/blog2\/wp-content\/uploads\/2017\/12\/23-10635-post\/Nina-Wuethrich-Photography-Schwangerschaftsfotografie-Bern-11-768x1152.jpg 768w, https:\/\/vereinigung-professioneller-kinderfotografen.de\/blog2\/wp-content\/uploads\/2017\/12\/23-10635-post\/Nina-Wuethrich-Photography-Schwangerschaftsfotografie-Bern-11-683x1024.jpg 683w\" sizes=\"(max-width: 800px) 100vw, 800px\" \/><img decoding=\"async\" loading=\"lazy\" class=\"aligncenter size-full wp-image-10641\" src=\"http:\/\/vereinigung-professioneller-kinderfotografen.de\/blog2\/wp-content\/uploads\/2017\/12\/23-10635-post\/Nina-Wuethrich-Photography-Schwangerschaftsfotografie-Bern-06.jpg\" alt=\"\" width=\"1200\" height=\"800\" srcset=\"https:\/\/vereinigung-professioneller-kinderfotografen.de\/blog2\/wp-content\/uploads\/2017\/12\/23-10635-post\/Nina-Wuethrich-Photography-Schwangerschaftsfotografie-Bern-06.jpg 1200w, https:\/\/vereinigung-professioneller-kinderfotografen.de\/blog2\/wp-content\/uploads\/2017\/12\/23-10635-post\/Nina-Wuethrich-Photography-Schwangerschaftsfotografie-Bern-06-300x200.jpg 300w, https:\/\/vereinigung-professioneller-kinderfotografen.de\/blog2\/wp-content\/uploads\/2017\/12\/23-10635-post\/Nina-Wuethrich-Photography-Schwangerschaftsfotografie-Bern-06-768x512.jpg 768w, https:\/\/vereinigung-professioneller-kinderfotografen.de\/blog2\/wp-content\/uploads\/2017\/12\/23-10635-post\/Nina-Wuethrich-Photography-Schwangerschaftsfotografie-Bern-06-1024x683.jpg 1024w\" sizes=\"(max-width: 1200px) 100vw, 1200px\" \/><img decoding=\"async\" loading=\"lazy\" class=\"aligncenter size-full wp-image-10640\" src=\"http:\/\/vereinigung-professioneller-kinderfotografen.de\/blog2\/wp-content\/uploads\/2017\/12\/23-10635-post\/Nina-Wuethrich-Photography-Schwangerschaftsfotografie-Bern-05.jpg\" alt=\"\" width=\"1200\" height=\"800\" srcset=\"https:\/\/vereinigung-professioneller-kinderfotografen.de\/blog2\/wp-content\/uploads\/2017\/12\/23-10635-post\/Nina-Wuethrich-Photography-Schwangerschaftsfotografie-Bern-05.jpg 1200w, https:\/\/vereinigung-professioneller-kinderfotografen.de\/blog2\/wp-content\/uploads\/2017\/12\/23-10635-post\/Nina-Wuethrich-Photography-Schwangerschaftsfotografie-Bern-05-300x200.jpg 300w, https:\/\/vereinigung-professioneller-kinderfotografen.de\/blog2\/wp-content\/uploads\/2017\/12\/23-10635-post\/Nina-Wuethrich-Photography-Schwangerschaftsfotografie-Bern-05-768x512.jpg 768w, https:\/\/vereinigung-professioneller-kinderfotografen.de\/blog2\/wp-content\/uploads\/2017\/12\/23-10635-post\/Nina-Wuethrich-Photography-Schwangerschaftsfotografie-Bern-05-1024x683.jpg 1024w\" sizes=\"(max-width: 1200px) 100vw, 1200px\" \/><img decoding=\"async\" loading=\"lazy\" class=\"aligncenter size-full wp-image-10637\" src=\"http:\/\/vereinigung-professioneller-kinderfotografen.de\/blog2\/wp-content\/uploads\/2017\/12\/23-10635-post\/Nina-Wuethrich-Photography-Schwangerschaftsfotografie-Bern-02.jpg\" alt=\"\" width=\"1200\" height=\"800\" srcset=\"https:\/\/vereinigung-professioneller-kinderfotografen.de\/blog2\/wp-content\/uploads\/2017\/12\/23-10635-post\/Nina-Wuethrich-Photography-Schwangerschaftsfotografie-Bern-02.jpg 1200w, https:\/\/vereinigung-professioneller-kinderfotografen.de\/blog2\/wp-content\/uploads\/2017\/12\/23-10635-post\/Nina-Wuethrich-Photography-Schwangerschaftsfotografie-Bern-02-300x200.jpg 300w, https:\/\/vereinigung-professioneller-kinderfotografen.de\/blog2\/wp-content\/uploads\/2017\/12\/23-10635-post\/Nina-Wuethrich-Photography-Schwangerschaftsfotografie-Bern-02-768x512.jpg 768w, https:\/\/vereinigung-professioneller-kinderfotografen.de\/blog2\/wp-content\/uploads\/2017\/12\/23-10635-post\/Nina-Wuethrich-Photography-Schwangerschaftsfotografie-Bern-02-1024x683.jpg 1024w\" sizes=\"(max-width: 1200px) 100vw, 1200px\" \/><img decoding=\"async\" loading=\"lazy\" class=\"aligncenter size-full wp-image-10636\" src=\"http:\/\/vereinigung-professioneller-kinderfotografen.de\/blog2\/wp-content\/uploads\/2017\/12\/23-10635-post\/Nina-Wuethrich-Photography-Schwangerschaftsfotografie-Bern-01.jpg\" alt=\"\" width=\"1200\" height=\"800\" srcset=\"https:\/\/vereinigung-professioneller-kinderfotografen.de\/blog2\/wp-content\/uploads\/2017\/12\/23-10635-post\/Nina-Wuethrich-Photography-Schwangerschaftsfotografie-Bern-01.jpg 1200w, https:\/\/vereinigung-professioneller-kinderfotografen.de\/blog2\/wp-content\/uploads\/2017\/12\/23-10635-post\/Nina-Wuethrich-Photography-Schwangerschaftsfotografie-Bern-01-300x200.jpg 300w, https:\/\/vereinigung-professioneller-kinderfotografen.de\/blog2\/wp-content\/uploads\/2017\/12\/23-10635-post\/Nina-Wuethrich-Photography-Schwangerschaftsfotografie-Bern-01-768x512.jpg 768w, https:\/\/vereinigung-professioneller-kinderfotografen.de\/blog2\/wp-content\/uploads\/2017\/12\/23-10635-post\/Nina-Wuethrich-Photography-Schwangerschaftsfotografie-Bern-01-1024x683.jpg 1024w\" sizes=\"(max-width: 1200px) 100vw, 1200px\" \/><img decoding=\"async\" loading=\"lazy\" class=\"aligncenter size-full wp-image-10639\" src=\"http:\/\/vereinigung-professioneller-kinderfotografen.de\/blog2\/wp-content\/uploads\/2017\/12\/23-10635-post\/Nina-Wuethrich-Photography-Schwangerschaftsfotografie-Bern-04.jpg\" alt=\"\" width=\"1200\" height=\"800\" srcset=\"https:\/\/vereinigung-professioneller-kinderfotografen.de\/blog2\/wp-content\/uploads\/2017\/12\/23-10635-post\/Nina-Wuethrich-Photography-Schwangerschaftsfotografie-Bern-04.jpg 1200w, https:\/\/vereinigung-professioneller-kinderfotografen.de\/blog2\/wp-content\/uploads\/2017\/12\/23-10635-post\/Nina-Wuethrich-Photography-Schwangerschaftsfotografie-Bern-04-300x200.jpg 300w, https:\/\/vereinigung-professioneller-kinderfotografen.de\/blog2\/wp-content\/uploads\/2017\/12\/23-10635-post\/Nina-Wuethrich-Photography-Schwangerschaftsfotografie-Bern-04-768x512.jpg 768w, https:\/\/vereinigung-professioneller-kinderfotografen.de\/blog2\/wp-content\/uploads\/2017\/12\/23-10635-post\/Nina-Wuethrich-Photography-Schwangerschaftsfotografie-Bern-04-1024x683.jpg 1024w\" sizes=\"(max-width: 1200px) 100vw, 1200px\" \/><\/p>\n","protected":false},"excerpt":{"rendered":"<p>Wie sch\u00f6n ist es, Erinnerungen zu haben an die Zeit bevor das Baby da war. Hier in wundersch\u00f6nen, zeitlosen Bildern festgehalten von unserer lieben Fotografin Nina W\u00fcthrich aus der Schweiz. Weitere Arbeiten von Nina W\u00fcthrich Photography findet ihr auf\u00a0Instagram\u00a0bei\u00a0Facebook\u00a0oder auf\u00a0www.nina-photo.ch<\/p>\n","protected":false},"author":2,"featured_media":10650,"comment_status":"closed","ping_status":"closed","sticky":false,"template":"","format":"standard","meta":{"pp_embeds":""},"categories":[919],"tags":[1227,173,581,800,797,606,1224,1223,418,469,123,1225,799,1226],"acf":[],"_links":{"self":[{"href":"https:\/\/vereinigung-professioneller-kinderfotografen.de\/blog2\/wp-json\/wp\/v2\/posts\/10635"}],"collection":[{"href":"https:\/\/vereinigung-professioneller-kinderfotografen.de\/blog2\/wp-json\/wp\/v2\/posts"}],"about":[{"href":"https:\/\/vereinigung-professioneller-kinderfotografen.de\/blog2\/wp-json\/wp\/v2\/types\/post"}],"author":[{"embeddable":true,"href":"https:\/\/vereinigung-professioneller-kinderfotografen.de\/blog2\/wp-json\/wp\/v2\/users\/2"}],"replies":[{"embeddable":true,"href":"https:\/\/vereinigung-professioneller-kinderfotografen.de\/blog2\/wp-json\/wp\/v2\/comments?post=10635"}],"version-history":[{"count":3,"href":"https:\/\/vereinigung-professioneller-kinderfotografen.de\/blog2\/wp-json\/wp\/v2\/posts\/10635\/revisions"}],"predecessor-version":[{"id":10654,"href":"https:\/\/vereinigung-professioneller-kinderfotografen.de\/blog2\/wp-json\/wp\/v2\/posts\/10635\/revisions\/10654"}],"wp:featuredmedia":[{"embeddable":true,"href":"https:\/\/vereinigung-professioneller-kinderfotografen.de\/blog2\/wp-json\/wp\/v2\/media\/10650"}],"wp:attachment":[{"href":"https:\/\/vereinigung-professioneller-kinderfotografen.de\/blog2\/wp-json\/wp\/v2\/media?parent=10635"}],"wp:term":[{"taxonomy":"category","embeddable":true,"href":"https:\/\/vereinigung-professioneller-kinderfotografen.de\/blog2\/wp-json\/wp\/v2\/categories?post=10635"},{"taxonomy":"post_tag","embeddable":true,"href":"https:\/\/vereinigung-professioneller-kinderfotografen.de\/blog2\/wp-json\/wp\/v2\/tags?post=10635"}],"curies":[{"name":"wp","href":"https:\/\/api.w.org\/{rel}","templated":true}]}}