{"id":10598,"date":"2017-12-08T11:39:54","date_gmt":"2017-12-08T09:39:54","guid":{"rendered":"http:\/\/vereinigung-professioneller-kinderfotografen.de\/blog2\/?p=10598"},"modified":"2017-12-08T11:44:56","modified_gmt":"2017-12-08T09:44:56","slug":"das-glueck-kommt-selten-allein-laura-kissling-fotografie","status":"publish","type":"post","link":"https:\/\/vereinigung-professioneller-kinderfotografen.de\/blog2\/das-glueck-kommt-selten-allein-laura-kissling-fotografie\/","title":{"rendered":"Das Gl\u00fcck kommt selten allein | Laura Kissling Fotografie aus der Schweiz"},"content":{"rendered":"<p>Einen keinen Einblick in ein wundervolles Zwillingssshooting mit diesen eineiigen Jungs zeigt euch heute unsere Fotografin Laura Kissling aus der Schweiz. Hannes und Maximilian haben ihr erstes Shooting beinahe komplett verschlafen und alle Beteiligten verzaubert. Das gem\u00fctliche Tageslichtstudio von Laura Kissling befindet sich im Kanton Aargau nicht weit von vielen grossen St\u00e4dten der Schweiz entfernt. Wenn ihr gerne mehr von ihr erfahren m\u00f6chtet, gibt es viele weitere Bilder unter:\u00a0<a href=\"http:\/\/www.little-dreams.ch\">www.little-dreams.ch<\/a>\u00a0oder bei Facebook:\u00a0<a href=\"https:\/\/www.facebook.com\/laurakisslingfotografie\">https:\/\/www.facebook.com\/LauraKisslingFotografie<\/a><\/p>\n<p><img decoding=\"async\" loading=\"lazy\" class=\"pp-insert-all size-full aligncenter\" src=\"http:\/\/vereinigung-professioneller-kinderfotografen.de\/blog2\/wp-content\/uploads\/2017\/12\/08-10598-post\/02.jpg\" alt=\"\" width=\"1600\" height=\"1066\" \/><img decoding=\"async\" loading=\"lazy\" class=\"pp-insert-all size-full aligncenter\" src=\"http:\/\/vereinigung-professioneller-kinderfotografen.de\/blog2\/wp-content\/uploads\/2017\/12\/08-10598-post\/06.jpg\" alt=\"\" width=\"1600\" height=\"1067\" \/><img decoding=\"async\" loading=\"lazy\" class=\"pp-insert-all size-full aligncenter\" src=\"http:\/\/vereinigung-professioneller-kinderfotografen.de\/blog2\/wp-content\/uploads\/2017\/12\/08-10598-post\/2017-12-08_0001.jpg\" alt=\"\" width=\"1800\" height=\"1805\" \/><img decoding=\"async\" loading=\"lazy\" class=\"pp-insert-all size-full aligncenter\" src=\"http:\/\/vereinigung-professioneller-kinderfotografen.de\/blog2\/wp-content\/uploads\/2017\/12\/08-10598-post\/10.jpg\" alt=\"\" width=\"1067\" height=\"1600\" \/><img decoding=\"async\" loading=\"lazy\" class=\"pp-insert-all size-full aligncenter\" src=\"http:\/\/vereinigung-professioneller-kinderfotografen.de\/blog2\/wp-content\/uploads\/2017\/12\/08-10598-post\/12.jpg\" alt=\"\" width=\"1600\" height=\"1067\" \/><img decoding=\"async\" loading=\"lazy\" class=\"pp-insert-all size-full aligncenter\" src=\"http:\/\/vereinigung-professioneller-kinderfotografen.de\/blog2\/wp-content\/uploads\/2017\/12\/08-10598-post\/13sw.jpg\" alt=\"\" width=\"1600\" height=\"1067\" \/><img decoding=\"async\" loading=\"lazy\" class=\"pp-insert-all size-full aligncenter\" src=\"http:\/\/vereinigung-professioneller-kinderfotografen.de\/blog2\/wp-content\/uploads\/2017\/12\/08-10598-post\/extra.jpg\" alt=\"\" width=\"1600\" height=\"1067\" \/><img decoding=\"async\" loading=\"lazy\" class=\"pp-insert-all size-full aligncenter\" src=\"http:\/\/vereinigung-professioneller-kinderfotografen.de\/blog2\/wp-content\/uploads\/2017\/12\/08-10598-post\/16.jpg\" alt=\"\" width=\"1600\" height=\"1067\" \/><img decoding=\"async\" loading=\"lazy\" class=\"pp-insert-all size-full aligncenter\" src=\"http:\/\/vereinigung-professioneller-kinderfotografen.de\/blog2\/wp-content\/uploads\/2017\/12\/08-10598-post\/18.jpg\" alt=\"\" width=\"1600\" height=\"1067\" \/><img decoding=\"async\" loading=\"lazy\" class=\"pp-insert-all size-full aligncenter\" src=\"http:\/\/vereinigung-professioneller-kinderfotografen.de\/blog2\/wp-content\/uploads\/2017\/12\/08-10598-post\/17.jpg\" alt=\"\" width=\"1067\" height=\"1600\" \/><img decoding=\"async\" loading=\"lazy\" class=\"pp-insert-all size-full aligncenter\" src=\"http:\/\/vereinigung-professioneller-kinderfotografen.de\/blog2\/wp-content\/uploads\/2017\/12\/08-10598-post\/24.jpg\" alt=\"\" width=\"1600\" height=\"1067\" \/><img decoding=\"async\" loading=\"lazy\" class=\"pp-insert-all size-full aligncenter\" src=\"http:\/\/vereinigung-professioneller-kinderfotografen.de\/blog2\/wp-content\/uploads\/2017\/12\/08-10598-post\/20sw.jpg\" alt=\"\" width=\"1600\" height=\"1067\" \/><img decoding=\"async\" loading=\"lazy\" class=\"pp-insert-all size-full aligncenter\" src=\"http:\/\/vereinigung-professioneller-kinderfotografen.de\/blog2\/wp-content\/uploads\/2017\/12\/08-10598-post\/23.jpg\" alt=\"\" width=\"1600\" height=\"1067\" \/><\/p>\n","protected":false},"excerpt":{"rendered":"<p>Einen keinen Einblick in ein wundervolles Zwillingssshooting mit diesen eineiigen Jungs zeigt euch heute unsere Fotografin Laura Kissling aus der Schweiz. Hannes und Maximilian haben ihr erstes Shooting beinahe komplett verschlafen und alle Beteiligten verzaubert. Das gem\u00fctliche Tageslichtstudio von Laura Kissling befindet sich im Kanton Aargau nicht weit von vielen grossen St\u00e4dten der Schweiz entfernt....<\/p>\n","protected":false},"author":2,"featured_media":0,"comment_status":"closed","ping_status":"closed","sticky":false,"template":"","format":"standard","meta":{"pp_embeds":""},"categories":[382],"tags":[],"acf":[],"_links":{"self":[{"href":"https:\/\/vereinigung-professioneller-kinderfotografen.de\/blog2\/wp-json\/wp\/v2\/posts\/10598"}],"collection":[{"href":"https:\/\/vereinigung-professioneller-kinderfotografen.de\/blog2\/wp-json\/wp\/v2\/posts"}],"about":[{"href":"https:\/\/vereinigung-professioneller-kinderfotografen.de\/blog2\/wp-json\/wp\/v2\/types\/post"}],"author":[{"embeddable":true,"href":"https:\/\/vereinigung-professioneller-kinderfotografen.de\/blog2\/wp-json\/wp\/v2\/users\/2"}],"replies":[{"embeddable":true,"href":"https:\/\/vereinigung-professioneller-kinderfotografen.de\/blog2\/wp-json\/wp\/v2\/comments?post=10598"}],"version-history":[{"count":5,"href":"https:\/\/vereinigung-professioneller-kinderfotografen.de\/blog2\/wp-json\/wp\/v2\/posts\/10598\/revisions"}],"predecessor-version":[{"id":10616,"href":"https:\/\/vereinigung-professioneller-kinderfotografen.de\/blog2\/wp-json\/wp\/v2\/posts\/10598\/revisions\/10616"}],"wp:attachment":[{"href":"https:\/\/vereinigung-professioneller-kinderfotografen.de\/blog2\/wp-json\/wp\/v2\/media?parent=10598"}],"wp:term":[{"taxonomy":"category","embeddable":true,"href":"https:\/\/vereinigung-professioneller-kinderfotografen.de\/blog2\/wp-json\/wp\/v2\/categories?post=10598"},{"taxonomy":"post_tag","embeddable":true,"href":"https:\/\/vereinigung-professioneller-kinderfotografen.de\/blog2\/wp-json\/wp\/v2\/tags?post=10598"}],"curies":[{"name":"wp","href":"https:\/\/api.w.org\/{rel}","templated":true}]}}