{"id":10569,"date":"2017-12-14T09:30:32","date_gmt":"2017-12-14T07:30:32","guid":{"rendered":"http:\/\/vereinigung-professioneller-kinderfotografen.de\/blog2\/?p=10569"},"modified":"2017-12-07T10:05:04","modified_gmt":"2017-12-07T08:05:04","slug":"liebevolle-erste-babyfotos-bei-britta-kussmaul-fotodesign-in-bondorf","status":"publish","type":"post","link":"https:\/\/vereinigung-professioneller-kinderfotografen.de\/blog2\/liebevolle-erste-babyfotos-bei-britta-kussmaul-fotodesign-in-bondorf\/","title":{"rendered":"Liebevolle erste Babyfotos bei Britta Ku\u00dfmaul Fotodesign in Bondorf"},"content":{"rendered":"<p>Immer wieder ist es ein ganz besonderer Moment, wenn der Zauber eines Neugeborenen ins Fotostudio von Britta Ku\u00dfmaul in Bondorf einzieht. Die sp\u00fcrbaren Gl\u00fccksgef\u00fchle und der Stolz der Eltern, der Duft und Charme eines kleinen M\u00e4uschens &#8211; \u00a0welch ein unglaubliches Gl\u00fcck f\u00fcr eine Fotografin diese Augenblicke f\u00fcr die Familien festhalten zu d\u00fcrfen.<\/p>\n<p>Ihr seid schwanger und w\u00fcnscht euch auch besondere Fotos von eurem Baby (Umkreis Calw, B\u00f6blingen, Stuttgart, Rottenburg, T\u00fcbingen, Reutlingen, Nagold, Sindelfingen)? Dann vergesst nicht einen Termin bereits in der Schwangerschaft zu reservieren. Selbstverst\u00e4ndlich k\u00f6nnt ihr jetzt vor Weihnachten auch Gutscheine erwerben, dann nehmt entweder \u00fcber die <a href=\"http:\/\/www.kussmaul-fotodesign.de\">Homepage<\/a>, die <a href=\"https:\/\/www.facebook.com\/kussmaulfotodesign\/\">Facebookseite<\/a> oder <a href=\"https:\/\/www.instagram.com\/britta_kussmaul_fotodesign\/\">Instagram<\/a> Kontakt zur Fotografin Britta Ku\u00dfmaul auf.<\/p>\n<p class=\"pp-caption pp-insert-all-caption\" style=\"text-align: left\"><img decoding=\"async\" loading=\"lazy\" class=\"pp-insert-all size-full aligncenter\" src=\"http:\/\/vereinigung-professioneller-kinderfotografen.de\/blog2\/wp-content\/uploads\/2017\/12\/07-10569-post\/03-Neugeborenenbilder-Neugeborenenfotograf-Fotograf-Bondorf-Herrenberg-Stuttgart.jpg\" alt=\"\" width=\"1000\" height=\"666\" \/><img decoding=\"async\" loading=\"lazy\" class=\"pp-insert-all size-full aligncenter\" src=\"http:\/\/vereinigung-professioneller-kinderfotografen.de\/blog2\/wp-content\/uploads\/2017\/12\/07-10569-post\/02-Neugeborenenbilder-Neugeborenenfotograf-Fotograf-Bondorf-Herrenberg-Stuttgart.jpg\" alt=\"\" width=\"1000\" height=\"666\" \/><img decoding=\"async\" loading=\"lazy\" class=\"pp-insert-all size-full aligncenter\" src=\"http:\/\/vereinigung-professioneller-kinderfotografen.de\/blog2\/wp-content\/uploads\/2017\/12\/07-10569-post\/01-Neugeborenenbilder-Neugeborenenfotograf-Fotograf-Bondorf-Herrenberg-Stuttgart.jpg\" alt=\"\" width=\"1000\" height=\"666\" \/><img decoding=\"async\" loading=\"lazy\" class=\"pp-insert-all size-full aligncenter\" src=\"http:\/\/vereinigung-professioneller-kinderfotografen.de\/blog2\/wp-content\/uploads\/2017\/12\/07-10569-post\/06-Neugeborenenbilder-Neugeborenenfotograf-Fotograf-Bondorf-Herrenberg-Stuttgart.jpg\" alt=\"\" width=\"1000\" height=\"666\" \/><img decoding=\"async\" loading=\"lazy\" class=\"pp-insert-all size-full aligncenter\" src=\"http:\/\/vereinigung-professioneller-kinderfotografen.de\/blog2\/wp-content\/uploads\/2017\/12\/07-10569-post\/05-Neugeborenenbilder-Neugeborenenfotograf-Fotograf-Bondorf-Herrenberg-Stuttgart.jpg\" alt=\"\" width=\"1000\" height=\"666\" \/><img decoding=\"async\" loading=\"lazy\" class=\"pp-insert-all size-full aligncenter\" src=\"http:\/\/vereinigung-professioneller-kinderfotografen.de\/blog2\/wp-content\/uploads\/2017\/12\/07-10569-post\/09-Neugeborenenbilder-Neugeborenenfotograf-Fotograf-Bondorf-Herrenberg-Stuttgart.jpg\" alt=\"\" width=\"1000\" height=\"666\" \/><img decoding=\"async\" loading=\"lazy\" class=\"pp-insert-all size-full aligncenter\" src=\"http:\/\/vereinigung-professioneller-kinderfotografen.de\/blog2\/wp-content\/uploads\/2017\/12\/07-10569-post\/04-Neugeborenenbilder-Neugeborenenfotograf-Fotograf-Bondorf-Herrenberg-Stuttgart.jpg\" alt=\"\" width=\"1000\" height=\"666\" \/><img decoding=\"async\" loading=\"lazy\" class=\"pp-insert-all size-full aligncenter\" src=\"http:\/\/vereinigung-professioneller-kinderfotografen.de\/blog2\/wp-content\/uploads\/2017\/12\/07-10569-post\/07-Neugeborenenbilder-Neugeborenenfotograf-Fotograf-Bondorf-Herrenberg-Stuttgart.jpg\" alt=\"\" width=\"1000\" height=\"666\" \/><img decoding=\"async\" loading=\"lazy\" class=\"pp-insert-all size-full aligncenter\" src=\"http:\/\/vereinigung-professioneller-kinderfotografen.de\/blog2\/wp-content\/uploads\/2017\/12\/07-10569-post\/08-Neugeborenenbilder-Neugeborenenfotograf-Fotograf-Bondorf-Herrenberg-Stuttgart.jpg\" alt=\"\" width=\"1000\" height=\"666\" \/><img decoding=\"async\" loading=\"lazy\" class=\"pp-insert-all size-full aligncenter\" src=\"http:\/\/vereinigung-professioneller-kinderfotografen.de\/blog2\/wp-content\/uploads\/2017\/12\/07-10569-post\/010-Neugeborenenbilder-Neugeborenenfotograf-Fotograf-Bondorf-Herrenberg-Stuttgart.jpg\" alt=\"\" width=\"1000\" height=\"666\" \/><img decoding=\"async\" loading=\"lazy\" class=\"pp-insert-all size-full aligncenter\" src=\"http:\/\/vereinigung-professioneller-kinderfotografen.de\/blog2\/wp-content\/uploads\/2017\/12\/07-10569-post\/011-Neugeborenenbilder-Neugeborenenfotograf-Fotograf-Bondorf-Herrenberg-Stuttgart.jpg\" alt=\"\" width=\"1000\" height=\"666\" \/><img decoding=\"async\" loading=\"lazy\" class=\"pp-insert-all size-full aligncenter\" src=\"http:\/\/vereinigung-professioneller-kinderfotografen.de\/blog2\/wp-content\/uploads\/2017\/12\/07-10569-post\/014-Neugeborenenbilder-Neugeborenenfotograf-Fotograf-Bondorf-Herrenberg-Stuttgart.jpg\" alt=\"\" width=\"1000\" height=\"666\" \/><img decoding=\"async\" loading=\"lazy\" class=\"pp-insert-all size-full aligncenter\" src=\"http:\/\/vereinigung-professioneller-kinderfotografen.de\/blog2\/wp-content\/uploads\/2017\/12\/07-10569-post\/012-Neugeborenenbilder-Neugeborenenfotograf-Fotograf-Bondorf-Herrenberg-Stuttgart.jpg\" alt=\"\" width=\"1000\" height=\"666\" \/><img decoding=\"async\" loading=\"lazy\" class=\"pp-insert-all size-full aligncenter\" src=\"http:\/\/vereinigung-professioneller-kinderfotografen.de\/blog2\/wp-content\/uploads\/2017\/12\/07-10569-post\/013-Neugeborenenbilder-Neugeborenenfotograf-Fotograf-Bondorf-Herrenberg-Stuttgart.jpg\" alt=\"\" width=\"1000\" height=\"666\" \/><img decoding=\"async\" loading=\"lazy\" class=\"pp-insert-all size-full aligncenter\" src=\"http:\/\/vereinigung-professioneller-kinderfotografen.de\/blog2\/wp-content\/uploads\/2017\/12\/07-10569-post\/017-Neugeborenenbilder-Neugeborenenfotograf-Fotograf-Bondorf-Herrenberg-Stuttgart.jpg\" alt=\"\" width=\"1000\" height=\"666\" \/><img decoding=\"async\" loading=\"lazy\" class=\"pp-insert-all size-full aligncenter\" src=\"http:\/\/vereinigung-professioneller-kinderfotografen.de\/blog2\/wp-content\/uploads\/2017\/12\/07-10569-post\/016-Neugeborenenbilder-Neugeborenenfotograf-Fotograf-Bondorf-Herrenberg-Stuttgart.jpg\" alt=\"\" width=\"666\" height=\"1000\" \/><img decoding=\"async\" loading=\"lazy\" class=\"pp-insert-all size-full aligncenter\" src=\"http:\/\/vereinigung-professioneller-kinderfotografen.de\/blog2\/wp-content\/uploads\/2017\/12\/07-10569-post\/019-Neugeborenenbilder-Neugeborenenfotograf-Fotograf-Bondorf-Herrenberg-Stuttgart.jpg\" alt=\"\" width=\"666\" height=\"1000\" \/><img decoding=\"async\" loading=\"lazy\" class=\"pp-insert-all size-full aligncenter\" src=\"http:\/\/vereinigung-professioneller-kinderfotografen.de\/blog2\/wp-content\/uploads\/2017\/12\/07-10569-post\/015-Neugeborenenbilder-Neugeborenenfotograf-Fotograf-Bondorf-Herrenberg-Stuttgart.jpg\" alt=\"\" width=\"1000\" height=\"666\" \/><img decoding=\"async\" loading=\"lazy\" class=\"pp-insert-all size-full aligncenter\" src=\"http:\/\/vereinigung-professioneller-kinderfotografen.de\/blog2\/wp-content\/uploads\/2017\/12\/07-10569-post\/018-Neugeborenenbilder-Neugeborenenfotograf-Fotograf-Bondorf-Herrenberg-Stuttgart.jpg\" alt=\"\" width=\"1000\" height=\"666\" \/><\/p>\n<p class=\"pp-caption pp-insert-all-caption\">Neugeborenenfotografie Bondorf B\u00f6blingen Sindelfingen Stuttgart<\/p>\n<p>&nbsp;<\/p>\n","protected":false},"excerpt":{"rendered":"<p>Immer wieder ist es ein ganz besonderer Moment, wenn der Zauber eines Neugeborenen ins Fotostudio von Britta Ku\u00dfmaul in Bondorf einzieht. Die sp\u00fcrbaren Gl\u00fccksgef\u00fchle und der Stolz der Eltern, der Duft und Charme eines kleinen M\u00e4uschens &#8211; \u00a0welch ein unglaubliches Gl\u00fcck f\u00fcr eine Fotografin diese Augenblicke f\u00fcr die Familien festhalten zu d\u00fcrfen. Ihr seid schwanger...<\/p>\n","protected":false},"author":2,"featured_media":10592,"comment_status":"closed","ping_status":"closed","sticky":false,"template":"","format":"standard","meta":{"pp_embeds":""},"categories":[897],"tags":[173,581,10,11,1013,1017,189,127,220,322,1012,1015,239,772,25,1220,1016,418,1176,1128,1125],"acf":[],"_links":{"self":[{"href":"https:\/\/vereinigung-professioneller-kinderfotografen.de\/blog2\/wp-json\/wp\/v2\/posts\/10569"}],"collection":[{"href":"https:\/\/vereinigung-professioneller-kinderfotografen.de\/blog2\/wp-json\/wp\/v2\/posts"}],"about":[{"href":"https:\/\/vereinigung-professioneller-kinderfotografen.de\/blog2\/wp-json\/wp\/v2\/types\/post"}],"author":[{"embeddable":true,"href":"https:\/\/vereinigung-professioneller-kinderfotografen.de\/blog2\/wp-json\/wp\/v2\/users\/2"}],"replies":[{"embeddable":true,"href":"https:\/\/vereinigung-professioneller-kinderfotografen.de\/blog2\/wp-json\/wp\/v2\/comments?post=10569"}],"version-history":[{"count":8,"href":"https:\/\/vereinigung-professioneller-kinderfotografen.de\/blog2\/wp-json\/wp\/v2\/posts\/10569\/revisions"}],"predecessor-version":[{"id":10597,"href":"https:\/\/vereinigung-professioneller-kinderfotografen.de\/blog2\/wp-json\/wp\/v2\/posts\/10569\/revisions\/10597"}],"wp:featuredmedia":[{"embeddable":true,"href":"https:\/\/vereinigung-professioneller-kinderfotografen.de\/blog2\/wp-json\/wp\/v2\/media\/10592"}],"wp:attachment":[{"href":"https:\/\/vereinigung-professioneller-kinderfotografen.de\/blog2\/wp-json\/wp\/v2\/media?parent=10569"}],"wp:term":[{"taxonomy":"category","embeddable":true,"href":"https:\/\/vereinigung-professioneller-kinderfotografen.de\/blog2\/wp-json\/wp\/v2\/categories?post=10569"},{"taxonomy":"post_tag","embeddable":true,"href":"https:\/\/vereinigung-professioneller-kinderfotografen.de\/blog2\/wp-json\/wp\/v2\/tags?post=10569"}],"curies":[{"name":"wp","href":"https:\/\/api.w.org\/{rel}","templated":true}]}}