{"id":10563,"date":"2017-12-06T23:03:41","date_gmt":"2017-12-06T21:03:41","guid":{"rendered":"http:\/\/vereinigung-professioneller-kinderfotografen.de\/blog2\/?p=10563"},"modified":"2017-12-06T23:11:56","modified_gmt":"2017-12-06T21:11:56","slug":"kinderportrait-landshut-plaetzchen-session-fotografin-bayern","status":"publish","type":"post","link":"https:\/\/vereinigung-professioneller-kinderfotografen.de\/blog2\/kinderportrait-landshut-plaetzchen-session-fotografin-bayern\/","title":{"rendered":"Kinderportrait Landshut &#8211; Pl\u00e4tzchen Session &#8211; Fotografin Bayern"},"content":{"rendered":"<p>Einen wundersch\u00f6nen Nikolausabend w\u00fcnscht euch unsere Familienfotografin<a href=\"http:\/\/www.nicole-hecht.de\/blog\/\" target=\"_blank\" rel=\"noopener\"> Nicole Hecht<\/a>.<\/p>\n<p>Seid ihr auch schon am Pl\u00e4tzchen backen und habt flei\u00dfige Helfer an eurer Seite? Vielleicht auch so liebe und nette, wie diese kleine B\u00e4ckerin die das Atelier von Nicole zum weihnachtlichen Minishooting besucht hat?<\/p>\n<p>Ihr m\u00fcsst nur schnell sein ? der Hunger der Minibackfeen ist nicht zu untersch\u00e4tzen\u2026<\/p>\n<p>Habt eine tolle Vorweihnachtszeit mit vielen besinnlichen Momenten &lt;3<\/p>\n<p>Falls ihr auch so tolle Kinderportraits, Familienbilder oder vielleicht Neugeborenen-Aufnahmen wollt \u2013 meldet euch zeitig bei unserer Fotografin (Raum Straubing, Deggendorf, Straubing, Landshut und Regensburg) f\u00fcr 2018 gibt\u2019s bereits viele Anmeldungen.<\/p>\n<p><a href=\"http:\/\/www.nicole-hecht.de\/blog\/\" target=\"_blank\" rel=\"noopener\">Facebook<\/a><\/p>\n<p><a href=\"https:\/\/www.instagram.com\/nicole.hecht\/\" target=\"_blank\" rel=\"noopener\">Instagramm<\/a><\/p>\n<p><img decoding=\"async\" loading=\"lazy\" class=\"aligncenter size-full wp-image-10564\" src=\"http:\/\/vereinigung-professioneller-kinderfotografen.de\/blog2\/wp-content\/uploads\/2017\/12\/06-10563-post\/baby_fotograf_muenchen_0040.jpg\" alt=\"\" width=\"1000\" height=\"669\" srcset=\"https:\/\/vereinigung-professioneller-kinderfotografen.de\/blog2\/wp-content\/uploads\/2017\/12\/06-10563-post\/baby_fotograf_muenchen_0040.jpg 1000w, https:\/\/vereinigung-professioneller-kinderfotografen.de\/blog2\/wp-content\/uploads\/2017\/12\/06-10563-post\/baby_fotograf_muenchen_0040-300x201.jpg 300w, https:\/\/vereinigung-professioneller-kinderfotografen.de\/blog2\/wp-content\/uploads\/2017\/12\/06-10563-post\/baby_fotograf_muenchen_0040-768x514.jpg 768w\" sizes=\"(max-width: 1000px) 100vw, 1000px\" \/><img decoding=\"async\" loading=\"lazy\" class=\"aligncenter size-full wp-image-10565\" src=\"http:\/\/vereinigung-professioneller-kinderfotografen.de\/blog2\/wp-content\/uploads\/2017\/12\/06-10563-post\/baby_fotograf_muenchen_0041.jpg\" alt=\"\" width=\"1000\" height=\"749\" srcset=\"https:\/\/vereinigung-professioneller-kinderfotografen.de\/blog2\/wp-content\/uploads\/2017\/12\/06-10563-post\/baby_fotograf_muenchen_0041.jpg 1000w, https:\/\/vereinigung-professioneller-kinderfotografen.de\/blog2\/wp-content\/uploads\/2017\/12\/06-10563-post\/baby_fotograf_muenchen_0041-300x225.jpg 300w, https:\/\/vereinigung-professioneller-kinderfotografen.de\/blog2\/wp-content\/uploads\/2017\/12\/06-10563-post\/baby_fotograf_muenchen_0041-768x575.jpg 768w\" sizes=\"(max-width: 1000px) 100vw, 1000px\" \/><img decoding=\"async\" loading=\"lazy\" class=\"aligncenter size-full wp-image-10566\" src=\"http:\/\/vereinigung-professioneller-kinderfotografen.de\/blog2\/wp-content\/uploads\/2017\/12\/06-10563-post\/baby_fotograf_muenchen_0042.jpg\" alt=\"\" width=\"1000\" height=\"499\" srcset=\"https:\/\/vereinigung-professioneller-kinderfotografen.de\/blog2\/wp-content\/uploads\/2017\/12\/06-10563-post\/baby_fotograf_muenchen_0042.jpg 1000w, https:\/\/vereinigung-professioneller-kinderfotografen.de\/blog2\/wp-content\/uploads\/2017\/12\/06-10563-post\/baby_fotograf_muenchen_0042-300x150.jpg 300w, https:\/\/vereinigung-professioneller-kinderfotografen.de\/blog2\/wp-content\/uploads\/2017\/12\/06-10563-post\/baby_fotograf_muenchen_0042-768x383.jpg 768w\" sizes=\"(max-width: 1000px) 100vw, 1000px\" \/><img decoding=\"async\" loading=\"lazy\" class=\"aligncenter size-full wp-image-10567\" src=\"http:\/\/vereinigung-professioneller-kinderfotografen.de\/blog2\/wp-content\/uploads\/2017\/12\/06-10563-post\/baby_fotograf_muenchen_0043.jpg\" alt=\"\" width=\"1000\" height=\"1062\" srcset=\"https:\/\/vereinigung-professioneller-kinderfotografen.de\/blog2\/wp-content\/uploads\/2017\/12\/06-10563-post\/baby_fotograf_muenchen_0043.jpg 1000w, https:\/\/vereinigung-professioneller-kinderfotografen.de\/blog2\/wp-content\/uploads\/2017\/12\/06-10563-post\/baby_fotograf_muenchen_0043-282x300.jpg 282w, https:\/\/vereinigung-professioneller-kinderfotografen.de\/blog2\/wp-content\/uploads\/2017\/12\/06-10563-post\/baby_fotograf_muenchen_0043-768x816.jpg 768w, https:\/\/vereinigung-professioneller-kinderfotografen.de\/blog2\/wp-content\/uploads\/2017\/12\/06-10563-post\/baby_fotograf_muenchen_0043-964x1024.jpg 964w\" sizes=\"(max-width: 1000px) 100vw, 1000px\" \/><\/p>\n","protected":false},"excerpt":{"rendered":"<p>Einen wundersch\u00f6nen Nikolausabend w\u00fcnscht euch unsere Familienfotografin Nicole Hecht. Seid ihr auch schon am Pl\u00e4tzchen backen und habt flei\u00dfige Helfer an eurer Seite? Vielleicht auch so liebe und nette, wie diese kleine B\u00e4ckerin die das Atelier von Nicole zum weihnachtlichen Minishooting besucht hat? Ihr m\u00fcsst nur schnell sein ? der Hunger der Minibackfeen ist nicht...<\/p>\n","protected":false},"author":2,"featured_media":10564,"comment_status":"closed","ping_status":"closed","sticky":false,"template":"","format":"standard","meta":{"pp_embeds":""},"categories":[66],"tags":[1216,1214,1213,1215,1210,1175,62,268,1207,1206,1217,1218,1211,1212,1219,814,1208,1209],"acf":[],"_links":{"self":[{"href":"https:\/\/vereinigung-professioneller-kinderfotografen.de\/blog2\/wp-json\/wp\/v2\/posts\/10563"}],"collection":[{"href":"https:\/\/vereinigung-professioneller-kinderfotografen.de\/blog2\/wp-json\/wp\/v2\/posts"}],"about":[{"href":"https:\/\/vereinigung-professioneller-kinderfotografen.de\/blog2\/wp-json\/wp\/v2\/types\/post"}],"author":[{"embeddable":true,"href":"https:\/\/vereinigung-professioneller-kinderfotografen.de\/blog2\/wp-json\/wp\/v2\/users\/2"}],"replies":[{"embeddable":true,"href":"https:\/\/vereinigung-professioneller-kinderfotografen.de\/blog2\/wp-json\/wp\/v2\/comments?post=10563"}],"version-history":[{"count":1,"href":"https:\/\/vereinigung-professioneller-kinderfotografen.de\/blog2\/wp-json\/wp\/v2\/posts\/10563\/revisions"}],"predecessor-version":[{"id":10568,"href":"https:\/\/vereinigung-professioneller-kinderfotografen.de\/blog2\/wp-json\/wp\/v2\/posts\/10563\/revisions\/10568"}],"wp:featuredmedia":[{"embeddable":true,"href":"https:\/\/vereinigung-professioneller-kinderfotografen.de\/blog2\/wp-json\/wp\/v2\/media\/10564"}],"wp:attachment":[{"href":"https:\/\/vereinigung-professioneller-kinderfotografen.de\/blog2\/wp-json\/wp\/v2\/media?parent=10563"}],"wp:term":[{"taxonomy":"category","embeddable":true,"href":"https:\/\/vereinigung-professioneller-kinderfotografen.de\/blog2\/wp-json\/wp\/v2\/categories?post=10563"},{"taxonomy":"post_tag","embeddable":true,"href":"https:\/\/vereinigung-professioneller-kinderfotografen.de\/blog2\/wp-json\/wp\/v2\/tags?post=10563"}],"curies":[{"name":"wp","href":"https:\/\/api.w.org\/{rel}","templated":true}]}}