{"id":10545,"date":"2017-12-01T20:50:13","date_gmt":"2017-12-01T18:50:13","guid":{"rendered":"http:\/\/vereinigung-professioneller-kinderfotografen.de\/blog2\/?p=10545"},"modified":"2017-12-01T20:51:32","modified_gmt":"2017-12-01T18:51:32","slug":"neugeborenenshooting-bei-muenchen-i-fotodesign-jacqueline-schleicher","status":"publish","type":"post","link":"https:\/\/vereinigung-professioneller-kinderfotografen.de\/blog2\/neugeborenenshooting-bei-muenchen-i-fotodesign-jacqueline-schleicher\/","title":{"rendered":"Neugeborenenshooting bei M\u00fcnchen \/ Fotodesign Jacqueline Schleicher"},"content":{"rendered":"<p>Einen keinen Einblick in ein Neugeborenenshooting zeigt euch heute unsere Fotografin Jacqueline Schleicher. Ihr gem\u00fctliches Home-Studio befindet sich im Landkreis Dachau, nicht weit von M\u00fcnchen und Augsburg entfernt. Falls ihr neugierig geworden seid, hier gibt es noch mehr \u00fcber ihre Arbeit zu erfahren: <a href=\"http:\/\/www.fotodesign-schleicher.de\">www.fotodesign-schleicher.de<\/a> oder bei Facebook: <a href=\"https:\/\/www.facebook.com\/fotodesign.jacqueline.schleicher\/\">https:\/\/www.facebook.com\/fotodesign.jacqueline.schleicher\/<\/a><\/p>\n<p><img decoding=\"async\" loading=\"lazy\" class=\"aligncenter size-full wp-image-10550\" src=\"http:\/\/vereinigung-professioneller-kinderfotografen.de\/blog2\/wp-content\/uploads\/2017\/12\/01-10545-post\/Neugeborenenfotos_Muenchen_5.jpg\" alt=\"\" width=\"900\" height=\"616\" srcset=\"https:\/\/vereinigung-professioneller-kinderfotografen.de\/blog2\/wp-content\/uploads\/2017\/12\/01-10545-post\/Neugeborenenfotos_Muenchen_5.jpg 900w, https:\/\/vereinigung-professioneller-kinderfotografen.de\/blog2\/wp-content\/uploads\/2017\/12\/01-10545-post\/Neugeborenenfotos_Muenchen_5-300x205.jpg 300w, https:\/\/vereinigung-professioneller-kinderfotografen.de\/blog2\/wp-content\/uploads\/2017\/12\/01-10545-post\/Neugeborenenfotos_Muenchen_5-768x526.jpg 768w\" sizes=\"(max-width: 900px) 100vw, 900px\" \/><img decoding=\"async\" loading=\"lazy\" class=\"aligncenter size-full wp-image-10551\" src=\"http:\/\/vereinigung-professioneller-kinderfotografen.de\/blog2\/wp-content\/uploads\/2017\/12\/01-10545-post\/Neugeborenenfotos_Muenchen_6.jpg\" alt=\"\" width=\"900\" height=\"616\" srcset=\"https:\/\/vereinigung-professioneller-kinderfotografen.de\/blog2\/wp-content\/uploads\/2017\/12\/01-10545-post\/Neugeborenenfotos_Muenchen_6.jpg 900w, https:\/\/vereinigung-professioneller-kinderfotografen.de\/blog2\/wp-content\/uploads\/2017\/12\/01-10545-post\/Neugeborenenfotos_Muenchen_6-300x205.jpg 300w, https:\/\/vereinigung-professioneller-kinderfotografen.de\/blog2\/wp-content\/uploads\/2017\/12\/01-10545-post\/Neugeborenenfotos_Muenchen_6-768x526.jpg 768w\" sizes=\"(max-width: 900px) 100vw, 900px\" \/><img decoding=\"async\" loading=\"lazy\" class=\"aligncenter size-full wp-image-10547\" src=\"http:\/\/vereinigung-professioneller-kinderfotografen.de\/blog2\/wp-content\/uploads\/2017\/12\/01-10545-post\/Neugeborenenfotos_Muenchen_2.jpg\" alt=\"\" width=\"900\" height=\"616\" srcset=\"https:\/\/vereinigung-professioneller-kinderfotografen.de\/blog2\/wp-content\/uploads\/2017\/12\/01-10545-post\/Neugeborenenfotos_Muenchen_2.jpg 900w, https:\/\/vereinigung-professioneller-kinderfotografen.de\/blog2\/wp-content\/uploads\/2017\/12\/01-10545-post\/Neugeborenenfotos_Muenchen_2-300x205.jpg 300w, https:\/\/vereinigung-professioneller-kinderfotografen.de\/blog2\/wp-content\/uploads\/2017\/12\/01-10545-post\/Neugeborenenfotos_Muenchen_2-768x526.jpg 768w\" sizes=\"(max-width: 900px) 100vw, 900px\" \/><img decoding=\"async\" loading=\"lazy\" class=\"aligncenter size-full wp-image-10553\" src=\"http:\/\/vereinigung-professioneller-kinderfotografen.de\/blog2\/wp-content\/uploads\/2017\/12\/01-10545-post\/Neugeborenenfotos_Muenchen_8.jpg\" alt=\"\" width=\"616\" height=\"900\" srcset=\"https:\/\/vereinigung-professioneller-kinderfotografen.de\/blog2\/wp-content\/uploads\/2017\/12\/01-10545-post\/Neugeborenenfotos_Muenchen_8.jpg 616w, https:\/\/vereinigung-professioneller-kinderfotografen.de\/blog2\/wp-content\/uploads\/2017\/12\/01-10545-post\/Neugeborenenfotos_Muenchen_8-205x300.jpg 205w\" sizes=\"(max-width: 616px) 100vw, 616px\" \/><img decoding=\"async\" loading=\"lazy\" class=\"aligncenter size-full wp-image-10552\" src=\"http:\/\/vereinigung-professioneller-kinderfotografen.de\/blog2\/wp-content\/uploads\/2017\/12\/01-10545-post\/Neugeborenenfotos_Muenchen_7.jpg\" alt=\"\" width=\"900\" height=\"616\" srcset=\"https:\/\/vereinigung-professioneller-kinderfotografen.de\/blog2\/wp-content\/uploads\/2017\/12\/01-10545-post\/Neugeborenenfotos_Muenchen_7.jpg 900w, https:\/\/vereinigung-professioneller-kinderfotografen.de\/blog2\/wp-content\/uploads\/2017\/12\/01-10545-post\/Neugeborenenfotos_Muenchen_7-300x205.jpg 300w, https:\/\/vereinigung-professioneller-kinderfotografen.de\/blog2\/wp-content\/uploads\/2017\/12\/01-10545-post\/Neugeborenenfotos_Muenchen_7-768x526.jpg 768w\" sizes=\"(max-width: 900px) 100vw, 900px\" \/><img decoding=\"async\" loading=\"lazy\" class=\"aligncenter size-full wp-image-10546\" src=\"http:\/\/vereinigung-professioneller-kinderfotografen.de\/blog2\/wp-content\/uploads\/2017\/12\/01-10545-post\/Neugeborenenfotos_Muenchen_1.jpg\" alt=\"\" width=\"900\" height=\"616\" srcset=\"https:\/\/vereinigung-professioneller-kinderfotografen.de\/blog2\/wp-content\/uploads\/2017\/12\/01-10545-post\/Neugeborenenfotos_Muenchen_1.jpg 900w, https:\/\/vereinigung-professioneller-kinderfotografen.de\/blog2\/wp-content\/uploads\/2017\/12\/01-10545-post\/Neugeborenenfotos_Muenchen_1-300x205.jpg 300w, https:\/\/vereinigung-professioneller-kinderfotografen.de\/blog2\/wp-content\/uploads\/2017\/12\/01-10545-post\/Neugeborenenfotos_Muenchen_1-768x526.jpg 768w\" sizes=\"(max-width: 900px) 100vw, 900px\" \/><img decoding=\"async\" loading=\"lazy\" class=\"aligncenter size-full wp-image-10549\" src=\"http:\/\/vereinigung-professioneller-kinderfotografen.de\/blog2\/wp-content\/uploads\/2017\/12\/01-10545-post\/Neugeborenenfotos_Muenchen_4.jpg\" alt=\"\" width=\"900\" height=\"616\" srcset=\"https:\/\/vereinigung-professioneller-kinderfotografen.de\/blog2\/wp-content\/uploads\/2017\/12\/01-10545-post\/Neugeborenenfotos_Muenchen_4.jpg 900w, https:\/\/vereinigung-professioneller-kinderfotografen.de\/blog2\/wp-content\/uploads\/2017\/12\/01-10545-post\/Neugeborenenfotos_Muenchen_4-300x205.jpg 300w, https:\/\/vereinigung-professioneller-kinderfotografen.de\/blog2\/wp-content\/uploads\/2017\/12\/01-10545-post\/Neugeborenenfotos_Muenchen_4-768x526.jpg 768w\" sizes=\"(max-width: 900px) 100vw, 900px\" \/><img decoding=\"async\" loading=\"lazy\" class=\"aligncenter size-full wp-image-10548\" src=\"http:\/\/vereinigung-professioneller-kinderfotografen.de\/blog2\/wp-content\/uploads\/2017\/12\/01-10545-post\/Neugeborenenfotos_Muenchen_3.jpg\" alt=\"\" width=\"900\" height=\"616\" srcset=\"https:\/\/vereinigung-professioneller-kinderfotografen.de\/blog2\/wp-content\/uploads\/2017\/12\/01-10545-post\/Neugeborenenfotos_Muenchen_3.jpg 900w, https:\/\/vereinigung-professioneller-kinderfotografen.de\/blog2\/wp-content\/uploads\/2017\/12\/01-10545-post\/Neugeborenenfotos_Muenchen_3-300x205.jpg 300w, https:\/\/vereinigung-professioneller-kinderfotografen.de\/blog2\/wp-content\/uploads\/2017\/12\/01-10545-post\/Neugeborenenfotos_Muenchen_3-768x526.jpg 768w\" sizes=\"(max-width: 900px) 100vw, 900px\" \/><img decoding=\"async\" loading=\"lazy\" class=\"aligncenter size-full wp-image-10554\" src=\"http:\/\/vereinigung-professioneller-kinderfotografen.de\/blog2\/wp-content\/uploads\/2017\/12\/01-10545-post\/Neugeborenenfotos_Muenchen_9.jpg\" alt=\"\" width=\"616\" height=\"900\" srcset=\"https:\/\/vereinigung-professioneller-kinderfotografen.de\/blog2\/wp-content\/uploads\/2017\/12\/01-10545-post\/Neugeborenenfotos_Muenchen_9.jpg 616w, https:\/\/vereinigung-professioneller-kinderfotografen.de\/blog2\/wp-content\/uploads\/2017\/12\/01-10545-post\/Neugeborenenfotos_Muenchen_9-205x300.jpg 205w\" sizes=\"(max-width: 616px) 100vw, 616px\" \/><\/p>\n","protected":false},"excerpt":{"rendered":"<p>Einen keinen Einblick in ein Neugeborenenshooting zeigt euch heute unsere Fotografin Jacqueline Schleicher. Ihr gem\u00fctliches Home-Studio befindet sich im Landkreis Dachau, nicht weit von M\u00fcnchen und Augsburg entfernt. Falls ihr neugierig geworden seid, hier gibt es noch mehr \u00fcber ihre Arbeit zu erfahren: www.fotodesign-schleicher.de oder bei Facebook: https:\/\/www.facebook.com\/fotodesign.jacqueline.schleicher\/<\/p>\n","protected":false},"author":2,"featured_media":0,"comment_status":"closed","ping_status":"closed","sticky":false,"template":"","format":"standard","meta":{"pp_embeds":""},"categories":[578],"tags":[12,10,117,16,61,127,126,82,15],"acf":[],"_links":{"self":[{"href":"https:\/\/vereinigung-professioneller-kinderfotografen.de\/blog2\/wp-json\/wp\/v2\/posts\/10545"}],"collection":[{"href":"https:\/\/vereinigung-professioneller-kinderfotografen.de\/blog2\/wp-json\/wp\/v2\/posts"}],"about":[{"href":"https:\/\/vereinigung-professioneller-kinderfotografen.de\/blog2\/wp-json\/wp\/v2\/types\/post"}],"author":[{"embeddable":true,"href":"https:\/\/vereinigung-professioneller-kinderfotografen.de\/blog2\/wp-json\/wp\/v2\/users\/2"}],"replies":[{"embeddable":true,"href":"https:\/\/vereinigung-professioneller-kinderfotografen.de\/blog2\/wp-json\/wp\/v2\/comments?post=10545"}],"version-history":[{"count":7,"href":"https:\/\/vereinigung-professioneller-kinderfotografen.de\/blog2\/wp-json\/wp\/v2\/posts\/10545\/revisions"}],"predecessor-version":[{"id":10562,"href":"https:\/\/vereinigung-professioneller-kinderfotografen.de\/blog2\/wp-json\/wp\/v2\/posts\/10545\/revisions\/10562"}],"wp:attachment":[{"href":"https:\/\/vereinigung-professioneller-kinderfotografen.de\/blog2\/wp-json\/wp\/v2\/media?parent=10545"}],"wp:term":[{"taxonomy":"category","embeddable":true,"href":"https:\/\/vereinigung-professioneller-kinderfotografen.de\/blog2\/wp-json\/wp\/v2\/categories?post=10545"},{"taxonomy":"post_tag","embeddable":true,"href":"https:\/\/vereinigung-professioneller-kinderfotografen.de\/blog2\/wp-json\/wp\/v2\/tags?post=10545"}],"curies":[{"name":"wp","href":"https:\/\/api.w.org\/{rel}","templated":true}]}}