{"id":10510,"date":"2017-12-11T09:00:11","date_gmt":"2017-12-11T07:00:11","guid":{"rendered":"http:\/\/vereinigung-professioneller-kinderfotografen.de\/blog2\/?p=10510"},"modified":"2017-12-01T11:09:19","modified_gmt":"2017-12-01T09:09:19","slug":"neugeborenenfotos-im-studio-bei-katharina-herzen-in-nidda-friedberg-buedingen-giessen","status":"publish","type":"post","link":"https:\/\/vereinigung-professioneller-kinderfotografen.de\/blog2\/neugeborenenfotos-im-studio-bei-katharina-herzen-in-nidda-friedberg-buedingen-giessen\/","title":{"rendered":"Neugeborenenfotos im Studio bei Katharina Herzen in Nidda ( Friedberg, B\u00fcdingen, Giessen )"},"content":{"rendered":"<p>Unsere Fotografin Katharina Herzen von HerzensBilder aus Nidda (in der N\u00e4he von Frankfurt) zeigt euch heute eine wundervolle Familie.<\/p>\n<p>Die h\u00fcbsche Maus und ihr gro\u00dfer Bruder haben das Shooting super gemeistert, dabei entstanden soooo viele tolle Aufnahmen und Erinnerungen. Ein paar zeigen wir euch hier.<\/p>\n<p><img decoding=\"async\" loading=\"lazy\" class=\"aligncenter size-full wp-image-10519\" src=\"http:\/\/vereinigung-professioneller-kinderfotografen.de\/blog2\/wp-content\/uploads\/2017\/12\/01-10510-post\/Neugeborenenshooting-Nidda.jpg\" alt=\"\" width=\"920\" height=\"613\" srcset=\"https:\/\/vereinigung-professioneller-kinderfotografen.de\/blog2\/wp-content\/uploads\/2017\/12\/01-10510-post\/Neugeborenenshooting-Nidda.jpg 920w, https:\/\/vereinigung-professioneller-kinderfotografen.de\/blog2\/wp-content\/uploads\/2017\/12\/01-10510-post\/Neugeborenenshooting-Nidda-300x200.jpg 300w, https:\/\/vereinigung-professioneller-kinderfotografen.de\/blog2\/wp-content\/uploads\/2017\/12\/01-10510-post\/Neugeborenenshooting-Nidda-768x512.jpg 768w\" sizes=\"(max-width: 920px) 100vw, 920px\" \/><img decoding=\"async\" loading=\"lazy\" class=\"aligncenter size-full wp-image-10518\" src=\"http:\/\/vereinigung-professioneller-kinderfotografen.de\/blog2\/wp-content\/uploads\/2017\/12\/01-10510-post\/Mama-Baby-Bilder.jpg\" alt=\"\" width=\"920\" height=\"613\" srcset=\"https:\/\/vereinigung-professioneller-kinderfotografen.de\/blog2\/wp-content\/uploads\/2017\/12\/01-10510-post\/Mama-Baby-Bilder.jpg 920w, https:\/\/vereinigung-professioneller-kinderfotografen.de\/blog2\/wp-content\/uploads\/2017\/12\/01-10510-post\/Mama-Baby-Bilder-300x200.jpg 300w, https:\/\/vereinigung-professioneller-kinderfotografen.de\/blog2\/wp-content\/uploads\/2017\/12\/01-10510-post\/Mama-Baby-Bilder-768x512.jpg 768w\" sizes=\"(max-width: 920px) 100vw, 920px\" \/><img decoding=\"async\" loading=\"lazy\" class=\"aligncenter size-full wp-image-10517\" src=\"http:\/\/vereinigung-professioneller-kinderfotografen.de\/blog2\/wp-content\/uploads\/2017\/12\/01-10510-post\/Kinderfotograf-Nidda.jpg\" alt=\"\" width=\"920\" height=\"613\" srcset=\"https:\/\/vereinigung-professioneller-kinderfotografen.de\/blog2\/wp-content\/uploads\/2017\/12\/01-10510-post\/Kinderfotograf-Nidda.jpg 920w, https:\/\/vereinigung-professioneller-kinderfotografen.de\/blog2\/wp-content\/uploads\/2017\/12\/01-10510-post\/Kinderfotograf-Nidda-300x200.jpg 300w, https:\/\/vereinigung-professioneller-kinderfotografen.de\/blog2\/wp-content\/uploads\/2017\/12\/01-10510-post\/Kinderfotograf-Nidda-768x512.jpg 768w\" sizes=\"(max-width: 920px) 100vw, 920px\" \/><img decoding=\"async\" loading=\"lazy\" class=\"aligncenter size-full wp-image-10513\" src=\"http:\/\/vereinigung-professioneller-kinderfotografen.de\/blog2\/wp-content\/uploads\/2017\/12\/01-10510-post\/Fotograf-Hanau.jpg\" alt=\"\" width=\"920\" height=\"613\" srcset=\"https:\/\/vereinigung-professioneller-kinderfotografen.de\/blog2\/wp-content\/uploads\/2017\/12\/01-10510-post\/Fotograf-Hanau.jpg 920w, https:\/\/vereinigung-professioneller-kinderfotografen.de\/blog2\/wp-content\/uploads\/2017\/12\/01-10510-post\/Fotograf-Hanau-300x200.jpg 300w, https:\/\/vereinigung-professioneller-kinderfotografen.de\/blog2\/wp-content\/uploads\/2017\/12\/01-10510-post\/Fotograf-Hanau-768x512.jpg 768w\" sizes=\"(max-width: 920px) 100vw, 920px\" \/><img decoding=\"async\" loading=\"lazy\" class=\"aligncenter size-full wp-image-10511\" src=\"http:\/\/vereinigung-professioneller-kinderfotografen.de\/blog2\/wp-content\/uploads\/2017\/12\/01-10510-post\/Exklusive-Familienbilder-Nidda.jpg\" alt=\"\" width=\"920\" height=\"613\" srcset=\"https:\/\/vereinigung-professioneller-kinderfotografen.de\/blog2\/wp-content\/uploads\/2017\/12\/01-10510-post\/Exklusive-Familienbilder-Nidda.jpg 920w, https:\/\/vereinigung-professioneller-kinderfotografen.de\/blog2\/wp-content\/uploads\/2017\/12\/01-10510-post\/Exklusive-Familienbilder-Nidda-300x200.jpg 300w, https:\/\/vereinigung-professioneller-kinderfotografen.de\/blog2\/wp-content\/uploads\/2017\/12\/01-10510-post\/Exklusive-Familienbilder-Nidda-768x512.jpg 768w\" sizes=\"(max-width: 920px) 100vw, 920px\" \/><img decoding=\"async\" loading=\"lazy\" class=\"aligncenter size-full wp-image-10516\" src=\"http:\/\/vereinigung-professioneller-kinderfotografen.de\/blog2\/wp-content\/uploads\/2017\/12\/01-10510-post\/Geschwisterbilder.jpg\" alt=\"\" width=\"920\" height=\"613\" srcset=\"https:\/\/vereinigung-professioneller-kinderfotografen.de\/blog2\/wp-content\/uploads\/2017\/12\/01-10510-post\/Geschwisterbilder.jpg 920w, https:\/\/vereinigung-professioneller-kinderfotografen.de\/blog2\/wp-content\/uploads\/2017\/12\/01-10510-post\/Geschwisterbilder-300x200.jpg 300w, https:\/\/vereinigung-professioneller-kinderfotografen.de\/blog2\/wp-content\/uploads\/2017\/12\/01-10510-post\/Geschwisterbilder-768x512.jpg 768w\" sizes=\"(max-width: 920px) 100vw, 920px\" \/><img decoding=\"async\" loading=\"lazy\" class=\"aligncenter size-full wp-image-10515\" src=\"http:\/\/vereinigung-professioneller-kinderfotografen.de\/blog2\/wp-content\/uploads\/2017\/12\/01-10510-post\/Fotostudio-Nidda.jpg\" alt=\"\" width=\"920\" height=\"613\" srcset=\"https:\/\/vereinigung-professioneller-kinderfotografen.de\/blog2\/wp-content\/uploads\/2017\/12\/01-10510-post\/Fotostudio-Nidda.jpg 920w, https:\/\/vereinigung-professioneller-kinderfotografen.de\/blog2\/wp-content\/uploads\/2017\/12\/01-10510-post\/Fotostudio-Nidda-300x200.jpg 300w, https:\/\/vereinigung-professioneller-kinderfotografen.de\/blog2\/wp-content\/uploads\/2017\/12\/01-10510-post\/Fotostudio-Nidda-768x512.jpg 768w\" sizes=\"(max-width: 920px) 100vw, 920px\" \/><img decoding=\"async\" loading=\"lazy\" class=\"aligncenter size-full wp-image-10514\" src=\"http:\/\/vereinigung-professioneller-kinderfotografen.de\/blog2\/wp-content\/uploads\/2017\/12\/01-10510-post\/Fotograf-Nidda.jpg\" alt=\"\" width=\"920\" height=\"613\" srcset=\"https:\/\/vereinigung-professioneller-kinderfotografen.de\/blog2\/wp-content\/uploads\/2017\/12\/01-10510-post\/Fotograf-Nidda.jpg 920w, https:\/\/vereinigung-professioneller-kinderfotografen.de\/blog2\/wp-content\/uploads\/2017\/12\/01-10510-post\/Fotograf-Nidda-300x200.jpg 300w, https:\/\/vereinigung-professioneller-kinderfotografen.de\/blog2\/wp-content\/uploads\/2017\/12\/01-10510-post\/Fotograf-Nidda-768x512.jpg 768w\" sizes=\"(max-width: 920px) 100vw, 920px\" \/><\/p>\n<p><img decoding=\"async\" loading=\"lazy\" class=\"aligncenter size-full wp-image-10520\" src=\"http:\/\/vereinigung-professioneller-kinderfotografen.de\/blog2\/wp-content\/uploads\/2017\/12\/01-10510-post\/Papa-Baby-Bilder.jpg\" alt=\"\" width=\"920\" height=\"613\" srcset=\"https:\/\/vereinigung-professioneller-kinderfotografen.de\/blog2\/wp-content\/uploads\/2017\/12\/01-10510-post\/Papa-Baby-Bilder.jpg 920w, https:\/\/vereinigung-professioneller-kinderfotografen.de\/blog2\/wp-content\/uploads\/2017\/12\/01-10510-post\/Papa-Baby-Bilder-300x200.jpg 300w, https:\/\/vereinigung-professioneller-kinderfotografen.de\/blog2\/wp-content\/uploads\/2017\/12\/01-10510-post\/Papa-Baby-Bilder-768x512.jpg 768w\" sizes=\"(max-width: 920px) 100vw, 920px\" \/><\/p>\n","protected":false},"excerpt":{"rendered":"<p>Unsere Fotografin Katharina Herzen von HerzensBilder aus Nidda (in der N\u00e4he von Frankfurt) zeigt euch heute eine wundervolle Familie. Die h\u00fcbsche Maus und ihr gro\u00dfer Bruder haben das Shooting super gemeistert, dabei entstanden soooo viele tolle Aufnahmen und Erinnerungen. Ein paar zeigen wir euch hier.<\/p>\n","protected":false},"author":2,"featured_media":0,"comment_status":"closed","ping_status":"closed","sticky":false,"template":"","format":"standard","meta":{"pp_embeds":""},"categories":[887],"tags":[11,1200,189,220,1203,1201,1050,1202,1144,773,1003,926,1204],"acf":[],"_links":{"self":[{"href":"https:\/\/vereinigung-professioneller-kinderfotografen.de\/blog2\/wp-json\/wp\/v2\/posts\/10510"}],"collection":[{"href":"https:\/\/vereinigung-professioneller-kinderfotografen.de\/blog2\/wp-json\/wp\/v2\/posts"}],"about":[{"href":"https:\/\/vereinigung-professioneller-kinderfotografen.de\/blog2\/wp-json\/wp\/v2\/types\/post"}],"author":[{"embeddable":true,"href":"https:\/\/vereinigung-professioneller-kinderfotografen.de\/blog2\/wp-json\/wp\/v2\/users\/2"}],"replies":[{"embeddable":true,"href":"https:\/\/vereinigung-professioneller-kinderfotografen.de\/blog2\/wp-json\/wp\/v2\/comments?post=10510"}],"version-history":[{"count":1,"href":"https:\/\/vereinigung-professioneller-kinderfotografen.de\/blog2\/wp-json\/wp\/v2\/posts\/10510\/revisions"}],"predecessor-version":[{"id":10522,"href":"https:\/\/vereinigung-professioneller-kinderfotografen.de\/blog2\/wp-json\/wp\/v2\/posts\/10510\/revisions\/10522"}],"wp:attachment":[{"href":"https:\/\/vereinigung-professioneller-kinderfotografen.de\/blog2\/wp-json\/wp\/v2\/media?parent=10510"}],"wp:term":[{"taxonomy":"category","embeddable":true,"href":"https:\/\/vereinigung-professioneller-kinderfotografen.de\/blog2\/wp-json\/wp\/v2\/categories?post=10510"},{"taxonomy":"post_tag","embeddable":true,"href":"https:\/\/vereinigung-professioneller-kinderfotografen.de\/blog2\/wp-json\/wp\/v2\/tags?post=10510"}],"curies":[{"name":"wp","href":"https:\/\/api.w.org\/{rel}","templated":true}]}}