{"id":10460,"date":"2017-12-02T06:00:43","date_gmt":"2017-12-02T04:00:43","guid":{"rendered":"http:\/\/vereinigung-professioneller-kinderfotografen.de\/blog2\/?p=10460"},"modified":"2017-11-30T13:50:48","modified_gmt":"2017-11-30T11:50:48","slug":"babyfotos-aus-der-schweiz","status":"publish","type":"post","link":"https:\/\/vereinigung-professioneller-kinderfotografen.de\/blog2\/babyfotos-aus-der-schweiz\/","title":{"rendered":"Nat\u00fcrliche Babyfotos aus der Schweiz &#8211; Nina W\u00fcthrich Photography"},"content":{"rendered":"<p>Bei diesem Shooting sollte es nur um den Kleinen gehen. So wie er ist. Ohne viel Drum herum. Dabei sind wundersch\u00f6ne Bilder entstanden im Tageslichtstudio von Nina W\u00fcthrich Photography.<\/p>\n<p>Weitere Arbeiten von Nina W\u00fcthrich Photography findet ihr auf\u00a0<a href=\"https:\/\/www.instagram.com\/ninawuethrichphotography\/\">Instagram<\/a> bei <a href=\"https:\/\/www.facebook.com\/Nina-W\u00fcthrich-Photography-255776971171343\/\">Facebook<\/a> oder auf <a href=\"https:\/\/nina-photo.ch\">www.nina-photo.ch<\/a><\/p>\n<p><img decoding=\"async\" loading=\"lazy\" class=\"aligncenter size-full wp-image-10461\" src=\"http:\/\/vereinigung-professioneller-kinderfotografen.de\/blog2\/wp-content\/uploads\/2017\/11\/30-10460-post\/Babyfotografin-Bern-Nina-Wuethrich-Photography-01.jpg\" alt=\"\" width=\"1600\" height=\"1067\" srcset=\"https:\/\/vereinigung-professioneller-kinderfotografen.de\/blog2\/wp-content\/uploads\/2017\/11\/30-10460-post\/Babyfotografin-Bern-Nina-Wuethrich-Photography-01.jpg 1600w, https:\/\/vereinigung-professioneller-kinderfotografen.de\/blog2\/wp-content\/uploads\/2017\/11\/30-10460-post\/Babyfotografin-Bern-Nina-Wuethrich-Photography-01-300x200.jpg 300w, https:\/\/vereinigung-professioneller-kinderfotografen.de\/blog2\/wp-content\/uploads\/2017\/11\/30-10460-post\/Babyfotografin-Bern-Nina-Wuethrich-Photography-01-768x512.jpg 768w, https:\/\/vereinigung-professioneller-kinderfotografen.de\/blog2\/wp-content\/uploads\/2017\/11\/30-10460-post\/Babyfotografin-Bern-Nina-Wuethrich-Photography-01-1024x683.jpg 1024w\" sizes=\"(max-width: 1600px) 100vw, 1600px\" \/><img decoding=\"async\" loading=\"lazy\" class=\"aligncenter size-full wp-image-10462\" src=\"http:\/\/vereinigung-professioneller-kinderfotografen.de\/blog2\/wp-content\/uploads\/2017\/11\/30-10460-post\/Babyfotografin-Bern-Nina-Wuethrich-Photography-02.jpg\" alt=\"\" width=\"1600\" height=\"1067\" srcset=\"https:\/\/vereinigung-professioneller-kinderfotografen.de\/blog2\/wp-content\/uploads\/2017\/11\/30-10460-post\/Babyfotografin-Bern-Nina-Wuethrich-Photography-02.jpg 1600w, https:\/\/vereinigung-professioneller-kinderfotografen.de\/blog2\/wp-content\/uploads\/2017\/11\/30-10460-post\/Babyfotografin-Bern-Nina-Wuethrich-Photography-02-300x200.jpg 300w, https:\/\/vereinigung-professioneller-kinderfotografen.de\/blog2\/wp-content\/uploads\/2017\/11\/30-10460-post\/Babyfotografin-Bern-Nina-Wuethrich-Photography-02-768x512.jpg 768w, https:\/\/vereinigung-professioneller-kinderfotografen.de\/blog2\/wp-content\/uploads\/2017\/11\/30-10460-post\/Babyfotografin-Bern-Nina-Wuethrich-Photography-02-1024x683.jpg 1024w\" sizes=\"(max-width: 1600px) 100vw, 1600px\" \/><img decoding=\"async\" loading=\"lazy\" class=\"aligncenter size-full wp-image-10463\" src=\"http:\/\/vereinigung-professioneller-kinderfotografen.de\/blog2\/wp-content\/uploads\/2017\/11\/30-10460-post\/Babyfotografin-Bern-Nina-Wuethrich-Photography-03.jpg\" alt=\"\" width=\"1600\" height=\"1067\" srcset=\"https:\/\/vereinigung-professioneller-kinderfotografen.de\/blog2\/wp-content\/uploads\/2017\/11\/30-10460-post\/Babyfotografin-Bern-Nina-Wuethrich-Photography-03.jpg 1600w, https:\/\/vereinigung-professioneller-kinderfotografen.de\/blog2\/wp-content\/uploads\/2017\/11\/30-10460-post\/Babyfotografin-Bern-Nina-Wuethrich-Photography-03-300x200.jpg 300w, https:\/\/vereinigung-professioneller-kinderfotografen.de\/blog2\/wp-content\/uploads\/2017\/11\/30-10460-post\/Babyfotografin-Bern-Nina-Wuethrich-Photography-03-768x512.jpg 768w, https:\/\/vereinigung-professioneller-kinderfotografen.de\/blog2\/wp-content\/uploads\/2017\/11\/30-10460-post\/Babyfotografin-Bern-Nina-Wuethrich-Photography-03-1024x683.jpg 1024w\" sizes=\"(max-width: 1600px) 100vw, 1600px\" \/><img decoding=\"async\" loading=\"lazy\" class=\"aligncenter size-full wp-image-10464\" src=\"http:\/\/vereinigung-professioneller-kinderfotografen.de\/blog2\/wp-content\/uploads\/2017\/11\/30-10460-post\/Babyfotografin-Bern-Nina-Wuethrich-Photography-04.jpg\" alt=\"\" width=\"1600\" height=\"1067\" srcset=\"https:\/\/vereinigung-professioneller-kinderfotografen.de\/blog2\/wp-content\/uploads\/2017\/11\/30-10460-post\/Babyfotografin-Bern-Nina-Wuethrich-Photography-04.jpg 1600w, https:\/\/vereinigung-professioneller-kinderfotografen.de\/blog2\/wp-content\/uploads\/2017\/11\/30-10460-post\/Babyfotografin-Bern-Nina-Wuethrich-Photography-04-300x200.jpg 300w, https:\/\/vereinigung-professioneller-kinderfotografen.de\/blog2\/wp-content\/uploads\/2017\/11\/30-10460-post\/Babyfotografin-Bern-Nina-Wuethrich-Photography-04-768x512.jpg 768w, https:\/\/vereinigung-professioneller-kinderfotografen.de\/blog2\/wp-content\/uploads\/2017\/11\/30-10460-post\/Babyfotografin-Bern-Nina-Wuethrich-Photography-04-1024x683.jpg 1024w\" sizes=\"(max-width: 1600px) 100vw, 1600px\" \/><img decoding=\"async\" loading=\"lazy\" class=\"aligncenter size-full wp-image-10466\" src=\"http:\/\/vereinigung-professioneller-kinderfotografen.de\/blog2\/wp-content\/uploads\/2017\/11\/30-10460-post\/Babyfotografin-Bern-Nina-Wuethrich-Photography-06.jpg\" alt=\"\" width=\"1600\" height=\"1067\" srcset=\"https:\/\/vereinigung-professioneller-kinderfotografen.de\/blog2\/wp-content\/uploads\/2017\/11\/30-10460-post\/Babyfotografin-Bern-Nina-Wuethrich-Photography-06.jpg 1600w, https:\/\/vereinigung-professioneller-kinderfotografen.de\/blog2\/wp-content\/uploads\/2017\/11\/30-10460-post\/Babyfotografin-Bern-Nina-Wuethrich-Photography-06-300x200.jpg 300w, https:\/\/vereinigung-professioneller-kinderfotografen.de\/blog2\/wp-content\/uploads\/2017\/11\/30-10460-post\/Babyfotografin-Bern-Nina-Wuethrich-Photography-06-768x512.jpg 768w, https:\/\/vereinigung-professioneller-kinderfotografen.de\/blog2\/wp-content\/uploads\/2017\/11\/30-10460-post\/Babyfotografin-Bern-Nina-Wuethrich-Photography-06-1024x683.jpg 1024w\" sizes=\"(max-width: 1600px) 100vw, 1600px\" \/><img decoding=\"async\" loading=\"lazy\" class=\"aligncenter size-full wp-image-10465\" src=\"http:\/\/vereinigung-professioneller-kinderfotografen.de\/blog2\/wp-content\/uploads\/2017\/11\/30-10460-post\/Babyfotografin-Bern-Nina-Wuethrich-Photography-05.jpg\" alt=\"\" width=\"1600\" height=\"1067\" srcset=\"https:\/\/vereinigung-professioneller-kinderfotografen.de\/blog2\/wp-content\/uploads\/2017\/11\/30-10460-post\/Babyfotografin-Bern-Nina-Wuethrich-Photography-05.jpg 1600w, https:\/\/vereinigung-professioneller-kinderfotografen.de\/blog2\/wp-content\/uploads\/2017\/11\/30-10460-post\/Babyfotografin-Bern-Nina-Wuethrich-Photography-05-300x200.jpg 300w, https:\/\/vereinigung-professioneller-kinderfotografen.de\/blog2\/wp-content\/uploads\/2017\/11\/30-10460-post\/Babyfotografin-Bern-Nina-Wuethrich-Photography-05-768x512.jpg 768w, https:\/\/vereinigung-professioneller-kinderfotografen.de\/blog2\/wp-content\/uploads\/2017\/11\/30-10460-post\/Babyfotografin-Bern-Nina-Wuethrich-Photography-05-1024x683.jpg 1024w\" sizes=\"(max-width: 1600px) 100vw, 1600px\" \/><img decoding=\"async\" loading=\"lazy\" class=\"aligncenter size-full wp-image-10467\" src=\"http:\/\/vereinigung-professioneller-kinderfotografen.de\/blog2\/wp-content\/uploads\/2017\/11\/30-10460-post\/Babyfotografin-Bern-Nina-Wuethrich-Photography-07.jpg\" alt=\"\" width=\"1600\" height=\"1067\" srcset=\"https:\/\/vereinigung-professioneller-kinderfotografen.de\/blog2\/wp-content\/uploads\/2017\/11\/30-10460-post\/Babyfotografin-Bern-Nina-Wuethrich-Photography-07.jpg 1600w, https:\/\/vereinigung-professioneller-kinderfotografen.de\/blog2\/wp-content\/uploads\/2017\/11\/30-10460-post\/Babyfotografin-Bern-Nina-Wuethrich-Photography-07-300x200.jpg 300w, https:\/\/vereinigung-professioneller-kinderfotografen.de\/blog2\/wp-content\/uploads\/2017\/11\/30-10460-post\/Babyfotografin-Bern-Nina-Wuethrich-Photography-07-768x512.jpg 768w, https:\/\/vereinigung-professioneller-kinderfotografen.de\/blog2\/wp-content\/uploads\/2017\/11\/30-10460-post\/Babyfotografin-Bern-Nina-Wuethrich-Photography-07-1024x683.jpg 1024w\" sizes=\"(max-width: 1600px) 100vw, 1600px\" \/><img decoding=\"async\" loading=\"lazy\" class=\"aligncenter size-full wp-image-10469\" src=\"http:\/\/vereinigung-professioneller-kinderfotografen.de\/blog2\/wp-content\/uploads\/2017\/11\/30-10460-post\/Babyfotografin-Bern-Nina-Wuethrich-Photography-10.jpg\" alt=\"\" width=\"1600\" height=\"1067\" srcset=\"https:\/\/vereinigung-professioneller-kinderfotografen.de\/blog2\/wp-content\/uploads\/2017\/11\/30-10460-post\/Babyfotografin-Bern-Nina-Wuethrich-Photography-10.jpg 1600w, https:\/\/vereinigung-professioneller-kinderfotografen.de\/blog2\/wp-content\/uploads\/2017\/11\/30-10460-post\/Babyfotografin-Bern-Nina-Wuethrich-Photography-10-300x200.jpg 300w, https:\/\/vereinigung-professioneller-kinderfotografen.de\/blog2\/wp-content\/uploads\/2017\/11\/30-10460-post\/Babyfotografin-Bern-Nina-Wuethrich-Photography-10-768x512.jpg 768w, https:\/\/vereinigung-professioneller-kinderfotografen.de\/blog2\/wp-content\/uploads\/2017\/11\/30-10460-post\/Babyfotografin-Bern-Nina-Wuethrich-Photography-10-1024x683.jpg 1024w\" sizes=\"(max-width: 1600px) 100vw, 1600px\" \/><img decoding=\"async\" loading=\"lazy\" class=\"aligncenter size-full wp-image-10468\" src=\"http:\/\/vereinigung-professioneller-kinderfotografen.de\/blog2\/wp-content\/uploads\/2017\/11\/30-10460-post\/Babyfotografin-Bern-Nina-Wuethrich-Photography-08.jpg\" alt=\"\" width=\"1600\" height=\"1067\" srcset=\"https:\/\/vereinigung-professioneller-kinderfotografen.de\/blog2\/wp-content\/uploads\/2017\/11\/30-10460-post\/Babyfotografin-Bern-Nina-Wuethrich-Photography-08.jpg 1600w, https:\/\/vereinigung-professioneller-kinderfotografen.de\/blog2\/wp-content\/uploads\/2017\/11\/30-10460-post\/Babyfotografin-Bern-Nina-Wuethrich-Photography-08-300x200.jpg 300w, https:\/\/vereinigung-professioneller-kinderfotografen.de\/blog2\/wp-content\/uploads\/2017\/11\/30-10460-post\/Babyfotografin-Bern-Nina-Wuethrich-Photography-08-768x512.jpg 768w, https:\/\/vereinigung-professioneller-kinderfotografen.de\/blog2\/wp-content\/uploads\/2017\/11\/30-10460-post\/Babyfotografin-Bern-Nina-Wuethrich-Photography-08-1024x683.jpg 1024w\" sizes=\"(max-width: 1600px) 100vw, 1600px\" \/><img decoding=\"async\" loading=\"lazy\" class=\"aligncenter size-full wp-image-10470\" src=\"http:\/\/vereinigung-professioneller-kinderfotografen.de\/blog2\/wp-content\/uploads\/2017\/11\/30-10460-post\/Babyfotografin-Bern-Nina-Wuethrich-Photography-12.jpg\" alt=\"\" width=\"1600\" height=\"1067\" srcset=\"https:\/\/vereinigung-professioneller-kinderfotografen.de\/blog2\/wp-content\/uploads\/2017\/11\/30-10460-post\/Babyfotografin-Bern-Nina-Wuethrich-Photography-12.jpg 1600w, https:\/\/vereinigung-professioneller-kinderfotografen.de\/blog2\/wp-content\/uploads\/2017\/11\/30-10460-post\/Babyfotografin-Bern-Nina-Wuethrich-Photography-12-300x200.jpg 300w, https:\/\/vereinigung-professioneller-kinderfotografen.de\/blog2\/wp-content\/uploads\/2017\/11\/30-10460-post\/Babyfotografin-Bern-Nina-Wuethrich-Photography-12-768x512.jpg 768w, https:\/\/vereinigung-professioneller-kinderfotografen.de\/blog2\/wp-content\/uploads\/2017\/11\/30-10460-post\/Babyfotografin-Bern-Nina-Wuethrich-Photography-12-1024x683.jpg 1024w\" sizes=\"(max-width: 1600px) 100vw, 1600px\" \/><img decoding=\"async\" loading=\"lazy\" class=\"aligncenter size-full wp-image-10473\" src=\"http:\/\/vereinigung-professioneller-kinderfotografen.de\/blog2\/wp-content\/uploads\/2017\/11\/30-10460-post\/Babyfotografin-Bern-Nina-Wuethrich-Photography-16.jpg\" alt=\"\" width=\"1600\" height=\"1067\" srcset=\"https:\/\/vereinigung-professioneller-kinderfotografen.de\/blog2\/wp-content\/uploads\/2017\/11\/30-10460-post\/Babyfotografin-Bern-Nina-Wuethrich-Photography-16.jpg 1600w, https:\/\/vereinigung-professioneller-kinderfotografen.de\/blog2\/wp-content\/uploads\/2017\/11\/30-10460-post\/Babyfotografin-Bern-Nina-Wuethrich-Photography-16-300x200.jpg 300w, https:\/\/vereinigung-professioneller-kinderfotografen.de\/blog2\/wp-content\/uploads\/2017\/11\/30-10460-post\/Babyfotografin-Bern-Nina-Wuethrich-Photography-16-768x512.jpg 768w, https:\/\/vereinigung-professioneller-kinderfotografen.de\/blog2\/wp-content\/uploads\/2017\/11\/30-10460-post\/Babyfotografin-Bern-Nina-Wuethrich-Photography-16-1024x683.jpg 1024w\" sizes=\"(max-width: 1600px) 100vw, 1600px\" \/><img decoding=\"async\" loading=\"lazy\" class=\"aligncenter size-full wp-image-10474\" src=\"http:\/\/vereinigung-professioneller-kinderfotografen.de\/blog2\/wp-content\/uploads\/2017\/11\/30-10460-post\/Babyfotografin-Bern-Nina-Wuethrich-Photography-17.jpg\" alt=\"\" width=\"1600\" height=\"1067\" srcset=\"https:\/\/vereinigung-professioneller-kinderfotografen.de\/blog2\/wp-content\/uploads\/2017\/11\/30-10460-post\/Babyfotografin-Bern-Nina-Wuethrich-Photography-17.jpg 1600w, https:\/\/vereinigung-professioneller-kinderfotografen.de\/blog2\/wp-content\/uploads\/2017\/11\/30-10460-post\/Babyfotografin-Bern-Nina-Wuethrich-Photography-17-300x200.jpg 300w, https:\/\/vereinigung-professioneller-kinderfotografen.de\/blog2\/wp-content\/uploads\/2017\/11\/30-10460-post\/Babyfotografin-Bern-Nina-Wuethrich-Photography-17-768x512.jpg 768w, https:\/\/vereinigung-professioneller-kinderfotografen.de\/blog2\/wp-content\/uploads\/2017\/11\/30-10460-post\/Babyfotografin-Bern-Nina-Wuethrich-Photography-17-1024x683.jpg 1024w\" sizes=\"(max-width: 1600px) 100vw, 1600px\" \/><img decoding=\"async\" loading=\"lazy\" class=\"aligncenter size-full wp-image-10472\" src=\"http:\/\/vereinigung-professioneller-kinderfotografen.de\/blog2\/wp-content\/uploads\/2017\/11\/30-10460-post\/Babyfotografin-Bern-Nina-Wuethrich-Photography-14.jpg\" alt=\"\" width=\"1600\" height=\"1067\" srcset=\"https:\/\/vereinigung-professioneller-kinderfotografen.de\/blog2\/wp-content\/uploads\/2017\/11\/30-10460-post\/Babyfotografin-Bern-Nina-Wuethrich-Photography-14.jpg 1600w, https:\/\/vereinigung-professioneller-kinderfotografen.de\/blog2\/wp-content\/uploads\/2017\/11\/30-10460-post\/Babyfotografin-Bern-Nina-Wuethrich-Photography-14-300x200.jpg 300w, https:\/\/vereinigung-professioneller-kinderfotografen.de\/blog2\/wp-content\/uploads\/2017\/11\/30-10460-post\/Babyfotografin-Bern-Nina-Wuethrich-Photography-14-768x512.jpg 768w, https:\/\/vereinigung-professioneller-kinderfotografen.de\/blog2\/wp-content\/uploads\/2017\/11\/30-10460-post\/Babyfotografin-Bern-Nina-Wuethrich-Photography-14-1024x683.jpg 1024w\" sizes=\"(max-width: 1600px) 100vw, 1600px\" \/><img decoding=\"async\" loading=\"lazy\" class=\"aligncenter size-full wp-image-10471\" src=\"http:\/\/vereinigung-professioneller-kinderfotografen.de\/blog2\/wp-content\/uploads\/2017\/11\/30-10460-post\/Babyfotografin-Bern-Nina-Wuethrich-Photography-13.jpg\" alt=\"\" width=\"1600\" height=\"1067\" srcset=\"https:\/\/vereinigung-professioneller-kinderfotografen.de\/blog2\/wp-content\/uploads\/2017\/11\/30-10460-post\/Babyfotografin-Bern-Nina-Wuethrich-Photography-13.jpg 1600w, https:\/\/vereinigung-professioneller-kinderfotografen.de\/blog2\/wp-content\/uploads\/2017\/11\/30-10460-post\/Babyfotografin-Bern-Nina-Wuethrich-Photography-13-300x200.jpg 300w, https:\/\/vereinigung-professioneller-kinderfotografen.de\/blog2\/wp-content\/uploads\/2017\/11\/30-10460-post\/Babyfotografin-Bern-Nina-Wuethrich-Photography-13-768x512.jpg 768w, https:\/\/vereinigung-professioneller-kinderfotografen.de\/blog2\/wp-content\/uploads\/2017\/11\/30-10460-post\/Babyfotografin-Bern-Nina-Wuethrich-Photography-13-1024x683.jpg 1024w\" sizes=\"(max-width: 1600px) 100vw, 1600px\" \/><\/p>\n","protected":false},"excerpt":{"rendered":"<p>Bei diesem Shooting sollte es nur um den Kleinen gehen. So wie er ist. Ohne viel Drum herum. Dabei sind wundersch\u00f6ne Bilder entstanden im Tageslichtstudio von Nina W\u00fcthrich Photography. Weitere Arbeiten von Nina W\u00fcthrich Photography findet ihr auf\u00a0Instagram bei Facebook oder auf www.nina-photo.ch<\/p>\n","protected":false},"author":2,"featured_media":10472,"comment_status":"closed","ping_status":"closed","sticky":false,"template":"","format":"standard","meta":{"pp_embeds":""},"categories":[1],"tags":[130,488,1190,11,1185,584,1186],"acf":[],"_links":{"self":[{"href":"https:\/\/vereinigung-professioneller-kinderfotografen.de\/blog2\/wp-json\/wp\/v2\/posts\/10460"}],"collection":[{"href":"https:\/\/vereinigung-professioneller-kinderfotografen.de\/blog2\/wp-json\/wp\/v2\/posts"}],"about":[{"href":"https:\/\/vereinigung-professioneller-kinderfotografen.de\/blog2\/wp-json\/wp\/v2\/types\/post"}],"author":[{"embeddable":true,"href":"https:\/\/vereinigung-professioneller-kinderfotografen.de\/blog2\/wp-json\/wp\/v2\/users\/2"}],"replies":[{"embeddable":true,"href":"https:\/\/vereinigung-professioneller-kinderfotografen.de\/blog2\/wp-json\/wp\/v2\/comments?post=10460"}],"version-history":[{"count":4,"href":"https:\/\/vereinigung-professioneller-kinderfotografen.de\/blog2\/wp-json\/wp\/v2\/posts\/10460\/revisions"}],"predecessor-version":[{"id":10479,"href":"https:\/\/vereinigung-professioneller-kinderfotografen.de\/blog2\/wp-json\/wp\/v2\/posts\/10460\/revisions\/10479"}],"wp:featuredmedia":[{"embeddable":true,"href":"https:\/\/vereinigung-professioneller-kinderfotografen.de\/blog2\/wp-json\/wp\/v2\/media\/10472"}],"wp:attachment":[{"href":"https:\/\/vereinigung-professioneller-kinderfotografen.de\/blog2\/wp-json\/wp\/v2\/media?parent=10460"}],"wp:term":[{"taxonomy":"category","embeddable":true,"href":"https:\/\/vereinigung-professioneller-kinderfotografen.de\/blog2\/wp-json\/wp\/v2\/categories?post=10460"},{"taxonomy":"post_tag","embeddable":true,"href":"https:\/\/vereinigung-professioneller-kinderfotografen.de\/blog2\/wp-json\/wp\/v2\/tags?post=10460"}],"curies":[{"name":"wp","href":"https:\/\/api.w.org\/{rel}","templated":true}]}}