{"id":10437,"date":"2017-11-28T12:52:43","date_gmt":"2017-11-28T10:52:43","guid":{"rendered":"http:\/\/vereinigung-professioneller-kinderfotografen.de\/blog2\/?p=10437"},"modified":"2017-11-28T12:55:39","modified_gmt":"2017-11-28T10:55:39","slug":"kindheitsmomente-peggypfotenhauer-fotografie-aus-bamberg","status":"publish","type":"post","link":"https:\/\/vereinigung-professioneller-kinderfotografen.de\/blog2\/kindheitsmomente-peggypfotenhauer-fotografie-aus-bamberg\/","title":{"rendered":"Kindheitsmomente | PeggyPfotenhauer Fotografie aus Bamberg"},"content":{"rendered":"<p>Unsere Fotografin Peggy Pfotenhauer aus der N\u00e4he von Bamberg im sch\u00f6nen Oberfranken nimmt Euch heute mit auf die fr\u00e4nkischen Sommerwiesen, wo sie sich im Wonnemonat Mai zu einem ganz besonderen Shooting mit einer lieben Familie traf. Die sechs Geschwister im Alter von 1 Jahr bis 9 Jahre tobten durch die Wiesen, spielten ausgelassen, machten Kisschschlachten und waren auf jeden Fall eines &#8211; n\u00e4mlich gl\u00fccklich. Entstanden sind Erinnungen an eine unbeschwerte Kindheit mit ganz viel Spa\u00df. Den hatte unsere Fotografin w\u00e4hrend des Shootings ganz sicher auch.<\/p>\n<p>Weitere Arbeiten von Peggy findet Ihr auf ihrer Website <a href=\"http:\/\/www.peggypfotenhauer.de\">www.peggypfotenhauer.de<\/a><\/p>\n<p><img decoding=\"async\" loading=\"lazy\" class=\"aligncenter size-full wp-image-10442\" src=\"http:\/\/vereinigung-professioneller-kinderfotografen.de\/blog2\/wp-content\/uploads\/2017\/11\/28-10437-post\/HT-19.jpg\" alt=\"\" width=\"1680\" height=\"1150\" srcset=\"https:\/\/vereinigung-professioneller-kinderfotografen.de\/blog2\/wp-content\/uploads\/2017\/11\/28-10437-post\/HT-19.jpg 1680w, https:\/\/vereinigung-professioneller-kinderfotografen.de\/blog2\/wp-content\/uploads\/2017\/11\/28-10437-post\/HT-19-300x205.jpg 300w, https:\/\/vereinigung-professioneller-kinderfotografen.de\/blog2\/wp-content\/uploads\/2017\/11\/28-10437-post\/HT-19-768x526.jpg 768w, https:\/\/vereinigung-professioneller-kinderfotografen.de\/blog2\/wp-content\/uploads\/2017\/11\/28-10437-post\/HT-19-1024x701.jpg 1024w\" sizes=\"(max-width: 1680px) 100vw, 1680px\" \/><img decoding=\"async\" loading=\"lazy\" class=\"aligncenter size-full wp-image-10443\" src=\"http:\/\/vereinigung-professioneller-kinderfotografen.de\/blog2\/wp-content\/uploads\/2017\/11\/28-10437-post\/HT-25.jpg\" alt=\"\" width=\"1680\" height=\"1150\" srcset=\"https:\/\/vereinigung-professioneller-kinderfotografen.de\/blog2\/wp-content\/uploads\/2017\/11\/28-10437-post\/HT-25.jpg 1680w, https:\/\/vereinigung-professioneller-kinderfotografen.de\/blog2\/wp-content\/uploads\/2017\/11\/28-10437-post\/HT-25-300x205.jpg 300w, https:\/\/vereinigung-professioneller-kinderfotografen.de\/blog2\/wp-content\/uploads\/2017\/11\/28-10437-post\/HT-25-768x526.jpg 768w, https:\/\/vereinigung-professioneller-kinderfotografen.de\/blog2\/wp-content\/uploads\/2017\/11\/28-10437-post\/HT-25-1024x701.jpg 1024w\" sizes=\"(max-width: 1680px) 100vw, 1680px\" \/><img decoding=\"async\" loading=\"lazy\" class=\"aligncenter size-full wp-image-10444\" src=\"http:\/\/vereinigung-professioneller-kinderfotografen.de\/blog2\/wp-content\/uploads\/2017\/11\/28-10437-post\/HT-28.jpg\" alt=\"\" width=\"1680\" height=\"1149\" srcset=\"https:\/\/vereinigung-professioneller-kinderfotografen.de\/blog2\/wp-content\/uploads\/2017\/11\/28-10437-post\/HT-28.jpg 1680w, https:\/\/vereinigung-professioneller-kinderfotografen.de\/blog2\/wp-content\/uploads\/2017\/11\/28-10437-post\/HT-28-300x205.jpg 300w, https:\/\/vereinigung-professioneller-kinderfotografen.de\/blog2\/wp-content\/uploads\/2017\/11\/28-10437-post\/HT-28-768x525.jpg 768w, https:\/\/vereinigung-professioneller-kinderfotografen.de\/blog2\/wp-content\/uploads\/2017\/11\/28-10437-post\/HT-28-1024x700.jpg 1024w\" sizes=\"(max-width: 1680px) 100vw, 1680px\" \/><img decoding=\"async\" loading=\"lazy\" class=\"aligncenter size-full wp-image-10447\" src=\"http:\/\/vereinigung-professioneller-kinderfotografen.de\/blog2\/wp-content\/uploads\/2017\/11\/28-10437-post\/HT-43.jpg\" alt=\"\" width=\"1680\" height=\"1150\" srcset=\"https:\/\/vereinigung-professioneller-kinderfotografen.de\/blog2\/wp-content\/uploads\/2017\/11\/28-10437-post\/HT-43.jpg 1680w, https:\/\/vereinigung-professioneller-kinderfotografen.de\/blog2\/wp-content\/uploads\/2017\/11\/28-10437-post\/HT-43-300x205.jpg 300w, https:\/\/vereinigung-professioneller-kinderfotografen.de\/blog2\/wp-content\/uploads\/2017\/11\/28-10437-post\/HT-43-768x526.jpg 768w, https:\/\/vereinigung-professioneller-kinderfotografen.de\/blog2\/wp-content\/uploads\/2017\/11\/28-10437-post\/HT-43-1024x701.jpg 1024w\" sizes=\"(max-width: 1680px) 100vw, 1680px\" \/><img decoding=\"async\" loading=\"lazy\" class=\"aligncenter size-full wp-image-10439\" src=\"http:\/\/vereinigung-professioneller-kinderfotografen.de\/blog2\/wp-content\/uploads\/2017\/11\/28-10437-post\/HT-5.jpg\" alt=\"\" width=\"1680\" height=\"1150\" srcset=\"https:\/\/vereinigung-professioneller-kinderfotografen.de\/blog2\/wp-content\/uploads\/2017\/11\/28-10437-post\/HT-5.jpg 1680w, https:\/\/vereinigung-professioneller-kinderfotografen.de\/blog2\/wp-content\/uploads\/2017\/11\/28-10437-post\/HT-5-300x205.jpg 300w, https:\/\/vereinigung-professioneller-kinderfotografen.de\/blog2\/wp-content\/uploads\/2017\/11\/28-10437-post\/HT-5-768x526.jpg 768w, https:\/\/vereinigung-professioneller-kinderfotografen.de\/blog2\/wp-content\/uploads\/2017\/11\/28-10437-post\/HT-5-1024x701.jpg 1024w\" sizes=\"(max-width: 1680px) 100vw, 1680px\" \/><img decoding=\"async\" loading=\"lazy\" class=\"aligncenter size-full wp-image-10438\" src=\"http:\/\/vereinigung-professioneller-kinderfotografen.de\/blog2\/wp-content\/uploads\/2017\/11\/28-10437-post\/HT-1.jpg\" alt=\"\" width=\"1680\" height=\"1150\" srcset=\"https:\/\/vereinigung-professioneller-kinderfotografen.de\/blog2\/wp-content\/uploads\/2017\/11\/28-10437-post\/HT-1.jpg 1680w, https:\/\/vereinigung-professioneller-kinderfotografen.de\/blog2\/wp-content\/uploads\/2017\/11\/28-10437-post\/HT-1-300x205.jpg 300w, https:\/\/vereinigung-professioneller-kinderfotografen.de\/blog2\/wp-content\/uploads\/2017\/11\/28-10437-post\/HT-1-768x526.jpg 768w, https:\/\/vereinigung-professioneller-kinderfotografen.de\/blog2\/wp-content\/uploads\/2017\/11\/28-10437-post\/HT-1-1024x701.jpg 1024w\" sizes=\"(max-width: 1680px) 100vw, 1680px\" \/><img decoding=\"async\" loading=\"lazy\" class=\"aligncenter size-full wp-image-10454\" src=\"http:\/\/vereinigung-professioneller-kinderfotografen.de\/blog2\/wp-content\/uploads\/2017\/11\/28-10437-post\/HT-136.jpg\" alt=\"\" width=\"1680\" height=\"1149\" srcset=\"https:\/\/vereinigung-professioneller-kinderfotografen.de\/blog2\/wp-content\/uploads\/2017\/11\/28-10437-post\/HT-136.jpg 1680w, https:\/\/vereinigung-professioneller-kinderfotografen.de\/blog2\/wp-content\/uploads\/2017\/11\/28-10437-post\/HT-136-300x205.jpg 300w, https:\/\/vereinigung-professioneller-kinderfotografen.de\/blog2\/wp-content\/uploads\/2017\/11\/28-10437-post\/HT-136-768x525.jpg 768w, https:\/\/vereinigung-professioneller-kinderfotografen.de\/blog2\/wp-content\/uploads\/2017\/11\/28-10437-post\/HT-136-1024x700.jpg 1024w\" sizes=\"(max-width: 1680px) 100vw, 1680px\" \/><img decoding=\"async\" loading=\"lazy\" class=\"aligncenter size-full wp-image-10453\" src=\"http:\/\/vereinigung-professioneller-kinderfotografen.de\/blog2\/wp-content\/uploads\/2017\/11\/28-10437-post\/HT-106.jpg\" alt=\"\" width=\"1680\" height=\"1213\" srcset=\"https:\/\/vereinigung-professioneller-kinderfotografen.de\/blog2\/wp-content\/uploads\/2017\/11\/28-10437-post\/HT-106.jpg 1680w, https:\/\/vereinigung-professioneller-kinderfotografen.de\/blog2\/wp-content\/uploads\/2017\/11\/28-10437-post\/HT-106-300x217.jpg 300w, https:\/\/vereinigung-professioneller-kinderfotografen.de\/blog2\/wp-content\/uploads\/2017\/11\/28-10437-post\/HT-106-768x555.jpg 768w, https:\/\/vereinigung-professioneller-kinderfotografen.de\/blog2\/wp-content\/uploads\/2017\/11\/28-10437-post\/HT-106-1024x739.jpg 1024w\" sizes=\"(max-width: 1680px) 100vw, 1680px\" \/><img decoding=\"async\" loading=\"lazy\" class=\"aligncenter size-full wp-image-10448\" src=\"http:\/\/vereinigung-professioneller-kinderfotografen.de\/blog2\/wp-content\/uploads\/2017\/11\/28-10437-post\/HT-46.jpg\" alt=\"\" width=\"1680\" height=\"1149\" srcset=\"https:\/\/vereinigung-professioneller-kinderfotografen.de\/blog2\/wp-content\/uploads\/2017\/11\/28-10437-post\/HT-46.jpg 1680w, https:\/\/vereinigung-professioneller-kinderfotografen.de\/blog2\/wp-content\/uploads\/2017\/11\/28-10437-post\/HT-46-300x205.jpg 300w, https:\/\/vereinigung-professioneller-kinderfotografen.de\/blog2\/wp-content\/uploads\/2017\/11\/28-10437-post\/HT-46-768x525.jpg 768w, https:\/\/vereinigung-professioneller-kinderfotografen.de\/blog2\/wp-content\/uploads\/2017\/11\/28-10437-post\/HT-46-1024x700.jpg 1024w\" sizes=\"(max-width: 1680px) 100vw, 1680px\" \/><img decoding=\"async\" loading=\"lazy\" class=\"aligncenter size-full wp-image-10441\" src=\"http:\/\/vereinigung-professioneller-kinderfotografen.de\/blog2\/wp-content\/uploads\/2017\/11\/28-10437-post\/HT-16.jpg\" alt=\"\" width=\"1680\" height=\"1150\" srcset=\"https:\/\/vereinigung-professioneller-kinderfotografen.de\/blog2\/wp-content\/uploads\/2017\/11\/28-10437-post\/HT-16.jpg 1680w, https:\/\/vereinigung-professioneller-kinderfotografen.de\/blog2\/wp-content\/uploads\/2017\/11\/28-10437-post\/HT-16-300x205.jpg 300w, https:\/\/vereinigung-professioneller-kinderfotografen.de\/blog2\/wp-content\/uploads\/2017\/11\/28-10437-post\/HT-16-768x526.jpg 768w, https:\/\/vereinigung-professioneller-kinderfotografen.de\/blog2\/wp-content\/uploads\/2017\/11\/28-10437-post\/HT-16-1024x701.jpg 1024w\" sizes=\"(max-width: 1680px) 100vw, 1680px\" \/><img decoding=\"async\" loading=\"lazy\" class=\"aligncenter size-full wp-image-10445\" src=\"http:\/\/vereinigung-professioneller-kinderfotografen.de\/blog2\/wp-content\/uploads\/2017\/11\/28-10437-post\/HT-34.jpg\" alt=\"\" width=\"1680\" height=\"1149\" srcset=\"https:\/\/vereinigung-professioneller-kinderfotografen.de\/blog2\/wp-content\/uploads\/2017\/11\/28-10437-post\/HT-34.jpg 1680w, https:\/\/vereinigung-professioneller-kinderfotografen.de\/blog2\/wp-content\/uploads\/2017\/11\/28-10437-post\/HT-34-300x205.jpg 300w, https:\/\/vereinigung-professioneller-kinderfotografen.de\/blog2\/wp-content\/uploads\/2017\/11\/28-10437-post\/HT-34-768x525.jpg 768w, https:\/\/vereinigung-professioneller-kinderfotografen.de\/blog2\/wp-content\/uploads\/2017\/11\/28-10437-post\/HT-34-1024x700.jpg 1024w\" sizes=\"(max-width: 1680px) 100vw, 1680px\" \/><img decoding=\"async\" loading=\"lazy\" class=\"aligncenter size-full wp-image-10440\" src=\"http:\/\/vereinigung-professioneller-kinderfotografen.de\/blog2\/wp-content\/uploads\/2017\/11\/28-10437-post\/HT-13.jpg\" alt=\"\" width=\"1680\" height=\"1149\" srcset=\"https:\/\/vereinigung-professioneller-kinderfotografen.de\/blog2\/wp-content\/uploads\/2017\/11\/28-10437-post\/HT-13.jpg 1680w, https:\/\/vereinigung-professioneller-kinderfotografen.de\/blog2\/wp-content\/uploads\/2017\/11\/28-10437-post\/HT-13-300x205.jpg 300w, https:\/\/vereinigung-professioneller-kinderfotografen.de\/blog2\/wp-content\/uploads\/2017\/11\/28-10437-post\/HT-13-768x525.jpg 768w, https:\/\/vereinigung-professioneller-kinderfotografen.de\/blog2\/wp-content\/uploads\/2017\/11\/28-10437-post\/HT-13-1024x700.jpg 1024w\" sizes=\"(max-width: 1680px) 100vw, 1680px\" \/><img decoding=\"async\" loading=\"lazy\" class=\"aligncenter size-full wp-image-10449\" src=\"http:\/\/vereinigung-professioneller-kinderfotografen.de\/blog2\/wp-content\/uploads\/2017\/11\/28-10437-post\/HT-46-2.jpg\" alt=\"\" width=\"1680\" height=\"1150\" srcset=\"https:\/\/vereinigung-professioneller-kinderfotografen.de\/blog2\/wp-content\/uploads\/2017\/11\/28-10437-post\/HT-46-2.jpg 1680w, https:\/\/vereinigung-professioneller-kinderfotografen.de\/blog2\/wp-content\/uploads\/2017\/11\/28-10437-post\/HT-46-2-300x205.jpg 300w, https:\/\/vereinigung-professioneller-kinderfotografen.de\/blog2\/wp-content\/uploads\/2017\/11\/28-10437-post\/HT-46-2-768x526.jpg 768w, https:\/\/vereinigung-professioneller-kinderfotografen.de\/blog2\/wp-content\/uploads\/2017\/11\/28-10437-post\/HT-46-2-1024x701.jpg 1024w\" sizes=\"(max-width: 1680px) 100vw, 1680px\" \/><img decoding=\"async\" loading=\"lazy\" class=\"aligncenter size-full wp-image-10446\" src=\"http:\/\/vereinigung-professioneller-kinderfotografen.de\/blog2\/wp-content\/uploads\/2017\/11\/28-10437-post\/HT-40.jpg\" alt=\"\" width=\"1680\" height=\"1150\" srcset=\"https:\/\/vereinigung-professioneller-kinderfotografen.de\/blog2\/wp-content\/uploads\/2017\/11\/28-10437-post\/HT-40.jpg 1680w, https:\/\/vereinigung-professioneller-kinderfotografen.de\/blog2\/wp-content\/uploads\/2017\/11\/28-10437-post\/HT-40-300x205.jpg 300w, https:\/\/vereinigung-professioneller-kinderfotografen.de\/blog2\/wp-content\/uploads\/2017\/11\/28-10437-post\/HT-40-768x526.jpg 768w, https:\/\/vereinigung-professioneller-kinderfotografen.de\/blog2\/wp-content\/uploads\/2017\/11\/28-10437-post\/HT-40-1024x701.jpg 1024w\" sizes=\"(max-width: 1680px) 100vw, 1680px\" \/><img decoding=\"async\" loading=\"lazy\" class=\"aligncenter size-full wp-image-10455\" src=\"http:\/\/vereinigung-professioneller-kinderfotografen.de\/blog2\/wp-content\/uploads\/2017\/11\/28-10437-post\/HT-154.jpg\" alt=\"\" width=\"1680\" height=\"1150\" srcset=\"https:\/\/vereinigung-professioneller-kinderfotografen.de\/blog2\/wp-content\/uploads\/2017\/11\/28-10437-post\/HT-154.jpg 1680w, https:\/\/vereinigung-professioneller-kinderfotografen.de\/blog2\/wp-content\/uploads\/2017\/11\/28-10437-post\/HT-154-300x205.jpg 300w, https:\/\/vereinigung-professioneller-kinderfotografen.de\/blog2\/wp-content\/uploads\/2017\/11\/28-10437-post\/HT-154-768x526.jpg 768w, https:\/\/vereinigung-professioneller-kinderfotografen.de\/blog2\/wp-content\/uploads\/2017\/11\/28-10437-post\/HT-154-1024x701.jpg 1024w\" sizes=\"(max-width: 1680px) 100vw, 1680px\" \/><\/p>\n","protected":false},"excerpt":{"rendered":"<p>Unsere Fotografin Peggy Pfotenhauer aus der N\u00e4he von Bamberg im sch\u00f6nen Oberfranken nimmt Euch heute mit auf die fr\u00e4nkischen Sommerwiesen, wo sie sich im Wonnemonat Mai zu einem ganz besonderen Shooting mit einer lieben Familie traf. Die sechs Geschwister im Alter von 1 Jahr bis 9 Jahre tobten durch die Wiesen, spielten ausgelassen, machten Kisschschlachten...<\/p>\n","protected":false},"author":2,"featured_media":10442,"comment_status":"closed","ping_status":"closed","sticky":false,"template":"","format":"standard","meta":{"pp_embeds":""},"categories":[490],"tags":[825,939,510,1023,1189,514,1024,1187,1188],"acf":[],"_links":{"self":[{"href":"https:\/\/vereinigung-professioneller-kinderfotografen.de\/blog2\/wp-json\/wp\/v2\/posts\/10437"}],"collection":[{"href":"https:\/\/vereinigung-professioneller-kinderfotografen.de\/blog2\/wp-json\/wp\/v2\/posts"}],"about":[{"href":"https:\/\/vereinigung-professioneller-kinderfotografen.de\/blog2\/wp-json\/wp\/v2\/types\/post"}],"author":[{"embeddable":true,"href":"https:\/\/vereinigung-professioneller-kinderfotografen.de\/blog2\/wp-json\/wp\/v2\/users\/2"}],"replies":[{"embeddable":true,"href":"https:\/\/vereinigung-professioneller-kinderfotografen.de\/blog2\/wp-json\/wp\/v2\/comments?post=10437"}],"version-history":[{"count":3,"href":"https:\/\/vereinigung-professioneller-kinderfotografen.de\/blog2\/wp-json\/wp\/v2\/posts\/10437\/revisions"}],"predecessor-version":[{"id":10458,"href":"https:\/\/vereinigung-professioneller-kinderfotografen.de\/blog2\/wp-json\/wp\/v2\/posts\/10437\/revisions\/10458"}],"wp:featuredmedia":[{"embeddable":true,"href":"https:\/\/vereinigung-professioneller-kinderfotografen.de\/blog2\/wp-json\/wp\/v2\/media\/10442"}],"wp:attachment":[{"href":"https:\/\/vereinigung-professioneller-kinderfotografen.de\/blog2\/wp-json\/wp\/v2\/media?parent=10437"}],"wp:term":[{"taxonomy":"category","embeddable":true,"href":"https:\/\/vereinigung-professioneller-kinderfotografen.de\/blog2\/wp-json\/wp\/v2\/categories?post=10437"},{"taxonomy":"post_tag","embeddable":true,"href":"https:\/\/vereinigung-professioneller-kinderfotografen.de\/blog2\/wp-json\/wp\/v2\/tags?post=10437"}],"curies":[{"name":"wp","href":"https:\/\/api.w.org\/{rel}","templated":true}]}}